{"id":77863,"date":"2016-01-29T10:14:30","date_gmt":"2016-01-29T13:14:30","guid":{"rendered":"http:\/\/aconteceunovale.com.br\/portal\/?p=77863"},"modified":"2016-01-29T10:14:30","modified_gmt":"2016-01-29T13:14:30","slug":"diamantina-informa-sobre-alteracoes-na-visitacao-turistica-dos-monumentos-e-na-realizacao-de-eventos-no-mercado-velho","status":"publish","type":"post","link":"https:\/\/aconteceunovale.com.br\/portal\/?p=77863","title":{"rendered":"Diamantina informa sobre altera\u00e7\u00f5es na visita\u00e7\u00e3o tur\u00edstica dos monumentos e na realiza\u00e7\u00e3o de eventos no Mercado Velho"},"content":{"rendered":"<p>A realiza\u00e7\u00e3o do tradicional Carnaval de Diamantina demanda do poder p\u00fablico municipal uma serie de a\u00e7\u00f5es, as quais objetivam regulamentar as festividades carnavalescas na cidade e garantir o bem-estar p\u00fablico.<\/p>\n<p>Uma destas a\u00e7\u00f5es est\u00e1 ligada \u00e0 prote\u00e7\u00e3o do patrim\u00f4nio hist\u00f3rico e art\u00edstico e teve in\u00edcio no Carnaval de 2015, quando foi implantada a prote\u00e7\u00e3o de alguns monumentos tombados, feita com tapumes revestidos com imagens de trabalhos realizados por alunos da rede municipal de ensino durante o Projeto Educar, o qual abordou t\u00f3picos sobre preserva\u00e7\u00e3o, conserva\u00e7\u00e3o e uso tur\u00edstico do patrim\u00f4nio material.<\/p>\n<p>A Catedral Metropolitana, a Igreja do Senhor do Bonfim, a Igreja de Nossa Senhora do Amparo e o Museu dos Diamantes ser\u00e3o novamente protegidos no Carnaval de 2016. Em virtude disso, a abertura para visita\u00e7\u00e3o tur\u00edstica em alguns desses monumentos sofrer\u00e1 altera\u00e7\u00f5es devido \u00e0 necessidade de instala\u00e7\u00e3o das estruturas onde ser\u00e3o fixados os tapumes, que neste ano apresentar\u00e3o os trabalhos do Projeto Educar de 2015, juntamente com imagens de atrativos tur\u00edsticos e eventos de Diamantina. A Igreja do Amparo est\u00e1 fechada para visita\u00e7\u00e3o tur\u00edstica desde o dia 26\/01 (ter\u00e7a-feira), j\u00e1 o museu do Diamante s\u00f3 ser\u00e1 fechado no dia 05\/01 (sexta-feira).<\/p>\n<p>Outra importante a\u00e7\u00e3o est\u00e1 ligada \u00e0 montagem das estruturas dos espa\u00e7os de folia. A Pra\u00e7a Bar\u00e3o de Guacu\u00ed, conhecida popularmente como Pra\u00e7a do Mercado Velho, \u00e9 o maior ponto de concentra\u00e7\u00e3o de foli\u00f5es da cidade e proporcionalmente demanda uma grande estrutura. A montagem de estruturas de shows, de seguran\u00e7a, de com\u00e9rcio e de banheiros deve ser finalizada antes do in\u00edcio da festa para que seja vistoriada pelo Corpo de Bombeiros. Por isso, os eventos permanentes realizados no Mercado Velho, a Sexta Nossa e a Feira de S\u00e1bado, n\u00e3o ocorrer\u00e3o no final de semana que antecede o Carnaval (29 e 30\/01); durante o Carnaval (05 e 06\/02) e tamb\u00e9m n\u00e3o h\u00e1 viabilidade para a realiza\u00e7\u00e3o dos eventos no final de semana posterior ao carnaval (12 e 13\/02), devido aos trabalhos de desmontagem das estruturas dos espa\u00e7os de folia.<\/p>\n<p>A abertura para visita\u00e7\u00e3o tur\u00edstica dos demais monumentos da cidade seguir\u00e1 sua rotina normal at\u00e9 o inicio oficial do Carnaval de 2016, que ser\u00e1 no dia 05\/01 (sexta-feira). A partir dessa data os visitantes s\u00e3o convidados a curtir as programa\u00e7\u00f5es da folia e a visitar os monumentos das \u00e1reas naturais.<\/p>\n<p><img decoding=\"async\" src=\"http:\/\/aconteceunovale.com.br\/portal\/wp-content\/uploads\/2016\/01\/monumentos_dtna.jpg\" alt=\"\" \/><em>Prote\u00e7\u00e3o do Patrim\u00f4nio na Igreja do Bonfim &#8211; Foto: Divulga\u00e7\u00e3o<\/em><br \/>\n<\/br><\/p>\n<p><em>(Fonte: SECTUR \/ Por Alberis Mafra)<\/em><\/p>\n","protected":false},"excerpt":{"rendered":"<p>A realiza\u00e7\u00e3o do tradicional Carnaval de Diamantina demanda do poder p\u00fablico municipal uma serie de a\u00e7\u00f5es, as quais objetivam regulamentar as festividades carnavalescas na cidade e garantir o bem-estar p\u00fablico. Uma destas a\u00e7\u00f5es est\u00e1 ligada \u00e0 prote\u00e7\u00e3o do patrim\u00f4nio hist\u00f3rico e art\u00edstico e teve in\u00edcio no Carnaval de 2015, quando foi implantada a prote\u00e7\u00e3o de [&hellip;]<\/p>\n","protected":false},"author":1,"featured_media":77864,"comment_status":"open","ping_status":"closed","sticky":false,"template":"","format":"standard","meta":{"amp_status":"","footnotes":""},"categories":[120],"tags":[75515,3026,67090,33551,75516,75514,75513,33552],"class_list":["post-77863","post","type-post","status-publish","format-standard","has-post-thumbnail","hentry","category-jequi","tag-carnaval-de-2016-em-diamantina","tag-carnaval-de-diamantina","tag-carnaval-de-diamantina-2016","tag-catedral-metropolitana","tag-diamantina-informa-sobre-alteracoes-na-visitacao-turistica-dos-monumentos-e-na-realizacao-de-eventos-no-mercado-velho","tag-igreja-de-nossa-senhora-do-amparo","tag-igreja-do-senhor-do-bonfim","tag-museu-dos-diamantes"],"_links":{"self":[{"href":"https:\/\/aconteceunovale.com.br\/portal\/index.php?rest_route=\/wp\/v2\/posts\/77863","targetHints":{"allow":["GET"]}}],"collection":[{"href":"https:\/\/aconteceunovale.com.br\/portal\/index.php?rest_route=\/wp\/v2\/posts"}],"about":[{"href":"https:\/\/aconteceunovale.com.br\/portal\/index.php?rest_route=\/wp\/v2\/types\/post"}],"author":[{"embeddable":true,"href":"https:\/\/aconteceunovale.com.br\/portal\/index.php?rest_route=\/wp\/v2\/users\/1"}],"replies":[{"embeddable":true,"href":"https:\/\/aconteceunovale.com.br\/portal\/index.php?rest_route=%2Fwp%2Fv2%2Fcomments&post=77863"}],"version-history":[{"count":0,"href":"https:\/\/aconteceunovale.com.br\/portal\/index.php?rest_route=\/wp\/v2\/posts\/77863\/revisions"}],"wp:featuredmedia":[{"embeddable":true,"href":"https:\/\/aconteceunovale.com.br\/portal\/index.php?rest_route=\/wp\/v2\/media\/77864"}],"wp:attachment":[{"href":"https:\/\/aconteceunovale.com.br\/portal\/index.php?rest_route=%2Fwp%2Fv2%2Fmedia&parent=77863"}],"wp:term":[{"taxonomy":"category","embeddable":true,"href":"https:\/\/aconteceunovale.com.br\/portal\/index.php?rest_route=%2Fwp%2Fv2%2Fcategories&post=77863"},{"taxonomy":"post_tag","embeddable":true,"href":"https:\/\/aconteceunovale.com.br\/portal\/index.php?rest_route=%2Fwp%2Fv2%2Ftags&post=77863"}],"curies":[{"name":"wp","href":"https:\/\/api.w.org\/{rel}","templated":true}]}}