{"id":77781,"date":"2016-01-28T09:48:05","date_gmt":"2016-01-28T12:48:05","guid":{"rendered":"http:\/\/aconteceunovale.com.br\/portal\/?p=77781"},"modified":"2016-01-28T09:48:05","modified_gmt":"2016-01-28T12:48:05","slug":"mais-duas-cidades-mineiras-decretam-situacao-de-emergencia-por-causa-da-chuva","status":"publish","type":"post","link":"https:\/\/aconteceunovale.com.br\/portal\/?p=77781","title":{"rendered":"Mais duas cidades mineiras decretam situa\u00e7\u00e3o de emerg\u00eancia por causa da chuva"},"content":{"rendered":"<p>A lista de cidades mineiras que decretaram situa\u00e7\u00e3o de emerg\u00eancia ou calamidade p\u00fablica por conta de estragos causados pela chuva aumentou mais uma vez. Nesta quarta-feira (27\/01), a Coordenadoria Estadual de Defesa Civil (Cedec) confirmou que Senador Jos\u00e9 Bento, no Sul de Minas, e Francisco S\u00e1, no Norte, entraram com os pedidos para conseguir aux\u00edlio financeiro, assim como outras seis cidades em 2016.<\/p>\n<p>Conforme o boletim da Defesa Civil de Minas Gerais, as cidades decretaram situa\u00e7\u00e3o de emerg\u00eancia por causa das chuvas intensas registradas nos dias 16 e 22 de janeiro. Em Francisco S\u00e1, o km 480 da BR-251 foi interditado depois de uma grave eros\u00e3o por baixo da pista em fun\u00e7\u00e3o do grande volume de \u00e1gua do rio S\u00e3o Domingos. <\/p>\n<p>Na ter\u00e7a-feira, a Defesa Civil confirmou a segunda morte em decorr\u00eancia da chuva no estado. A v\u00edtima \u00e9 Fl\u00e1vio Soares de Oliveira, que foi atingido por um raio quando caminhava com um grupo de pessoas na Serra do Rola-Mo\u00e7a, em 1\u00ba de janeiro. O laudo de necr\u00f3psia sobre a morte do rapaz foi entregue ao \u00f3rg\u00e3o na \u00faltima segunda-feira. <\/p>\n<p>Em Minas, j\u00e1 s\u00e3o 3.029 desalojados, 316 desabrigados e sete pessoas feridas. Mais de 1 mil resid\u00eancias foram danificadas. (Estado de Minas)<\/p>\n","protected":false},"excerpt":{"rendered":"<p>A lista de cidades mineiras que decretaram situa\u00e7\u00e3o de emerg\u00eancia ou calamidade p\u00fablica por conta de estragos causados pela chuva aumentou mais uma vez. Nesta quarta-feira (27\/01), a Coordenadoria Estadual de Defesa Civil (Cedec) confirmou que Senador Jos\u00e9 Bento, no Sul de Minas, e Francisco S\u00e1, no Norte, entraram com os pedidos para conseguir aux\u00edlio [&hellip;]<\/p>\n","protected":false},"author":1,"featured_media":77471,"comment_status":"open","ping_status":"closed","sticky":false,"template":"","format":"standard","meta":{"amp_status":"","footnotes":""},"categories":[123],"tags":[75379,75131,1395,75383,75378,75377,75380,1372,75382,42108,75381],"class_list":["post-77781","post","type-post","status-publish","format-standard","has-post-thumbnail","hentry","category-gerais","tag-cidades-mineiras-em-situacao-de-emergencia","tag-flavio-soares-de-oliveira","tag-francisco-sa","tag-francisco-sa-em-situacao-de-emergencia","tag-mais-duas-cidades-mineiras-decretam-situacao-de-emergencia-por-causa-da-chuva","tag-mais-duas-cidades-mineiras-entram-em-situacao-de-emergencia-por-causa-da-chuva","tag-senador-jose-bento","tag-situacao-de-emergencia","tag-situacao-de-emergencia-em-francisco-sa","tag-situacao-de-emergencia-em-minas-gerais","tag-situacao-de-emergencia-em-senador-jose-bento"],"_links":{"self":[{"href":"https:\/\/aconteceunovale.com.br\/portal\/index.php?rest_route=\/wp\/v2\/posts\/77781","targetHints":{"allow":["GET"]}}],"collection":[{"href":"https:\/\/aconteceunovale.com.br\/portal\/index.php?rest_route=\/wp\/v2\/posts"}],"about":[{"href":"https:\/\/aconteceunovale.com.br\/portal\/index.php?rest_route=\/wp\/v2\/types\/post"}],"author":[{"embeddable":true,"href":"https:\/\/aconteceunovale.com.br\/portal\/index.php?rest_route=\/wp\/v2\/users\/1"}],"replies":[{"embeddable":true,"href":"https:\/\/aconteceunovale.com.br\/portal\/index.php?rest_route=%2Fwp%2Fv2%2Fcomments&post=77781"}],"version-history":[{"count":0,"href":"https:\/\/aconteceunovale.com.br\/portal\/index.php?rest_route=\/wp\/v2\/posts\/77781\/revisions"}],"wp:featuredmedia":[{"embeddable":true,"href":"https:\/\/aconteceunovale.com.br\/portal\/index.php?rest_route=\/wp\/v2\/media\/77471"}],"wp:attachment":[{"href":"https:\/\/aconteceunovale.com.br\/portal\/index.php?rest_route=%2Fwp%2Fv2%2Fmedia&parent=77781"}],"wp:term":[{"taxonomy":"category","embeddable":true,"href":"https:\/\/aconteceunovale.com.br\/portal\/index.php?rest_route=%2Fwp%2Fv2%2Fcategories&post=77781"},{"taxonomy":"post_tag","embeddable":true,"href":"https:\/\/aconteceunovale.com.br\/portal\/index.php?rest_route=%2Fwp%2Fv2%2Ftags&post=77781"}],"curies":[{"name":"wp","href":"https:\/\/api.w.org\/{rel}","templated":true}]}}