{"id":77704,"date":"2016-01-27T20:33:10","date_gmt":"2016-01-27T23:33:10","guid":{"rendered":"http:\/\/aconteceunovale.com.br\/portal\/?p=77704"},"modified":"2016-01-27T20:33:10","modified_gmt":"2016-01-27T23:33:10","slug":"caminhao-boiadeiro-tomba-atinge-dois-carros-e-deixa-seis-feridos-na-br-135-no-norte-de-minas","status":"publish","type":"post","link":"https:\/\/aconteceunovale.com.br\/portal\/?p=77704","title":{"rendered":"Caminh\u00e3o boiadeiro tomba, atinge dois carros e deixa seis feridos na BR-135, no Norte de Minas"},"content":{"rendered":"<p>Seis pessoas ficaram feridas em um acidente envolvendo tr\u00eas ve\u00edculos na tarde desta quarta-feira (27\/01), na BR-135, na regi\u00e3o Norte de Minas. Um caminh\u00e3o que transportava bois seguia em dire\u00e7\u00e3o a Montes Claros, quando tombou e acabou atingindo uma caminhonete e um carro da Secretaria de Sa\u00fade de Bras\u00edlia de Minas, que seguiam no sentido contr\u00e1rio. Com o impacto, a caminhonete foi jogada para fora da pista e caiu em uma ribanceira. <\/p>\n<p>\u201cO motorista do caminh\u00e3o boiadeiro afirmou que, em uma curva, perdeu o controle da dire\u00e7\u00e3o e acabou invadindo a contram\u00e3o de dire\u00e7\u00e3o. Isso provocou o tombamento\u201d, explica o sargento da Pol\u00edcia Rodovi\u00e1ria Estadual, Davi Souza J\u00fanior.<\/p>\n<p>O motorista da caminhonete foi socorrido pelo Corpo de Bombeiros com suspeita de fratura no bra\u00e7o esquerdo. No carro da Secretaria de Sa\u00fade estavam cinco pessoas. Um homem que fazia tratamento m\u00e9dico em Montes Claros e retornava para Bras\u00edlia de Minas ficou gravemente ferido, segundo os bombeiros. Ele foi socorrido pelo Samu e encaminhado ao hospital Santa Casa.<\/p>\n<p>O condutor da carreta sofreu um pequeno corte na cabe\u00e7a, mas n\u00e3o precisou de atendimento m\u00e9dico.<\/p>\n<p>V\u00e1rios animais morreram no acidente. Motoristas que passavam pela rodovia ajudaram a retirar os bovinos que n\u00e3o se machucaram do caminh\u00e3o. Eles foram soltos em um pasto, \u00e0s margens da rodovia. A pista ficou interditada por cerca de duas horas.<\/p>\n<p><img decoding=\"async\" src=\"http:\/\/aconteceunovale.com.br\/portal\/wp-content\/uploads\/2016\/01\/acidente_bois_135_1.jpg\" alt=\"\" \/><em>Acidente aconteceu na BR-135, pr\u00f3ximo a Montes Claros &#8211; Foto: Valdivan Veloso \/ G1<\/em><br \/>\n<\/br><\/p>\n<p><img decoding=\"async\" src=\"http:\/\/aconteceunovale.com.br\/portal\/wp-content\/uploads\/2016\/01\/acidente_bois_135_2.jpg\" alt=\"\" \/><em>Acidente aconteceu na BR-135, pr\u00f3ximo a Montes Claros &#8211;  Foto: Moc News \/ Facebook<\/em><br \/>\n<\/br><\/p>\n<p><img decoding=\"async\" src=\"http:\/\/aconteceunovale.com.br\/portal\/wp-content\/uploads\/2016\/01\/acidente_bois_135_3.jpg\" alt=\"\" \/><em>Acidente aconteceu na BR-135, pr\u00f3ximo a Montes Claros &#8211;  Foto: Moc News \/ Facebook<\/em><br \/>\n<\/br><\/p>\n<p><img decoding=\"async\" src=\"http:\/\/aconteceunovale.com.br\/portal\/wp-content\/uploads\/2016\/01\/acidente_bois_135_4.jpg\" alt=\"\" \/><em>Acidente aconteceu na BR-135, pr\u00f3ximo a Montes Claros &#8211;  Foto: Moc News \/ Facebook<\/em><br \/>\n<\/br><\/p>\n<p><em>(Fonte: Inter TV Grande Minas \/ G1)<\/em><\/p>\n","protected":false},"excerpt":{"rendered":"<p>Seis pessoas ficaram feridas em um acidente envolvendo tr\u00eas ve\u00edculos na tarde desta quarta-feira (27\/01), na BR-135, na regi\u00e3o Norte de Minas. Um caminh\u00e3o que transportava bois seguia em dire\u00e7\u00e3o a Montes Claros, quando tombou e acabou atingindo uma caminhonete e um carro da Secretaria de Sa\u00fade de Bras\u00edlia de Minas, que seguiam no sentido [&hellip;]<\/p>\n","protected":false},"author":1,"featured_media":77707,"comment_status":"open","ping_status":"closed","sticky":false,"template":"","format":"standard","meta":{"amp_status":"","footnotes":""},"categories":[1236],"tags":[75279,75280,75282,75281,195,75278,75277,210],"class_list":["post-77704","post","type-post","status-publish","format-standard","has-post-thumbnail","hentry","category-norte_de_minas","tag-acidente-com-caminhao-boiadeiro-em-montes-claros","tag-acidente-com-caminhao-boiadeiro-na-br-135","tag-acidente-com-carro-da-secretaria-de-saude-de-brasilia-de-minas","tag-acidente-com-carro-de-brasilia-de-minas","tag-brasilia-de-minas","tag-caminhao-boiadeiro","tag-caminhao-boiadeiro-tomba-atinge-dois-carros-e-deixa-seis-feridos-na-br-135","tag-montes-claros"],"_links":{"self":[{"href":"https:\/\/aconteceunovale.com.br\/portal\/index.php?rest_route=\/wp\/v2\/posts\/77704","targetHints":{"allow":["GET"]}}],"collection":[{"href":"https:\/\/aconteceunovale.com.br\/portal\/index.php?rest_route=\/wp\/v2\/posts"}],"about":[{"href":"https:\/\/aconteceunovale.com.br\/portal\/index.php?rest_route=\/wp\/v2\/types\/post"}],"author":[{"embeddable":true,"href":"https:\/\/aconteceunovale.com.br\/portal\/index.php?rest_route=\/wp\/v2\/users\/1"}],"replies":[{"embeddable":true,"href":"https:\/\/aconteceunovale.com.br\/portal\/index.php?rest_route=%2Fwp%2Fv2%2Fcomments&post=77704"}],"version-history":[{"count":0,"href":"https:\/\/aconteceunovale.com.br\/portal\/index.php?rest_route=\/wp\/v2\/posts\/77704\/revisions"}],"wp:featuredmedia":[{"embeddable":true,"href":"https:\/\/aconteceunovale.com.br\/portal\/index.php?rest_route=\/wp\/v2\/media\/77707"}],"wp:attachment":[{"href":"https:\/\/aconteceunovale.com.br\/portal\/index.php?rest_route=%2Fwp%2Fv2%2Fmedia&parent=77704"}],"wp:term":[{"taxonomy":"category","embeddable":true,"href":"https:\/\/aconteceunovale.com.br\/portal\/index.php?rest_route=%2Fwp%2Fv2%2Fcategories&post=77704"},{"taxonomy":"post_tag","embeddable":true,"href":"https:\/\/aconteceunovale.com.br\/portal\/index.php?rest_route=%2Fwp%2Fv2%2Ftags&post=77704"}],"curies":[{"name":"wp","href":"https:\/\/api.w.org\/{rel}","templated":true}]}}