{"id":77697,"date":"2016-01-27T19:53:49","date_gmt":"2016-01-27T22:53:49","guid":{"rendered":"http:\/\/aconteceunovale.com.br\/portal\/?p=77697"},"modified":"2016-01-27T19:53:49","modified_gmt":"2016-01-27T22:53:49","slug":"preso-suspeito-de-homicidio-em-cachoeira-no-municipio-de-governador-valadares","status":"publish","type":"post","link":"https:\/\/aconteceunovale.com.br\/portal\/?p=77697","title":{"rendered":"Preso suspeito de homic\u00eddio em cachoeira no munic\u00edpio de Governador Valadares"},"content":{"rendered":"<p>A Pol\u00edcia Civil de Governador Valadares concedeu entrevista coletiva na tarde desta quarta-feira (27\/01) para anunciar a pris\u00e3o do jovem G.G.S.J, de 26 anos. Ele \u00e9 suspeito de matar Mauro Ant\u00f4nio de S\u00e1 Quint\u00e3o, de 53 anos, no fim do ano passado.<\/p>\n<p>Segundo o delegado Fl\u00e1vio Sfalcin, o homic\u00eddio ocorreu no dia 28 de dezembro em uma cachoeira no distrito de Santo Ant\u00f4nio do Porto, local de grande movimenta\u00e7\u00e3o aos fins de semana, como \u00e1rea de lazer. O jovem de 26 anos teria matado o dono do local por suspeitar que ele envenenou o cachorro dele.<\/p>\n<p>O delegado explica que o suspeito foi um dos primeiros a ser ouvido pela equipe de investiga\u00e7\u00e3o, mas o jovem teria dado uma outra vers\u00e3o. \u201cEle disse que estava pr\u00f3ximo \u00e0 v\u00edtima, quando um motoqueiro desconhecido teria se aproximado e disparado contra o homem, e depois teria atirado na dire\u00e7\u00e3o dele tamb\u00e9m\u201d, informou o delegado.<\/p>\n<p>No entanto, esta vers\u00e3o foi desmentida por duas testemunhas que presenciaram o homic\u00eddio, e confirmaram que o jovem de 26 anos teria matado a v\u00edtima pouco depois de terem discutido devido ao suposto envenenamento do cachorro. De acordo com o delegado Fl\u00e1vio Scfalcin, o autor j\u00e1 se encontrava armado com uma pistola calibre 38 quando foi para a cachoeira, mas n\u00e3o possu\u00eda porte de arma.<\/p>\n<p>Nessa ter\u00e7a-feira (26), a Pol\u00edcia Civil prendeu o suspeito, que continua a negar a autoria do crime. A Pol\u00edcia tamb\u00e9m cumpriu seis mandados de busca e apreens\u00e3o na casa de todos as pessoas que estavam no local na hora do crime. Na resid\u00eancia de um adolescente foram encontradas tr\u00eas muni\u00e7\u00f5es calibre 38. O menor disse para a pol\u00edcia que estava dentro da cachoeira no momento dos disparos, e, por medo, permaneceu na \u00e1gua cerca de 10 minutos. Ao sair do local, viu a v\u00edtima morta no ch\u00e3o e as tr\u00eas capsulas pr\u00f3ximas ao corpo, e as recolheu.<\/p>\n<p>Agora, a PC realizar\u00e1 exame de microbal\u00edstica para determinar se a muni\u00e7\u00e3o apreendida confere com a bala encontrada no corpo da v\u00edtima.<\/p>\n<p><img decoding=\"async\" src=\"http:\/\/aconteceunovale.com.br\/portal\/wp-content\/uploads\/2016\/01\/homicidio_gv.jpg\" alt=\"\" \/><em>Segundo a Pol\u00edcia, o suspeito (sem camisa) foi localizado em uma ilha no distrito de Santo Ant\u00f4nio do Porto. Eles chegaram ao local com aux\u00edlio de um barco &#8211; Foto: Divulga\u00e7\u00e3o \/ Pol\u00edcia Civil<\/em><br \/>\n<\/br><\/p>\n<p><em>(Fonte: Inter TV dos Vales \/ G1)<\/em><\/p>\n","protected":false},"excerpt":{"rendered":"<p>A Pol\u00edcia Civil de Governador Valadares concedeu entrevista coletiva na tarde desta quarta-feira (27\/01) para anunciar a pris\u00e3o do jovem G.G.S.J, de 26 anos. Ele \u00e9 suspeito de matar Mauro Ant\u00f4nio de S\u00e1 Quint\u00e3o, de 53 anos, no fim do ano passado. Segundo o delegado Fl\u00e1vio Sfalcin, o homic\u00eddio ocorreu no dia 28 de dezembro [&hellip;]<\/p>\n","protected":false},"author":1,"featured_media":0,"comment_status":"open","ping_status":"closed","sticky":false,"template":"","format":"standard","meta":{"amp_status":"","footnotes":""},"categories":[121],"tags":[247,75267,75266,75268,75269,48037,75270],"class_list":["post-77697","post","type-post","status-publish","format-standard","hentry","category-leste","tag-governador-valadares","tag-jovem-suspeito-de-homicidio-em-distrito-de-governador-valadares","tag-jovem-suspeito-de-homicidio-em-distrito-de-governador-valadares-e-preso-pela-policia-civil","tag-jovem-suspeito-de-homicidio-em-governador-valadares","tag-mauro-antonio-de-sa-quintao","tag-preso-em-governador-valadares","tag-preso-suspeito-de-homicidio-em-cachoeira-no-municipio-de-governador-valadares"],"_links":{"self":[{"href":"https:\/\/aconteceunovale.com.br\/portal\/index.php?rest_route=\/wp\/v2\/posts\/77697","targetHints":{"allow":["GET"]}}],"collection":[{"href":"https:\/\/aconteceunovale.com.br\/portal\/index.php?rest_route=\/wp\/v2\/posts"}],"about":[{"href":"https:\/\/aconteceunovale.com.br\/portal\/index.php?rest_route=\/wp\/v2\/types\/post"}],"author":[{"embeddable":true,"href":"https:\/\/aconteceunovale.com.br\/portal\/index.php?rest_route=\/wp\/v2\/users\/1"}],"replies":[{"embeddable":true,"href":"https:\/\/aconteceunovale.com.br\/portal\/index.php?rest_route=%2Fwp%2Fv2%2Fcomments&post=77697"}],"version-history":[{"count":0,"href":"https:\/\/aconteceunovale.com.br\/portal\/index.php?rest_route=\/wp\/v2\/posts\/77697\/revisions"}],"wp:attachment":[{"href":"https:\/\/aconteceunovale.com.br\/portal\/index.php?rest_route=%2Fwp%2Fv2%2Fmedia&parent=77697"}],"wp:term":[{"taxonomy":"category","embeddable":true,"href":"https:\/\/aconteceunovale.com.br\/portal\/index.php?rest_route=%2Fwp%2Fv2%2Fcategories&post=77697"},{"taxonomy":"post_tag","embeddable":true,"href":"https:\/\/aconteceunovale.com.br\/portal\/index.php?rest_route=%2Fwp%2Fv2%2Ftags&post=77697"}],"curies":[{"name":"wp","href":"https:\/\/api.w.org\/{rel}","templated":true}]}}