{"id":77695,"date":"2016-01-27T19:38:03","date_gmt":"2016-01-27T22:38:03","guid":{"rendered":"http:\/\/aconteceunovale.com.br\/portal\/?p=77695"},"modified":"2016-01-27T19:38:03","modified_gmt":"2016-01-27T22:38:03","slug":"policia-procura-bandidos-que-planejavam-incendiar-onibus-em-coronel-fabriciano","status":"publish","type":"post","link":"https:\/\/aconteceunovale.com.br\/portal\/?p=77695","title":{"rendered":"Pol\u00edcia procura bandidos que planejavam incendiar \u00f4nibus em Coronel Fabriciano"},"content":{"rendered":"<p>A Pol\u00edcia Militar (PM) de Coronel Fabriciano, na Regi\u00e3o Metropolitana do Vale do A\u00e7o, procura por bandidos que tentaram assaltar um \u00f4nibus coletivo na madrugada desta quarta-feira, 27 de janeiro, no Bairro Caladinho de Cima. Segundo den\u00fancias, os suspeitos estavam com um gal\u00e3o de combust\u00edvel e planejavam incendiar o ve\u00edculo.<\/p>\n<p>O motorista de 53 anos disse \u00e0 PM que parou o \u00f4nibus para um jovem. Ao entrar, o rapaz deu sinal para outros homens invadirem o coletivo. Eles estavam com toucas e m\u00e1scaras na cabe\u00e7a. <\/p>\n<p>Os criminosos mandaram os passageiros descerem, por\u00e9m o motorista aproveitou o momento de distra\u00e7\u00e3o deles e arrancou de forma brusca. Um dos homens se desequilibrou e quebrou o vidro lateral do \u00f4nibus. Uma passageira, de 60 anos, foi atingida com os estilha\u00e7os e cortou o bra\u00e7o, mas n\u00e3o precisou de atendimento m\u00e9dico. <\/p>\n<p>O grupo fugiu sentido ao Bairro Pedreira e ainda n\u00e3o foi localizado pela Pol\u00edcia. (G1)<\/p>\n","protected":false},"excerpt":{"rendered":"<p>A Pol\u00edcia Militar (PM) de Coronel Fabriciano, na Regi\u00e3o Metropolitana do Vale do A\u00e7o, procura por bandidos que tentaram assaltar um \u00f4nibus coletivo na madrugada desta quarta-feira, 27 de janeiro, no Bairro Caladinho de Cima. Segundo den\u00fancias, os suspeitos estavam com um gal\u00e3o de combust\u00edvel e planejavam incendiar o ve\u00edculo. O motorista de 53 anos [&hellip;]<\/p>\n","protected":false},"author":1,"featured_media":42404,"comment_status":"open","ping_status":"closed","sticky":false,"template":"","format":"standard","meta":{"amp_status":"","footnotes":""},"categories":[121],"tags":[75264,75262,1524,75261,75265,75263],"class_list":["post-77695","post","type-post","status-publish","format-standard","has-post-thumbnail","hentry","category-leste","tag-assalto-caladinho-de-cima-em-coronel-fabriciano","tag-assalto-coronel-fabriciano","tag-coronel-fabriciano","tag-policia-procura-bandidos-que-planejavam-incendiar-onibus-em-coronel-fabriciano","tag-roubo-caladinho-de-cima-em-coronel-fabriciano","tag-roubo-coronel-fabriciano"],"_links":{"self":[{"href":"https:\/\/aconteceunovale.com.br\/portal\/index.php?rest_route=\/wp\/v2\/posts\/77695","targetHints":{"allow":["GET"]}}],"collection":[{"href":"https:\/\/aconteceunovale.com.br\/portal\/index.php?rest_route=\/wp\/v2\/posts"}],"about":[{"href":"https:\/\/aconteceunovale.com.br\/portal\/index.php?rest_route=\/wp\/v2\/types\/post"}],"author":[{"embeddable":true,"href":"https:\/\/aconteceunovale.com.br\/portal\/index.php?rest_route=\/wp\/v2\/users\/1"}],"replies":[{"embeddable":true,"href":"https:\/\/aconteceunovale.com.br\/portal\/index.php?rest_route=%2Fwp%2Fv2%2Fcomments&post=77695"}],"version-history":[{"count":0,"href":"https:\/\/aconteceunovale.com.br\/portal\/index.php?rest_route=\/wp\/v2\/posts\/77695\/revisions"}],"wp:featuredmedia":[{"embeddable":true,"href":"https:\/\/aconteceunovale.com.br\/portal\/index.php?rest_route=\/wp\/v2\/media\/42404"}],"wp:attachment":[{"href":"https:\/\/aconteceunovale.com.br\/portal\/index.php?rest_route=%2Fwp%2Fv2%2Fmedia&parent=77695"}],"wp:term":[{"taxonomy":"category","embeddable":true,"href":"https:\/\/aconteceunovale.com.br\/portal\/index.php?rest_route=%2Fwp%2Fv2%2Fcategories&post=77695"},{"taxonomy":"post_tag","embeddable":true,"href":"https:\/\/aconteceunovale.com.br\/portal\/index.php?rest_route=%2Fwp%2Fv2%2Ftags&post=77695"}],"curies":[{"name":"wp","href":"https:\/\/api.w.org\/{rel}","templated":true}]}}