{"id":77675,"date":"2016-01-27T13:46:20","date_gmt":"2016-01-27T16:46:20","guid":{"rendered":"http:\/\/aconteceunovale.com.br\/portal\/?p=77675"},"modified":"2016-01-27T13:46:20","modified_gmt":"2016-01-27T16:46:20","slug":"operacao-brejo-das-almas-combate-trafico-de-drogas-em-montes-claros-e-francisco-sa","status":"publish","type":"post","link":"https:\/\/aconteceunovale.com.br\/portal\/?p=77675","title":{"rendered":"Opera\u00e7\u00e3o Brejo das Almas combate tr\u00e1fico de drogas em Montes Claros e Francisco S\u00e1"},"content":{"rendered":"<p>Deflagrada nesta quarta-feira, 27 de janeiro, uma opera\u00e7\u00e3o conjunta do Minist\u00e9rio P\u00fablico de Minas Gerais (MPMG) e Pol\u00edcia Militar do Estado de Minas Gerais (PMMG) para combate ao crime organizado ligado ao tr\u00e1fico de drogas nos munic\u00edpios de Francisco S\u00e1 e Montes Claros, no Norte do estado.<\/p>\n<p>Foram expedidos pela Justi\u00e7a 34 mandados de pris\u00e3o (preventiva e tempor\u00e1ria) e 17 mandados de busca e apreens\u00e3o para serem cumpridos nos dois munic\u00edpios. Vinte e oito pessoas est\u00e3o sendo investigadas. A opera\u00e7\u00e3o Brejo das Almas conta com a participa\u00e7\u00e3o de 87 policiais militares e 18 viaturas. Em apoio \u00e0 opera\u00e7\u00e3o, a Pol\u00edcia Civil disponibilizou um delegado e dois investigadores para prestar aux\u00edlio no munic\u00edpio de Francisco S\u00e1.<\/p>\n<p>Foram presas 29 pessoas (23 em cumprimento aos mandados, tr\u00eas por desacato, duas por porte de arma e uma por recepta\u00e7\u00e3o). Tamb\u00e9m foram apreendidas tr\u00eas armas de fogo, uma carabina de press\u00e3o, cinco celulares, 100 g de crack, 200 g de maconha e R$ 841 em dinheiro.<\/p>\n<p>Os investigados que presos em Francisco S\u00e1 ser\u00e3o levados para o pres\u00eddio de seguran\u00e7a m\u00e1xima localizado naquele munic\u00edpio. Em Montes Claros os presos ser\u00e3o levados para o pres\u00eddio regional.<\/p>\n<p>O trabalho investigativo e de intelig\u00eancia, que teve in\u00edcio h\u00e1 10 meses, foi desenvolvido em conjunto pela PMMG, Promotoria de Justi\u00e7a de Francisco S\u00e1 e  Grupo de Atua\u00e7\u00e3o Especial de Combate ao Crime Organizado (Gaeco) de Montes Claros.<\/p>\n<p>Durante as investiga\u00e7\u00f5es surgiram ind\u00edcios e provas da pr\u00e1tica, pelos investigados, dos delitos de associa\u00e7\u00e3o para o tr\u00e1fico e de tr\u00e1fico de drogas (inclusive com participa\u00e7\u00e3o de adolescentes), posse, porte e disparos de armas de fogo, tentativas de homic\u00eddio, corrup\u00e7\u00e3o de menores, coa\u00e7\u00e3o de testemunhas no curso do processo e associa\u00e7\u00e3o criminosa com intuito de praticar delitos de roubo.<\/p>\n<p>Os mandados de pris\u00e3o e de busca e apreens\u00e3o foram deferidos e expedidos pelo Ju\u00edzo da Comarca de Francisco S\u00e1, ap\u00f3s requerimento formulado pelo MPMG nos autos de Procedimentos Investigat\u00f3rios Criminais (PIC) instaurados pela Promotoria de Justi\u00e7a de Francisco S\u00e1.<\/p>\n<p><img decoding=\"async\" src=\"http:\/\/aconteceunovale.com.br\/portal\/wp-content\/uploads\/2016\/01\/brejo_das_almas_2.jpg\" alt=\"\" \/>Opera\u00e7\u00e3o Brejo das Almas combate tr\u00e1fico de drogas &#8211; Foto: Eventos Moc<br \/>\n<\/br><\/p>\n<p><img decoding=\"async\" src=\"http:\/\/aconteceunovale.com.br\/portal\/wp-content\/uploads\/2016\/01\/brejo_das_almas_1.jpg\" alt=\"\" \/>Opera\u00e7\u00e3o Brejo das Almas combate tr\u00e1fico de drogas &#8211; Foto: Eventos Moc<br \/>\n<\/br><\/p>\n<p><em>(Fonte: MPMG)<\/em><\/p>\n","protected":false},"excerpt":{"rendered":"<p>Deflagrada nesta quarta-feira, 27 de janeiro, uma opera\u00e7\u00e3o conjunta do Minist\u00e9rio P\u00fablico de Minas Gerais (MPMG) e Pol\u00edcia Militar do Estado de Minas Gerais (PMMG) para combate ao crime organizado ligado ao tr\u00e1fico de drogas nos munic\u00edpios de Francisco S\u00e1 e Montes Claros, no Norte do estado. Foram expedidos pela Justi\u00e7a 34 mandados de pris\u00e3o [&hellip;]<\/p>\n","protected":false},"author":1,"featured_media":77677,"comment_status":"open","ping_status":"closed","sticky":false,"template":"","format":"standard","meta":{"amp_status":"","footnotes":""},"categories":[1236],"tags":[1018,1395,210,75232,75235,75229,75230,75233,75234,75231,2549],"class_list":["post-77675","post","type-post","status-publish","format-standard","has-post-thumbnail","hentry","category-norte_de_minas","tag-destaque","tag-francisco-sa","tag-montes-claros","tag-operacao-brejo-das-almas","tag-operacao-brejo-das-almas-combate-trafico-de-drogas-em-montes-claros-e-francisco-sa","tag-operacao-francisco-sa","tag-operacao-montes-claros","tag-presos-na-operacao-brejo-das-almas","tag-resultado-da-operacao-brejo-das-almas","tag-trafico-de-drogas-em-francisco-sa","tag-trafico-de-drogas-em-montes-claros"],"_links":{"self":[{"href":"https:\/\/aconteceunovale.com.br\/portal\/index.php?rest_route=\/wp\/v2\/posts\/77675","targetHints":{"allow":["GET"]}}],"collection":[{"href":"https:\/\/aconteceunovale.com.br\/portal\/index.php?rest_route=\/wp\/v2\/posts"}],"about":[{"href":"https:\/\/aconteceunovale.com.br\/portal\/index.php?rest_route=\/wp\/v2\/types\/post"}],"author":[{"embeddable":true,"href":"https:\/\/aconteceunovale.com.br\/portal\/index.php?rest_route=\/wp\/v2\/users\/1"}],"replies":[{"embeddable":true,"href":"https:\/\/aconteceunovale.com.br\/portal\/index.php?rest_route=%2Fwp%2Fv2%2Fcomments&post=77675"}],"version-history":[{"count":0,"href":"https:\/\/aconteceunovale.com.br\/portal\/index.php?rest_route=\/wp\/v2\/posts\/77675\/revisions"}],"wp:featuredmedia":[{"embeddable":true,"href":"https:\/\/aconteceunovale.com.br\/portal\/index.php?rest_route=\/wp\/v2\/media\/77677"}],"wp:attachment":[{"href":"https:\/\/aconteceunovale.com.br\/portal\/index.php?rest_route=%2Fwp%2Fv2%2Fmedia&parent=77675"}],"wp:term":[{"taxonomy":"category","embeddable":true,"href":"https:\/\/aconteceunovale.com.br\/portal\/index.php?rest_route=%2Fwp%2Fv2%2Fcategories&post=77675"},{"taxonomy":"post_tag","embeddable":true,"href":"https:\/\/aconteceunovale.com.br\/portal\/index.php?rest_route=%2Fwp%2Fv2%2Ftags&post=77675"}],"curies":[{"name":"wp","href":"https:\/\/api.w.org\/{rel}","templated":true}]}}