{"id":77673,"date":"2016-01-27T07:27:00","date_gmt":"2016-01-27T10:27:00","guid":{"rendered":"http:\/\/aconteceunovale.com.br\/portal\/?p=77673"},"modified":"2016-01-27T07:27:00","modified_gmt":"2016-01-27T10:27:00","slug":"previsao-do-tempo-para-minas-gerais-nesta-quarta-feira-27-de-janeiro","status":"publish","type":"post","link":"https:\/\/aconteceunovale.com.br\/portal\/?p=77673","title":{"rendered":"Previs\u00e3o do tempo para Minas Gerais, nesta quarta-feira, 27 de janeiro"},"content":{"rendered":"<h4><strong><em>C\u00e9u nublado a parcialmente nublado, com pancadas de chuva na maior parte do estado. Na capital, temperatura m\u00e1xima chega a 31 graus.<\/em><\/strong><\/h4>\n<p>Nesta quarta-feira (27\/1), \u00e1reas de instabilidade atmosf\u00e9ricas provocam pancadas de chuva e trovoadas no Brasil central.<\/p>\n<p>Em Minas Gerais, o tempo deve ficar nublado, com pancadas de chuva e trovoadas isoladas no Norte, Noroeste, Centro, Sul e Tri\u00e2ngulo Mineiro.<\/p>\n<p>Nas outras regi\u00f5es do estado, o tempo deve ficar parcialmente nublado, com pancadas de chuva isoladas.<\/p>\n<p>Na Regi\u00e3o Metropolitana de Belo Horizonte, o tempo deve ficar nublado, com pancadas de chuva.<\/p>\n<p>Na capital mineira, mais um dia com tempo nublado e ocorr\u00eancia de chuvas t\u00edpicas da esta\u00e7\u00e3o do ver\u00e3o. A temperatura deve variar entre 19\u00b0C e 31\u00b0C, com umidade do ar m\u00ednima \u00e0 tarde em torno dos 55%.<\/p>\n","protected":false},"excerpt":{"rendered":"<p>C\u00e9u nublado a parcialmente nublado, com pancadas de chuva na maior parte do estado. Na capital, temperatura m\u00e1xima chega a 31 graus. Nesta quarta-feira (27\/1), \u00e1reas de instabilidade atmosf\u00e9ricas provocam pancadas de chuva e trovoadas no Brasil central. Em Minas Gerais, o tempo deve ficar nublado, com pancadas de chuva e trovoadas isoladas no Norte, [&hellip;]<\/p>\n","protected":false},"author":1,"featured_media":51728,"comment_status":"open","ping_status":"closed","sticky":false,"template":"","format":"standard","meta":{"amp_status":"","footnotes":""},"categories":[123],"tags":[75225,47774,1956,1839,75227,29094,75226,75228],"class_list":["post-77673","post","type-post","status-publish","format-standard","has-post-thumbnail","hentry","category-gerais","tag-27-de-janeiro","tag-nesta-quarta-feira","tag-previsao-do-tempo","tag-previsao-do-tempo-para-minas-gerais","tag-previsao-do-tempo-para-minas-gerais-27-de-janeiro","tag-previsao-do-tempo-para-minas-gerais-nesta-quarta-feira","tag-previsao-do-tempo-para-minas-gerais-nesta-quarta-feira-27-de-janeiro","tag-quarta-feira-27-de-janeiro"],"_links":{"self":[{"href":"https:\/\/aconteceunovale.com.br\/portal\/index.php?rest_route=\/wp\/v2\/posts\/77673","targetHints":{"allow":["GET"]}}],"collection":[{"href":"https:\/\/aconteceunovale.com.br\/portal\/index.php?rest_route=\/wp\/v2\/posts"}],"about":[{"href":"https:\/\/aconteceunovale.com.br\/portal\/index.php?rest_route=\/wp\/v2\/types\/post"}],"author":[{"embeddable":true,"href":"https:\/\/aconteceunovale.com.br\/portal\/index.php?rest_route=\/wp\/v2\/users\/1"}],"replies":[{"embeddable":true,"href":"https:\/\/aconteceunovale.com.br\/portal\/index.php?rest_route=%2Fwp%2Fv2%2Fcomments&post=77673"}],"version-history":[{"count":0,"href":"https:\/\/aconteceunovale.com.br\/portal\/index.php?rest_route=\/wp\/v2\/posts\/77673\/revisions"}],"wp:featuredmedia":[{"embeddable":true,"href":"https:\/\/aconteceunovale.com.br\/portal\/index.php?rest_route=\/wp\/v2\/media\/51728"}],"wp:attachment":[{"href":"https:\/\/aconteceunovale.com.br\/portal\/index.php?rest_route=%2Fwp%2Fv2%2Fmedia&parent=77673"}],"wp:term":[{"taxonomy":"category","embeddable":true,"href":"https:\/\/aconteceunovale.com.br\/portal\/index.php?rest_route=%2Fwp%2Fv2%2Fcategories&post=77673"},{"taxonomy":"post_tag","embeddable":true,"href":"https:\/\/aconteceunovale.com.br\/portal\/index.php?rest_route=%2Fwp%2Fv2%2Ftags&post=77673"}],"curies":[{"name":"wp","href":"https:\/\/api.w.org\/{rel}","templated":true}]}}