{"id":77469,"date":"2016-01-24T17:16:33","date_gmt":"2016-01-24T20:16:33","guid":{"rendered":"http:\/\/aconteceunovale.com.br\/portal\/?p=77469"},"modified":"2016-01-24T19:12:02","modified_gmt":"2016-01-24T22:12:02","slug":"cratera-interdita-a-br-251-no-norte-de-minas","status":"publish","type":"post","link":"https:\/\/aconteceunovale.com.br\/portal\/?p=77469","title":{"rendered":"Cratera interdita a BR-251, no Norte de Minas"},"content":{"rendered":"<p>A BR-251 segue interditada no Km 480, no munic\u00edpio de Francisco S\u00e1, no Norte de Minas, depois de uma grande eros\u00e3o se for formou por baixo da pista em fun\u00e7\u00e3o do grande volume de chuva na regi\u00e3o. A interdi\u00e7\u00e3o ocorreu na noite de s\u00e1bado (23\/01) e segundo a Pol\u00edcia Rodovi\u00e1ria Federal (PRF) deve durar 15 dias. Segundo a PRF, autom\u00f3veis e \u00f4nibus podem fazer um desvio por dentro do munic\u00edpio. J\u00e1 os ve\u00edculos de carga devem fazer altera\u00e7\u00e3o na rota desde Belo Horizonte.<\/p>\n<p>A indica\u00e7\u00e3o \u00e9 que sigam pela BR-381, na sa\u00edda para Vit\u00f3ria, e acessem a BR-116, passando por Governador Valadares e Te\u00f3filo Otoni. Os motoristas de ve\u00edculos pesados, que j\u00e1 tiverem passado por BH ou j\u00e1 est\u00e3o na BR-251, t\u00eam a op\u00e7\u00e3o de fazer um desvio de 100 km, acessando a MG-122, sentido MG\/BA, no Km 504, 19 km depois de Montes Claros, sentido Jana\u00faba. Essa rota passa por Riacho de Machados e s\u00f3 \u00e9 poss\u00edvel retornar \u00e0 BR-251 no km 425, seguindo em dire\u00e7\u00e3o a Salinas.<\/p>\n<p>As chuvas no Norte de Minas provocaram outros problemas neste domingo. O tr\u00e1fego pela MG-122 ficou interrompido durante seis horas entre o entroncamento da BR-251 e o munic\u00edpio de Jana\u00faba, formando um congestionamento de 20 Km. Uma enchente no Rio Quem-Quem fez a \u00e1gua passar por cima da estrada. Uma pista foi liberada pr\u00f3ximo ao munic\u00edpio de Capit\u00e3o En\u00e9as. Em outro trecho de uma estrada vicinal que liga Capit\u00e3o En\u00e9as ao distrito de S\u00e3o Pedro da Gar\u00e7a, em Montes Claros, o tr\u00e2nsito tamb\u00e9m foi interrompido porque a ponte sobre o rio Verde Grande foi levada pela enchente. O trecho serve como acesso secund\u00e1rio a Montes Claros. <\/p>\n<p>No distrito de Barreiro da Raiz, no munic\u00edpio de Jana\u00faba, o rio Gorutuba transbordou e levou dois carros. Os motoristas pararam para ver a dimens\u00e3o da enchente quando tiveram os ve\u00edculos afetados. N\u00e3o h\u00e1 v\u00edtimas. Com a enchente, a barragem do Bico da Pedra, no mesmo manancial, atingiu 25% de sua capacidade, sendo que no final de 2015 ela estava com apenas 15%.  <\/p>\n<p><img decoding=\"async\" src=\"http:\/\/aconteceunovale.com.br\/portal\/wp-content\/uploads\/2016\/01\/cratera_251_1.jpg\" alt=\"\" \/><em>Cratera interdita a BR-251, no Norte de Minas &#8211; Foto: Divulga\u00e7\u00e3o \/ PRF<\/em><br \/>\n<\/br><\/p>\n<p><img decoding=\"async\" src=\"http:\/\/aconteceunovale.com.br\/portal\/wp-content\/uploads\/2016\/01\/cratera_251_2.jpg\" alt=\"\" \/><em>Cratera interdita a BR-251, no Norte de Minas &#8211; Foto: Divulga\u00e7\u00e3o \/ PRF<\/em><br \/>\n<\/br><\/p>\n<p><img decoding=\"async\" src=\"http:\/\/aconteceunovale.com.br\/portal\/wp-content\/uploads\/2016\/01\/cratera_251_3.jpg\" alt=\"\" \/><em>Cratera interdita a BR-251, no Norte de Minas &#8211; Foto: Divulga\u00e7\u00e3o \/ PRF<\/em><br \/>\n<\/br><\/p>\n<p><em>(Fonte: Estado de Minas)<\/em><\/p>\n","protected":false},"excerpt":{"rendered":"<p>A BR-251 segue interditada no Km 480, no munic\u00edpio de Francisco S\u00e1, no Norte de Minas, depois de uma grande eros\u00e3o se for formou por baixo da pista em fun\u00e7\u00e3o do grande volume de chuva na regi\u00e3o. A interdi\u00e7\u00e3o ocorreu na noite de s\u00e1bado (23\/01) e segundo a Pol\u00edcia Rodovi\u00e1ria Federal (PRF) deve durar 15 [&hellip;]<\/p>\n","protected":false},"author":1,"featured_media":77470,"comment_status":"open","ping_status":"closed","sticky":false,"template":"","format":"standard","meta":{"amp_status":"","footnotes":""},"categories":[1236],"tags":[74881,921,74887,74878,74880,74883,74879,74882,37186,33228,74886,74884,74885],"class_list":["post-77469","post","type-post","status-publish","format-standard","has-post-thumbnail","hentry","category-norte_de_minas","tag-bloqueio-na-br-251","tag-br-251","tag-cratera-interdita-a-br-251","tag-cratera-interrompe-trafego-na-br-251","tag-cratera-na-br-251","tag-desvio-br-251","tag-erosao-na-br-251","tag-fechamento-da-br-251","tag-interdicao-da-br-251","tag-no-norte-de-minas","tag-opcoes-desvio-br-251","tag-trafego-na-br-251","tag-transito-na-br-251"],"_links":{"self":[{"href":"https:\/\/aconteceunovale.com.br\/portal\/index.php?rest_route=\/wp\/v2\/posts\/77469","targetHints":{"allow":["GET"]}}],"collection":[{"href":"https:\/\/aconteceunovale.com.br\/portal\/index.php?rest_route=\/wp\/v2\/posts"}],"about":[{"href":"https:\/\/aconteceunovale.com.br\/portal\/index.php?rest_route=\/wp\/v2\/types\/post"}],"author":[{"embeddable":true,"href":"https:\/\/aconteceunovale.com.br\/portal\/index.php?rest_route=\/wp\/v2\/users\/1"}],"replies":[{"embeddable":true,"href":"https:\/\/aconteceunovale.com.br\/portal\/index.php?rest_route=%2Fwp%2Fv2%2Fcomments&post=77469"}],"version-history":[{"count":0,"href":"https:\/\/aconteceunovale.com.br\/portal\/index.php?rest_route=\/wp\/v2\/posts\/77469\/revisions"}],"wp:featuredmedia":[{"embeddable":true,"href":"https:\/\/aconteceunovale.com.br\/portal\/index.php?rest_route=\/wp\/v2\/media\/77470"}],"wp:attachment":[{"href":"https:\/\/aconteceunovale.com.br\/portal\/index.php?rest_route=%2Fwp%2Fv2%2Fmedia&parent=77469"}],"wp:term":[{"taxonomy":"category","embeddable":true,"href":"https:\/\/aconteceunovale.com.br\/portal\/index.php?rest_route=%2Fwp%2Fv2%2Fcategories&post=77469"},{"taxonomy":"post_tag","embeddable":true,"href":"https:\/\/aconteceunovale.com.br\/portal\/index.php?rest_route=%2Fwp%2Fv2%2Ftags&post=77469"}],"curies":[{"name":"wp","href":"https:\/\/api.w.org\/{rel}","templated":true}]}}