{"id":77340,"date":"2016-01-22T18:44:20","date_gmt":"2016-01-22T21:44:20","guid":{"rendered":"http:\/\/aconteceunovale.com.br\/portal\/?p=77340"},"modified":"2016-01-22T18:47:06","modified_gmt":"2016-01-22T21:47:06","slug":"chuvas-de-janeiro-em-montes-claros-ja-representam-mais-de-70-do-volume-registrado-em-2015","status":"publish","type":"post","link":"https:\/\/aconteceunovale.com.br\/portal\/?p=77340","title":{"rendered":"Chuvas de janeiro em Montes Claros j\u00e1 representam mais de 70% do volume registrado em 2015"},"content":{"rendered":"<p>Na maior cidade do Norte de Minas j\u00e1 choveu 408,4 mil\u00edmetros no m\u00eas de janeiro, o que representa 71% do volume registrado em todo ano de 2015 (572,1mm). Na noite de quarta-feira (20\/01) foram 85,3 mm, segundo o Inmet. A m\u00e9dia hist\u00f3rica registrada em Montes Claros, nos \u00faltimos 30 anos, \u00e9 de 230 mm no m\u00eas de janeiro, sendo que no mesmo m\u00eas em 2015 n\u00e3o houve registro de chuvas.<\/p>\n<p>Segundo a Defesa Civil, 1300 fam\u00edlias vivem em 17 \u00e1reas de risco. Uma for\u00e7a-tarefa foi formada entre o Corpo de Bombeiros, Prefeitura de Montes Claros e Cemig, e est\u00e1 sendo utilizado o Sistema de Comando em Opera\u00e7\u00f5es (SCO) e reuni\u00f5es di\u00e1rias s\u00e3o realizadas no quartel do 7\u00ba BBM para tra\u00e7ar os Planos de A\u00e7\u00e3o, segundo os bombeiros.<\/p>\n<p>Nesta semana, a prefeitura anunciou que as fam\u00edlias estiverem cadastradas no Programa Minha Casa, Minha Vida e viverem em \u00e1reas de risco, por medida emergencial, ser\u00e3o encaminhadas para um local seguro. As fam\u00edlias que se negarem a deixar as resid\u00eancias condenadas ser\u00e3o desligadas do programa.<\/p>\n<p><img decoding=\"async\" src=\"http:\/\/aconteceunovale.com.br\/portal\/wp-content\/uploads\/2016\/01\/barragem_juramento.jpg\" alt=\"\" \/><em>Barragem de Juramento j\u00e1 subiu mais 3 metros e meio \u2013 Foto: Eventos MOC<\/em><br \/>\n<\/br><\/p>\n<p><strong>Chuva em Montalv\u00e2nia<\/strong><\/p>\n<p>Em Montalv\u00e2nia, tamb\u00e9m no Norte de Minas, a chuva que caiu nos \u00faltimos dias deixou 40 pessoas desabrigadas, segundo a prefeitura. Por causa do temporal que come\u00e7ou na noite de ter\u00e7a-feira (19\/01), o Rio Cocha transbordou e invadiu casas pr\u00f3ximas ao afluente. As fam\u00edlias que moram no local tiveram que sair das resid\u00eancias e se abrigarem em casas de parentes e conhecidos.<\/p>\n<p>Segundo o prefeito da cidade Jord\u00e3o Medrado, as fam\u00edlias que vivem em locais de risco est\u00e3o sendo retiradas das moradias. \u201cN\u00f3s alugamos casas para as fam\u00edlias que n\u00e3o tinham para onde ir. Elas v\u00e3o permanecer nelas at\u00e9 haver condi\u00e7\u00f5es de voltar para suas casas\u201d.<\/p>\n<p>Outro problema foi detectado nas estradas vicinais da regi\u00e3o, que ficaram intransit\u00e1veis por causa da \u00e1gua e lama. Quatro clubes da cidade foram inundados pela \u00e1gua. Foram registradas duas quedas de \u00e1rvores na zona rural do munic\u00edpio.<\/p>\n<p>Jord\u00e3o Medrado ressaltou que se continuar chovendo, vai ser preciso recorrer ao governo. \u201cO volume de chuva foi bem maior que a expectativa. Se a chuva continuar, teremos que pedir ajuda\u201d, conclui.<\/p>\n<p><img decoding=\"async\" src=\"http:\/\/aconteceunovale.com.br\/portal\/wp-content\/uploads\/2016\/01\/chuva_montalvania.jpg\" alt=\"\" \/><em>Rio Coch\u00e1 transbordou em Montalv\u00e2nia (Foto: Luiz Carlos \/ Arquivo Pessoal)<\/em><br \/>\n<\/br><\/p>\n<p><em>(Fonte: Inter TV Grande Minas \/ G1)<\/em><\/p>\n","protected":false},"excerpt":{"rendered":"<p>Na maior cidade do Norte de Minas j\u00e1 choveu 408,4 mil\u00edmetros no m\u00eas de janeiro, o que representa 71% do volume registrado em todo ano de 2015 (572,1mm). Na noite de quarta-feira (20\/01) foram 85,3 mm, segundo o Inmet. A m\u00e9dia hist\u00f3rica registrada em Montes Claros, nos \u00faltimos 30 anos, \u00e9 de 230 mm no [&hellip;]<\/p>\n","protected":false},"author":1,"featured_media":77343,"comment_status":"open","ping_status":"closed","sticky":false,"template":"","format":"standard","meta":{"amp_status":"","footnotes":""},"categories":[1236],"tags":[74757,20795,74759,42082,74753,74752,74755,1709,210,74754,74758,74756],"class_list":["post-77340","post","type-post","status-publish","format-standard","has-post-thumbnail","hentry","category-norte_de_minas","tag-chuva-em-montalvania","tag-chuva-em-montes-claros","tag-chuva-montalvania","tag-chuva-montes-claros","tag-chuvas-de-janeiro-em-montes-claros","tag-chuvas-de-janeiro-em-montes-claros-ja-representam-mais-de-70-do-volume-registrado-em-2015","tag-grande-volume-de-chuva-em-montes-claros","tag-montalvania","tag-montes-claros","tag-recorde-de-chuva-em-montes-claros","tag-rio-cocha-transbordou-em-montalvania","tag-volume-de-chuva-montes-claros"],"_links":{"self":[{"href":"https:\/\/aconteceunovale.com.br\/portal\/index.php?rest_route=\/wp\/v2\/posts\/77340","targetHints":{"allow":["GET"]}}],"collection":[{"href":"https:\/\/aconteceunovale.com.br\/portal\/index.php?rest_route=\/wp\/v2\/posts"}],"about":[{"href":"https:\/\/aconteceunovale.com.br\/portal\/index.php?rest_route=\/wp\/v2\/types\/post"}],"author":[{"embeddable":true,"href":"https:\/\/aconteceunovale.com.br\/portal\/index.php?rest_route=\/wp\/v2\/users\/1"}],"replies":[{"embeddable":true,"href":"https:\/\/aconteceunovale.com.br\/portal\/index.php?rest_route=%2Fwp%2Fv2%2Fcomments&post=77340"}],"version-history":[{"count":0,"href":"https:\/\/aconteceunovale.com.br\/portal\/index.php?rest_route=\/wp\/v2\/posts\/77340\/revisions"}],"wp:featuredmedia":[{"embeddable":true,"href":"https:\/\/aconteceunovale.com.br\/portal\/index.php?rest_route=\/wp\/v2\/media\/77343"}],"wp:attachment":[{"href":"https:\/\/aconteceunovale.com.br\/portal\/index.php?rest_route=%2Fwp%2Fv2%2Fmedia&parent=77340"}],"wp:term":[{"taxonomy":"category","embeddable":true,"href":"https:\/\/aconteceunovale.com.br\/portal\/index.php?rest_route=%2Fwp%2Fv2%2Fcategories&post=77340"},{"taxonomy":"post_tag","embeddable":true,"href":"https:\/\/aconteceunovale.com.br\/portal\/index.php?rest_route=%2Fwp%2Fv2%2Ftags&post=77340"}],"curies":[{"name":"wp","href":"https:\/\/api.w.org\/{rel}","templated":true}]}}