{"id":77334,"date":"2016-01-22T18:12:06","date_gmt":"2016-01-22T21:12:06","guid":{"rendered":"http:\/\/aconteceunovale.com.br\/portal\/?p=77334"},"modified":"2016-01-22T18:12:06","modified_gmt":"2016-01-22T21:12:06","slug":"samarco-para-de-distribuir-agua-e-moradores-protestam-em-governador-valadares","status":"publish","type":"post","link":"https:\/\/aconteceunovale.com.br\/portal\/?p=77334","title":{"rendered":"Samarco para de distribuir \u00e1gua e moradores protestam em Governador Valadares"},"content":{"rendered":"<p>Moradores do Residencial Vit\u00f3ria bloquearam parte da BR-381 na tarde desta sexta-feira, 22 de janeiro, em protesto contra a decis\u00e3o da Samarco de interromper a distribui\u00e7\u00e3o de \u00e1gua mineral em Governador Valadares. Os manifestantes interromperam o tr\u00e2nsito no Anel Rodovi\u00e1rio, em uma das sa\u00eddas para Ipatinga.<\/p>\n<p>Desde novembro, dias ap\u00f3s a trag\u00e9dia do rompimento da barragem de Fund\u00e3o, em Mariana, uma liminar obrigava a empresa a distribuir \u00e1gua na cidade, que foi afetada pela lama de rejeitos de min\u00e9rio. Contudo, a decis\u00e3o judicial foi suspensa, neste m\u00eas.<\/p>\n<p>Por meio de nota, a mineradora informou que &#8220;a distribui\u00e7\u00e3o de \u00e1gua mineral em Governador Valadares atendia a uma liminar judicial que, desde o dia 17 de novembro, determinava a distribui\u00e7\u00e3o de 553.900 litros de \u00e1gua di\u00e1rios no munic\u00edpio. A log\u00edstica dessa distribui\u00e7\u00e3o era realizada por empregados da pr\u00f3pria empresa, contratadas e tamb\u00e9m contava com o apoio de volunt\u00e1rios das associa\u00e7\u00f5es comunit\u00e1rias e lideran\u00e7as de bairro, juntamente com a COCAMB (Conselho Comunit\u00e1rio das Associa\u00e7\u00f5es de Moradores de Bairros). Desde o dia 11 de janeiro, a liminar foi suspensa e, assim, a Samarco deixou de ser obrigada a distribuir \u00e1gua mineral em Valadares. Foram distribu\u00eddos 74 milh\u00f5es de litros de \u00e1gua pot\u00e1vel e 30 milh\u00f5es de litros de \u00e1gua mineral \u00e0 popula\u00e7\u00e3o do munic\u00edpio desde o in\u00edcio do processo. Em Comit\u00ea, formado pela Defesa Civil, Pol\u00edcia Militar, Corpo de Bombeiros, Minist\u00e9rio P\u00fablico Estadual, Prefeitura e Vale, a Samarco apresentou o resultado de an\u00e1lises da \u00e1gua tratada em Valadares, realizadas por diferentes laborat\u00f3rios cumprindo determina\u00e7\u00e3o judicial. As amostras foram coletadas sob fiscaliza\u00e7\u00e3o de um oficial da Justi\u00e7a Federal e as an\u00e1lises mostram que a \u00e1gua est\u00e1 dentro dos padr\u00f5es de potabilidade estabelecidos pelo Minist\u00e9rio da Sa\u00fade. Diante destes resultados positivos, a distribui\u00e7\u00e3o de \u00e1gua mineral ser\u00e1 encerrada no dia 22 de janeiro&#8221;, justificou.<\/p>\n<p>Ainda, de acordo com a mineradora, o tratamento de \u00e1gua em Governador Valadares foi restabelecido em 15 de novembro de 2015 e a \u00e1gua do Sistema Aut\u00f4nomo de \u00c1gua e Esgoto (SAAE) fornecida \u00e0 popula\u00e7\u00e3o no munic\u00edpio est\u00e1 dentro dos padr\u00f5es de potabilidade definidos pela Portaria 2.914 de 2011, do Minist\u00e9rio da Sa\u00fade. <\/p>\n<p><img decoding=\"async\" src=\"http:\/\/aconteceunovale.com.br\/portal\/wp-content\/uploads\/2016\/01\/manifesto_gv.jpg\" alt=\"\" \/><em>Moradores do Residencial Vit\u00f3ria bloquearam parte da BR-381 em protesto contra a decis\u00e3o da Samarco de interromper a distribui\u00e7\u00e3o de \u00e1gua mineral (Foto: Zana Ferreira \/ G1)<\/em><br \/>\n<\/br><\/p>\n<p><em>(Fonte: Inter TV dos Vales \/ O Tempo)<\/em><\/p>\n","protected":false},"excerpt":{"rendered":"<p>Moradores do Residencial Vit\u00f3ria bloquearam parte da BR-381 na tarde desta sexta-feira, 22 de janeiro, em protesto contra a decis\u00e3o da Samarco de interromper a distribui\u00e7\u00e3o de \u00e1gua mineral em Governador Valadares. Os manifestantes interromperam o tr\u00e2nsito no Anel Rodovi\u00e1rio, em uma das sa\u00eddas para Ipatinga. Desde novembro, dias ap\u00f3s a trag\u00e9dia do rompimento da [&hellip;]<\/p>\n","protected":false},"author":1,"featured_media":77335,"comment_status":"open","ping_status":"closed","sticky":false,"template":"","format":"standard","meta":{"amp_status":"","footnotes":""},"categories":[121],"tags":[66150,66445,247,74743,74742,73107,32642,74744],"class_list":["post-77334","post","type-post","status-publish","format-standard","has-post-thumbnail","hentry","category-leste","tag-distribuicao-de-agua-em-governador-valadares","tag-distribuicao-de-agua-mineral-em-governador-valadares","tag-governador-valadares","tag-manifestacao-em-governador-valadares","tag-manifestantes-fecham-a-br-381-em-governador-valadares","tag-protesto-governador-valadares","tag-samarco","tag-samarco-para-de-distribuir-agua-e-moradores-protestam-em-governador-valadares"],"_links":{"self":[{"href":"https:\/\/aconteceunovale.com.br\/portal\/index.php?rest_route=\/wp\/v2\/posts\/77334","targetHints":{"allow":["GET"]}}],"collection":[{"href":"https:\/\/aconteceunovale.com.br\/portal\/index.php?rest_route=\/wp\/v2\/posts"}],"about":[{"href":"https:\/\/aconteceunovale.com.br\/portal\/index.php?rest_route=\/wp\/v2\/types\/post"}],"author":[{"embeddable":true,"href":"https:\/\/aconteceunovale.com.br\/portal\/index.php?rest_route=\/wp\/v2\/users\/1"}],"replies":[{"embeddable":true,"href":"https:\/\/aconteceunovale.com.br\/portal\/index.php?rest_route=%2Fwp%2Fv2%2Fcomments&post=77334"}],"version-history":[{"count":0,"href":"https:\/\/aconteceunovale.com.br\/portal\/index.php?rest_route=\/wp\/v2\/posts\/77334\/revisions"}],"wp:featuredmedia":[{"embeddable":true,"href":"https:\/\/aconteceunovale.com.br\/portal\/index.php?rest_route=\/wp\/v2\/media\/77335"}],"wp:attachment":[{"href":"https:\/\/aconteceunovale.com.br\/portal\/index.php?rest_route=%2Fwp%2Fv2%2Fmedia&parent=77334"}],"wp:term":[{"taxonomy":"category","embeddable":true,"href":"https:\/\/aconteceunovale.com.br\/portal\/index.php?rest_route=%2Fwp%2Fv2%2Fcategories&post=77334"},{"taxonomy":"post_tag","embeddable":true,"href":"https:\/\/aconteceunovale.com.br\/portal\/index.php?rest_route=%2Fwp%2Fv2%2Ftags&post=77334"}],"curies":[{"name":"wp","href":"https:\/\/api.w.org\/{rel}","templated":true}]}}