{"id":77331,"date":"2016-01-22T17:54:39","date_gmt":"2016-01-22T20:54:39","guid":{"rendered":"http:\/\/aconteceunovale.com.br\/portal\/?p=77331"},"modified":"2016-01-22T17:54:39","modified_gmt":"2016-01-22T20:54:39","slug":"muro-cede-durante-chuva-e-cai-em-cima-de-casa-em-montes-claros","status":"publish","type":"post","link":"https:\/\/aconteceunovale.com.br\/portal\/?p=77331","title":{"rendered":"Muro cede durante chuva e cai em cima de casa em Montes Claros"},"content":{"rendered":"<p>Um muro de arrimo caiu em cima de uma casa na madrugada desta sexta-feira (22\/01), na Vila S\u00e3o Francisco de Assis, em Montes Claros (MG). Cinco pessoas dormiam no im\u00f3vel quando houve o desmoronamento. Um morador machucou o bra\u00e7o e sofreu um ferimento na testa, mas n\u00e3o precisou de atendimento m\u00e9dico.<\/p>\n<p>O Corpo de Bombeiros foi acionado e condenou o im\u00f3vel. A fam\u00edlia teve que deixar o local. Moradores da casa vizinha tamb\u00e9m ter\u00e3o que sair por quest\u00e3o de seguran\u00e7a, pelo menos at\u00e9 o fim do per\u00edodo chuvoso. Segundo os bombeiros, ao lado do im\u00f3vel h\u00e1 um barranco que corre o risco de desabar.<\/p>\n<p>De acordo com a Defesa Civil, das 17 \u00e1reas de risco em Montes Claros, a Vila S\u00e3o Francisco de Assis \u00e9 a mais vulner\u00e1vel. O Instituto de Meteorologia da UFMG informou que choveu 42,8 mm em Montes Claros, das 23h de quinta at\u00e9 a manh\u00e3 desta sexta-feira.<\/p>\n<p><img decoding=\"async\" src=\"http:\/\/aconteceunovale.com.br\/portal\/wp-content\/uploads\/2016\/01\/muro_casa_moc.jpg\" alt=\"\" \/><em>Moradores tiveram que deixar o im\u00f3vel (Foto: Thiago Fran\u00e7a \/ Inter TV)<\/em><br \/>\n<\/br><\/p>\n<p><em>(Fonte: Inter TV Grande Minas \/ G1)<\/em><\/p>\n","protected":false},"excerpt":{"rendered":"<p>Um muro de arrimo caiu em cima de uma casa na madrugada desta sexta-feira (22\/01), na Vila S\u00e3o Francisco de Assis, em Montes Claros (MG). Cinco pessoas dormiam no im\u00f3vel quando houve o desmoronamento. Um morador machucou o bra\u00e7o e sofreu um ferimento na testa, mas n\u00e3o precisou de atendimento m\u00e9dico. O Corpo de Bombeiros [&hellip;]<\/p>\n","protected":false},"author":1,"featured_media":77332,"comment_status":"open","ping_status":"closed","sticky":false,"template":"","format":"standard","meta":{"amp_status":"","footnotes":""},"categories":[1236],"tags":[74738,42082,74740,210,74741,74739],"class_list":["post-77331","post","type-post","status-publish","format-standard","has-post-thumbnail","hentry","category-norte_de_minas","tag-casa-e-atingida-por-barranco-em-montes-claros","tag-chuva-montes-claros","tag-desabamento-de-muro-em-montes-claros","tag-montes-claros","tag-muro-cede-durante-chuva-e-cai-em-cima-de-casa-em-montes-claros","tag-queda-de-muro-em-montes-claros"],"_links":{"self":[{"href":"https:\/\/aconteceunovale.com.br\/portal\/index.php?rest_route=\/wp\/v2\/posts\/77331","targetHints":{"allow":["GET"]}}],"collection":[{"href":"https:\/\/aconteceunovale.com.br\/portal\/index.php?rest_route=\/wp\/v2\/posts"}],"about":[{"href":"https:\/\/aconteceunovale.com.br\/portal\/index.php?rest_route=\/wp\/v2\/types\/post"}],"author":[{"embeddable":true,"href":"https:\/\/aconteceunovale.com.br\/portal\/index.php?rest_route=\/wp\/v2\/users\/1"}],"replies":[{"embeddable":true,"href":"https:\/\/aconteceunovale.com.br\/portal\/index.php?rest_route=%2Fwp%2Fv2%2Fcomments&post=77331"}],"version-history":[{"count":0,"href":"https:\/\/aconteceunovale.com.br\/portal\/index.php?rest_route=\/wp\/v2\/posts\/77331\/revisions"}],"wp:featuredmedia":[{"embeddable":true,"href":"https:\/\/aconteceunovale.com.br\/portal\/index.php?rest_route=\/wp\/v2\/media\/77332"}],"wp:attachment":[{"href":"https:\/\/aconteceunovale.com.br\/portal\/index.php?rest_route=%2Fwp%2Fv2%2Fmedia&parent=77331"}],"wp:term":[{"taxonomy":"category","embeddable":true,"href":"https:\/\/aconteceunovale.com.br\/portal\/index.php?rest_route=%2Fwp%2Fv2%2Fcategories&post=77331"},{"taxonomy":"post_tag","embeddable":true,"href":"https:\/\/aconteceunovale.com.br\/portal\/index.php?rest_route=%2Fwp%2Fv2%2Ftags&post=77331"}],"curies":[{"name":"wp","href":"https:\/\/api.w.org\/{rel}","templated":true}]}}