{"id":77312,"date":"2016-01-22T16:36:18","date_gmt":"2016-01-22T19:36:18","guid":{"rendered":"http:\/\/aconteceunovale.com.br\/portal\/?p=77312"},"modified":"2016-01-22T16:36:18","modified_gmt":"2016-01-22T19:36:18","slug":"aumenta-o-numero-de-desalojados-por-causa-da-chuva-em-governador-valadares","status":"publish","type":"post","link":"https:\/\/aconteceunovale.com.br\/portal\/?p=77312","title":{"rendered":"Aumenta o n\u00famero de desalojados por causa da chuva em Governador Valadares"},"content":{"rendered":"<p>A prefeitura de Governador Valadares informou na manh\u00e3 desta sexta-feira (22\/01) que 163 pessoas, de 30 fam\u00edlias, tiveram que deixar suas casas por causa das chuvas. At\u00e9 essa quinta-feira (21\/01), o n\u00famero de desalojados era de 76 pessoas. As fam\u00edlias est\u00e3o em abrigos da prefeitura. Segundo o munic\u00edpio, a Defesa Civil fez 50 atendimentos desde a ter\u00e7a-feira (19\/01), duas casas desabaram, mas ningu\u00e9m se feriu.<\/p>\n<p>Apesar de ter aumentado o n\u00famero de pessoas desalojadas, o n\u00edvel do Rio Doce diminuiu. Na noite dessa quinta-feira o rio estava em 3,23 metros, e na manh\u00e3 desta sexta-feira em 2,72 metros. A prefeitura disse que, segundo um boletim da Companhia de Pesquisa de Recursos Minerais (CPRM), \u00f3rg\u00e3o federal que monitora o Rio Doce, a tend\u00eancia \u00e9 que caia ainda mais durante o dia.<\/p>\n<p>Sobre o abastecimento de \u00e1gua na cidade, a prefeitura disse que as Esta\u00e7\u00f5es de Tratamento de \u00c1gua (ETA) Central e do Bairro Santa Rita continuam tratando e distribuindo \u00e1gua normalmente. A ETA do bairro Vila Isa, que teve de interromper a capta\u00e7\u00e3o de \u00e1gua na tarde de quinta-feira (21), devido a o n\u00edvel Rio Doce ter atingido a casa de bombas do local, j\u00e1 voltou a operar, e est\u00e1 captando e tratando a \u00e1gua. Segundo o munic\u00edpio, o abastecimento ainda leva um tempo para se normalizar, pois as redes precisam encher novamente, para alcan\u00e7ar as partes altas da comunidade.<\/p>\n<p>Ainda segundo o munic\u00edpio, a maior parte das ocorr\u00eancias atendidas pela Defesa Civil s\u00e3o de quedas de muros. Os bairros mais atingidos pelos estragos causados pelas chuvas s\u00e3o o Santa Rita, JK I, JK II, JK III, S\u00e3o Paulo, Santa Terezinha, S\u00e3o Tarc\u00edsio, S\u00e3o Pedro e Ilha dos Ara\u00fajos. A Defesa Civil alerta para que moradores de \u00e1reas de risco fiquem alertas, pois ainda h\u00e1 previs\u00e3o de chuva para cidade durante o dia.<\/p>\n<p><img decoding=\"async\" src=\"http:\/\/aconteceunovale.com.br\/portal\/wp-content\/uploads\/2016\/01\/alagamento_gv.jpg\" alt=\"\" \/><em>Ruas da Ilha dos Ara\u00fajos estavam alagadas durante a manh\u00e3 (Foto: Rodrigo Barreto \/ G1)<\/em><br \/>\n<\/br><\/p>\n<p><em>(Fonte: Inter TV dos Vales \/ G1)<\/em><\/p>\n","protected":false},"excerpt":{"rendered":"<p>A prefeitura de Governador Valadares informou na manh\u00e3 desta sexta-feira (22\/01) que 163 pessoas, de 30 fam\u00edlias, tiveram que deixar suas casas por causa das chuvas. At\u00e9 essa quinta-feira (21\/01), o n\u00famero de desalojados era de 76 pessoas. As fam\u00edlias est\u00e3o em abrigos da prefeitura. Segundo o munic\u00edpio, a Defesa Civil fez 50 atendimentos desde [&hellip;]<\/p>\n","protected":false},"author":1,"featured_media":77313,"comment_status":"open","ping_status":"closed","sticky":false,"template":"","format":"standard","meta":{"amp_status":"","footnotes":""},"categories":[121],"tags":[74713,74712,26901,74715,74716,247,74714],"class_list":["post-77312","post","type-post","status-publish","format-standard","has-post-thumbnail","hentry","category-leste","tag-alagamento-em-governador-valadares","tag-aumenta-o-numero-de-desalojados-por-causa-da-chuva-em-governador-valadares","tag-chuva-em-governador-valadares","tag-desalojados-em-governador-valadares","tag-familias-desalojadas-em-governador-valadares","tag-governador-valadares","tag-inundacao-em-governador-valadares"],"_links":{"self":[{"href":"https:\/\/aconteceunovale.com.br\/portal\/index.php?rest_route=\/wp\/v2\/posts\/77312","targetHints":{"allow":["GET"]}}],"collection":[{"href":"https:\/\/aconteceunovale.com.br\/portal\/index.php?rest_route=\/wp\/v2\/posts"}],"about":[{"href":"https:\/\/aconteceunovale.com.br\/portal\/index.php?rest_route=\/wp\/v2\/types\/post"}],"author":[{"embeddable":true,"href":"https:\/\/aconteceunovale.com.br\/portal\/index.php?rest_route=\/wp\/v2\/users\/1"}],"replies":[{"embeddable":true,"href":"https:\/\/aconteceunovale.com.br\/portal\/index.php?rest_route=%2Fwp%2Fv2%2Fcomments&post=77312"}],"version-history":[{"count":0,"href":"https:\/\/aconteceunovale.com.br\/portal\/index.php?rest_route=\/wp\/v2\/posts\/77312\/revisions"}],"wp:featuredmedia":[{"embeddable":true,"href":"https:\/\/aconteceunovale.com.br\/portal\/index.php?rest_route=\/wp\/v2\/media\/77313"}],"wp:attachment":[{"href":"https:\/\/aconteceunovale.com.br\/portal\/index.php?rest_route=%2Fwp%2Fv2%2Fmedia&parent=77312"}],"wp:term":[{"taxonomy":"category","embeddable":true,"href":"https:\/\/aconteceunovale.com.br\/portal\/index.php?rest_route=%2Fwp%2Fv2%2Fcategories&post=77312"},{"taxonomy":"post_tag","embeddable":true,"href":"https:\/\/aconteceunovale.com.br\/portal\/index.php?rest_route=%2Fwp%2Fv2%2Ftags&post=77312"}],"curies":[{"name":"wp","href":"https:\/\/api.w.org\/{rel}","templated":true}]}}