{"id":77281,"date":"2016-01-22T10:55:47","date_gmt":"2016-01-22T13:55:47","guid":{"rendered":"http:\/\/aconteceunovale.com.br\/portal\/?p=77281"},"modified":"2016-01-22T10:55:47","modified_gmt":"2016-01-22T13:55:47","slug":"inscricoes-para-o-fies-comecam-no-dia-26-de-janeiro","status":"publish","type":"post","link":"https:\/\/aconteceunovale.com.br\/portal\/?p=77281","title":{"rendered":"Inscri\u00e7\u00f5es para o Fies come\u00e7am no dia 26 de janeiro"},"content":{"rendered":"<p>As inscri\u00e7\u00f5es para o processo seletivo do Fies relativo ao primeiro semestre de 2016 come\u00e7am na pr\u00f3xima ter\u00e7a-feira (26) e seguem at\u00e9 o dia 29. As inscri\u00e7\u00f5es ser\u00e3o feitas exclusivamente pela <a href=\"http:\/\/fiesselecao.mec.gov.br\/\" target=\"_blank\">internet (www.fiesselecao.mec.gov.br)<\/a>. O Fies financia cursos superiores n\u00e3o gratuitos com avalia\u00e7\u00e3o positiva. O Minist\u00e9rio da Educa\u00e7\u00e3o ainda n\u00e3o divulgou o n\u00famero de financiamentos dispon\u00edveis para esta edi\u00e7\u00e3o. As regras da sele\u00e7\u00e3o est\u00e3o em edital publicado na edi\u00e7\u00e3o de hoje (22) no Di\u00e1rio Oficial da Uni\u00e3o.<\/p>\n<p>Pode se inscrever no processo seletivo do Fies o estudante que tenha participado do Exame Nacional do Ensino M\u00e9dio (Enem) a partir de 2010, obtido pelo menos 450 pontos na m\u00e9dia nas provas e n\u00e3o tenha tirado 0 na reda\u00e7\u00e3o. O candidato precisa ter tamb\u00e9m renda familiar mensal bruta per capita de at\u00e9 2,5 sal\u00e1rios m\u00ednimos.<\/p>\n<p>O candidato poder\u00e1 se inscrever em um \u00fanico curso e turno entre aqueles com vagas ofertadas. Durante o per\u00edodo de inscri\u00e7\u00e3o, poder\u00e1 alterar sua op\u00e7\u00e3o de vaga, bem como efetuar o cancelamento. Os estudantes ser\u00e3o classificados de acordo com as notas no Enem na edi\u00e7\u00e3o em que tiver obtido a maior m\u00e9dia.<\/p>\n<p><strong>Lista de espera<\/strong><\/p>\n<p>O processo seletivo do Fies referente ao primeiro semestre de 2016 ter\u00e1 chamada \u00fanica e lista de espera. Os estudantes que n\u00e3o forem pr\u00e9-selecionados na chamada \u00fanica ser\u00e3o inclu\u00eddos na lista de espera para o preenchimento das vagas eventualmente n\u00e3o ocupadas. O resultado da pr\u00e9-sele\u00e7\u00e3o na chamada \u00fanica e a lista de espera ser\u00e3o divulgados no dia 1\u00ba de fevereiro.<\/p>\n<p>No ano passado o Minist\u00e9rio da Educa\u00e7\u00e3o anunciou mudan\u00e7as nas regras do Fies para os contratos assinados a partir do segundo semestre de 2015, como a taxa de juros que passou a ser de 6,5% ao ano.<\/p>\n<p>Em dezembro, portaria do Minist\u00e9rio da Educa\u00e7\u00e3o definiu que, do total de vagas previstas para o primeiro semestre deste ano, 70% ir\u00e3o para os cursos considerados priorit\u00e1rios pela pasta, nas \u00e1reas de sa\u00fade, engenharia e de forma\u00e7\u00e3o de professores.<\/p>\n<p>Outra novidade \u00e9 que as cidades com menor \u00cdndice de Desenvolvimento Humano Municipal (IDHM) ter\u00e3o prioridade na distribui\u00e7\u00e3o de vagas do Fies. Al\u00e9m do IDHM, ser\u00e1 considerada a demanda por educa\u00e7\u00e3o superior, calculada a partir de dados do Enem, a demanda por financiamento estudantil, verificada a partir de dados do Fies, e a disponibilidade or\u00e7ament\u00e1ria do programa. (Ag\u00eancia Brasil)<\/p>\n","protected":false},"excerpt":{"rendered":"<p>As inscri\u00e7\u00f5es para o processo seletivo do Fies relativo ao primeiro semestre de 2016 come\u00e7am na pr\u00f3xima ter\u00e7a-feira (26) e seguem at\u00e9 o dia 29. As inscri\u00e7\u00f5es ser\u00e3o feitas exclusivamente pela internet (www.fiesselecao.mec.gov.br). O Fies financia cursos superiores n\u00e3o gratuitos com avalia\u00e7\u00e3o positiva. O Minist\u00e9rio da Educa\u00e7\u00e3o ainda n\u00e3o divulgou o n\u00famero de financiamentos dispon\u00edveis [&hellip;]<\/p>\n","protected":false},"author":1,"featured_media":64270,"comment_status":"open","ping_status":"closed","sticky":false,"template":"","format":"standard","meta":{"amp_status":"","footnotes":""},"categories":[6,40238],"tags":[43212,524,21735,665,74673,74674,53967,34642,74672],"class_list":["post-77281","post","type-post","status-publish","format-standard","has-post-thumbnail","hentry","category-br","category-educacao-2","tag-diario-oficial","tag-enem","tag-ensino-superior","tag-fies","tag-fies-2016","tag-inscrever-fies-2016","tag-inscricoes-fies","tag-inscricoes-para-o-fies","tag-inscricoes-para-o-fies-comecam-no-dia-26-de-janeiro"],"_links":{"self":[{"href":"https:\/\/aconteceunovale.com.br\/portal\/index.php?rest_route=\/wp\/v2\/posts\/77281","targetHints":{"allow":["GET"]}}],"collection":[{"href":"https:\/\/aconteceunovale.com.br\/portal\/index.php?rest_route=\/wp\/v2\/posts"}],"about":[{"href":"https:\/\/aconteceunovale.com.br\/portal\/index.php?rest_route=\/wp\/v2\/types\/post"}],"author":[{"embeddable":true,"href":"https:\/\/aconteceunovale.com.br\/portal\/index.php?rest_route=\/wp\/v2\/users\/1"}],"replies":[{"embeddable":true,"href":"https:\/\/aconteceunovale.com.br\/portal\/index.php?rest_route=%2Fwp%2Fv2%2Fcomments&post=77281"}],"version-history":[{"count":0,"href":"https:\/\/aconteceunovale.com.br\/portal\/index.php?rest_route=\/wp\/v2\/posts\/77281\/revisions"}],"wp:featuredmedia":[{"embeddable":true,"href":"https:\/\/aconteceunovale.com.br\/portal\/index.php?rest_route=\/wp\/v2\/media\/64270"}],"wp:attachment":[{"href":"https:\/\/aconteceunovale.com.br\/portal\/index.php?rest_route=%2Fwp%2Fv2%2Fmedia&parent=77281"}],"wp:term":[{"taxonomy":"category","embeddable":true,"href":"https:\/\/aconteceunovale.com.br\/portal\/index.php?rest_route=%2Fwp%2Fv2%2Fcategories&post=77281"},{"taxonomy":"post_tag","embeddable":true,"href":"https:\/\/aconteceunovale.com.br\/portal\/index.php?rest_route=%2Fwp%2Fv2%2Ftags&post=77281"}],"curies":[{"name":"wp","href":"https:\/\/api.w.org\/{rel}","templated":true}]}}