{"id":77273,"date":"2016-01-22T10:38:07","date_gmt":"2016-01-22T13:38:07","guid":{"rendered":"http:\/\/aconteceunovale.com.br\/portal\/?p=77273"},"modified":"2016-01-22T10:38:07","modified_gmt":"2016-01-22T13:38:07","slug":"crianca-de-11-anos-morre-afogada-no-municipio-de-januaria","status":"publish","type":"post","link":"https:\/\/aconteceunovale.com.br\/portal\/?p=77273","title":{"rendered":"Crian\u00e7a de 11 anos morre afogada no munic\u00edpio de Janu\u00e1ria"},"content":{"rendered":"<p>Uma crian\u00e7a de 11 anos morreu afogada na tarde de quinta-feira (21\/01), em Janu\u00e1ria, na regi\u00e3o Norte de Minas Gerais. De acordo com o Corpo de Bombeiros, o fato aconteceu no povoado de Riacho da Cruz. <\/p>\n<p>Quando os militares chegaram ao local, populares j\u00e1 tinham retirado a v\u00edtima da \u00e1gua. Testemunhas contaram que a crian\u00e7a nadava em uma &#8220;barraginha&#8221; de aproximadamente 3 m de profundidade, destinada \u00e0 armazenar \u00e1gua da chuva. <\/p>\n<p>Os socorristas iniciaram os procedimentos de reanima\u00e7\u00e3o cardiopulmonar, mas a crian\u00e7a n\u00e3o reagiu. Os militares alertam sobre os riscos de afogamento entre crian\u00e7as no per\u00edodo das f\u00e9rias e pedem que os pais redobrem a aten\u00e7\u00e3o. <\/p>\n<p><img decoding=\"async\" src=\"http:\/\/aconteceunovale.com.br\/portal\/wp-content\/uploads\/2016\/01\/afogamento_januaria.jpg\" alt=\"\" \/><em>Populares retiraram o corpo da crian\u00e7a da \u00e1gua &#8211; Foto: Divulga\u00e7\u00e3o \/ Corpo de Bombeiros<\/em><br \/>\n<\/br><\/p>\n<p><em>(Fonte: Record Minas \/ R7)<\/em><\/p>\n","protected":false},"excerpt":{"rendered":"<p>Uma crian\u00e7a de 11 anos morreu afogada na tarde de quinta-feira (21\/01), em Janu\u00e1ria, na regi\u00e3o Norte de Minas Gerais. De acordo com o Corpo de Bombeiros, o fato aconteceu no povoado de Riacho da Cruz. Quando os militares chegaram ao local, populares j\u00e1 tinham retirado a v\u00edtima da \u00e1gua. Testemunhas contaram que a crian\u00e7a [&hellip;]<\/p>\n","protected":false},"author":1,"featured_media":77274,"comment_status":"open","ping_status":"closed","sticky":false,"template":"","format":"standard","meta":{"amp_status":"","footnotes":""},"categories":[1236],"tags":[51809,74659,51808,74660,205],"class_list":["post-77273","post","type-post","status-publish","format-standard","has-post-thumbnail","hentry","category-norte_de_minas","tag-afogamento-em-januaria","tag-crianca-de-11-anos-morre-afogada-no-municipio-de-januaria","tag-crianca-morre-afogada-em-januaria","tag-crianca-morre-afogada-no-municipio-de-januaria","tag-januaria"],"_links":{"self":[{"href":"https:\/\/aconteceunovale.com.br\/portal\/index.php?rest_route=\/wp\/v2\/posts\/77273","targetHints":{"allow":["GET"]}}],"collection":[{"href":"https:\/\/aconteceunovale.com.br\/portal\/index.php?rest_route=\/wp\/v2\/posts"}],"about":[{"href":"https:\/\/aconteceunovale.com.br\/portal\/index.php?rest_route=\/wp\/v2\/types\/post"}],"author":[{"embeddable":true,"href":"https:\/\/aconteceunovale.com.br\/portal\/index.php?rest_route=\/wp\/v2\/users\/1"}],"replies":[{"embeddable":true,"href":"https:\/\/aconteceunovale.com.br\/portal\/index.php?rest_route=%2Fwp%2Fv2%2Fcomments&post=77273"}],"version-history":[{"count":0,"href":"https:\/\/aconteceunovale.com.br\/portal\/index.php?rest_route=\/wp\/v2\/posts\/77273\/revisions"}],"wp:featuredmedia":[{"embeddable":true,"href":"https:\/\/aconteceunovale.com.br\/portal\/index.php?rest_route=\/wp\/v2\/media\/77274"}],"wp:attachment":[{"href":"https:\/\/aconteceunovale.com.br\/portal\/index.php?rest_route=%2Fwp%2Fv2%2Fmedia&parent=77273"}],"wp:term":[{"taxonomy":"category","embeddable":true,"href":"https:\/\/aconteceunovale.com.br\/portal\/index.php?rest_route=%2Fwp%2Fv2%2Fcategories&post=77273"},{"taxonomy":"post_tag","embeddable":true,"href":"https:\/\/aconteceunovale.com.br\/portal\/index.php?rest_route=%2Fwp%2Fv2%2Ftags&post=77273"}],"curies":[{"name":"wp","href":"https:\/\/api.w.org\/{rel}","templated":true}]}}