{"id":77085,"date":"2016-01-21T09:24:47","date_gmt":"2016-01-21T12:24:47","guid":{"rendered":"http:\/\/aconteceunovale.com.br\/portal\/?p=77085"},"modified":"2016-01-21T09:24:47","modified_gmt":"2016-01-21T12:24:47","slug":"jovem-e-morto-a-facadas-apos-briga-por-ciumes-em-belo-oriente","status":"publish","type":"post","link":"https:\/\/aconteceunovale.com.br\/portal\/?p=77085","title":{"rendered":"Jovem \u00e9 morto a facadas ap\u00f3s briga por ci\u00fames em Belo Oriente"},"content":{"rendered":"<p>Um jovem de 21 anos foi morto a facadas na noite dessa ter\u00e7a-feira (19\/01), no Distrito de Perp\u00e9tuo Socorro, em Belo Oriente, ap\u00f3s uma briga por ci\u00fames. Segundo informa\u00e7\u00f5es da Pol\u00edcia Militar (PM), a v\u00edtima Jovam Martins de Jesus se desentendeu com outro homem por causa de uma mulher. O suspeito do crime j\u00e1 foi identificado, mas at\u00e9 o momento n\u00e3o foi preso.<\/p>\n<p>Testemunhas informaram \u00e0 PM que durante a briga o autor pegou uma faca e golpeou a v\u00edtima. Ap\u00f3s o crime, ele fugiu do local. O jovem morreu na hora.<\/p>\n<p>A per\u00edcia constatou que o rapaz foi atingindo por quatro golpes nas regi\u00f5es do ombro, bra\u00e7o e t\u00f3rax. No bolso da v\u00edtima, a pol\u00edcia localizou uma pedra de crack e um frasco de desodorante. (G1)<\/p>\n","protected":false},"excerpt":{"rendered":"<p>Um jovem de 21 anos foi morto a facadas na noite dessa ter\u00e7a-feira (19\/01), no Distrito de Perp\u00e9tuo Socorro, em Belo Oriente, ap\u00f3s uma briga por ci\u00fames. Segundo informa\u00e7\u00f5es da Pol\u00edcia Militar (PM), a v\u00edtima Jovam Martins de Jesus se desentendeu com outro homem por causa de uma mulher. O suspeito do crime j\u00e1 foi [&hellip;]<\/p>\n","protected":false},"author":1,"featured_media":42404,"comment_status":"open","ping_status":"closed","sticky":false,"template":"","format":"standard","meta":{"amp_status":"","footnotes":""},"categories":[121],"tags":[74407,350,74405,74408,74404,74406],"class_list":["post-77085","post","type-post","status-publish","format-standard","has-post-thumbnail","hentry","category-leste","tag-assassinado-belo-oriente","tag-belo-oriente","tag-briga-belo-oriente","tag-homicidio-belo-oriente","tag-jovem-e-morto-a-facadas-apos-briga-por-ciumes-em-belo-oriente","tag-morto-belo-oriente"],"_links":{"self":[{"href":"https:\/\/aconteceunovale.com.br\/portal\/index.php?rest_route=\/wp\/v2\/posts\/77085","targetHints":{"allow":["GET"]}}],"collection":[{"href":"https:\/\/aconteceunovale.com.br\/portal\/index.php?rest_route=\/wp\/v2\/posts"}],"about":[{"href":"https:\/\/aconteceunovale.com.br\/portal\/index.php?rest_route=\/wp\/v2\/types\/post"}],"author":[{"embeddable":true,"href":"https:\/\/aconteceunovale.com.br\/portal\/index.php?rest_route=\/wp\/v2\/users\/1"}],"replies":[{"embeddable":true,"href":"https:\/\/aconteceunovale.com.br\/portal\/index.php?rest_route=%2Fwp%2Fv2%2Fcomments&post=77085"}],"version-history":[{"count":0,"href":"https:\/\/aconteceunovale.com.br\/portal\/index.php?rest_route=\/wp\/v2\/posts\/77085\/revisions"}],"wp:featuredmedia":[{"embeddable":true,"href":"https:\/\/aconteceunovale.com.br\/portal\/index.php?rest_route=\/wp\/v2\/media\/42404"}],"wp:attachment":[{"href":"https:\/\/aconteceunovale.com.br\/portal\/index.php?rest_route=%2Fwp%2Fv2%2Fmedia&parent=77085"}],"wp:term":[{"taxonomy":"category","embeddable":true,"href":"https:\/\/aconteceunovale.com.br\/portal\/index.php?rest_route=%2Fwp%2Fv2%2Fcategories&post=77085"},{"taxonomy":"post_tag","embeddable":true,"href":"https:\/\/aconteceunovale.com.br\/portal\/index.php?rest_route=%2Fwp%2Fv2%2Ftags&post=77085"}],"curies":[{"name":"wp","href":"https:\/\/api.w.org\/{rel}","templated":true}]}}