{"id":76996,"date":"2016-01-18T20:24:33","date_gmt":"2016-01-18T23:24:33","guid":{"rendered":"http:\/\/aconteceunovale.com.br\/portal\/?p=76996"},"modified":"2016-01-18T20:24:33","modified_gmt":"2016-01-18T23:24:33","slug":"ex-reitor-da-ufjf-e-condenado-a-dois-anos-de-prisao","status":"publish","type":"post","link":"https:\/\/aconteceunovale.com.br\/portal\/?p=76996","title":{"rendered":"Ex-reitor da UFJF \u00e9 condenado a dois anos de pris\u00e3o"},"content":{"rendered":"<p>O Minist\u00e9rio P\u00fablico Federal (MPF) obteve a condena\u00e7\u00e3o de Henrique Duque de Miranda Chaves Filho, ex-reitor da Universidade Federal de Juiz de Fora (UFJF), e de Andr\u00e9 Luiz de Lima Cabral, diretor executivo da Funda\u00e7\u00e3o de Apoio e Desenvolvimento ao Ensino, Pesquisa e Extens\u00e3o (FADEPE), pelo crime previsto no artigo 10 da Lei 7.347\/1985, que consiste em recusar, retardar ou omitir dados t\u00e9cnicos requisitados pelo Minist\u00e9rio P\u00fablico. A condena\u00e7\u00e3o foi publicada nesta segunda-feira (18).<\/p>\n<p>A pena imposta a Henrique Chaves Filho foi de 2 anos e 1 m\u00eas de reclus\u00e3o; a de Andr\u00e9 Luiz Cabral foi de 1 ano e 4 meses. Ambas as penas, por serem inferiores a 4 anos, conforme previs\u00e3o legal, foram convertidas em presta\u00e7\u00e3o de servi\u00e7os \u00e0 comunidade e pagamento de presta\u00e7\u00e3o pecuni\u00e1ria.<\/p>\n<p>Na den\u00fancia, o MPF acusou os r\u00e9us do n\u00e3o atendimento a diversas requisi\u00e7\u00f5es para esclarecer fatos investigados em inqu\u00e9ritos civis p\u00fablicos instaurados pela Procuradoria da Rep\u00fablica em Juiz de Fora.<\/p>\n<p>Um dos procedimentos investiga aparentes ilegalidades na transfer\u00eancia de recursos p\u00fablicos da universidade para a FADEPE. Outro procedimento apura a natureza do relacionamento entre a UFJF e o Centro Cultural Pr\u00f3-M\u00fasica da universidade.<\/p>\n<p>No primeiro ICP, ao longo de mais de um ano, foram expedidos sete of\u00edcios ao ex-reitor e seis ao diretor-executivo da funda\u00e7\u00e3o, inclusive ressaltando que o n\u00e3o atendimento poderia ter consequ\u00eancias c\u00edveis e criminais. Nenhuma requisi\u00e7\u00e3o foi atendida. No segundo ICP, no per\u00edodo de nove meses, o MPF expediu quatro of\u00edcios ao ex-reitor, tamb\u00e9m sem atendimento. Por sinal, em pelo menos duas ocasi\u00f5es, os of\u00edcios foram recebidos pessoalmente tanto por Henrique Filho quanto por Andr\u00e9 Luiz Cabral, que, no entanto, se mantiveram inertes.<\/p>\n<p>A conduta do ex-reitor ainda se repetiu em um terceiro inqu\u00e9rito civil p\u00fablico, instaurado para investigar supostas irregularidades em concurso p\u00fablico realizado pelo Departamento de Educa\u00e7\u00e3o da UFJF.<\/p>\n<p>Os fatos acabaram levando o Minist\u00e9rio P\u00fablico Federal a ajuizar a\u00e7\u00e3o cautelar de busca e apreens\u00e3o de documentos em face da universidade e da funda\u00e7\u00e3o, com o objetivo de obter a documenta\u00e7\u00e3o e as informa\u00e7\u00f5es sobre os casos investigados. A liminar foi concedida pelo ju\u00edzo da 2\u00aa Vara Federal que, ao deferir o pedido de busca e apreens\u00e3o, afirmou que a \u201cpr\u00e1tica, infelizmente, \u00e9 recorrente na UFJF. S\u00e3o in\u00fameras as requisi\u00e7\u00f5es de informa\u00e7\u00f5es em mandados de seguran\u00e7a n\u00e3o atendidas, assim como fartas as a\u00e7\u00f5es contra a UFJF, por raz\u00f5es diversas\u201d.<\/p>\n<p>Na den\u00fancia, o MPF lembrou que as medidas de busca e apreens\u00e3o foram executadas com sucesso, revelando qu\u00e3o f\u00e1cil era o acesso dos r\u00e9us aos documentos requisitados, \u201cdevendo-se sua omiss\u00e3o criminosa apenas e t\u00e3o somente ao seu deliberado intento de desatender aos of\u00edcios requisit\u00f3rios do MPF, pondo-se acima da lei\u201d.<\/p>\n<p><strong>Teses<\/strong> &#8211; Ao se defenderem na a\u00e7\u00e3o penal, o ex-reitor e o diretor da FADEPE alegaram que, para a configura\u00e7\u00e3o do crime previsto no artigo 10 da Lei 7.347\/1985, seria necess\u00e1rio que as informa\u00e7\u00f5es requisitadas pelo MPF fossem &#8220;indispens\u00e1veis \u00e0 propositura da a\u00e7\u00e3o civil&#8221;.<\/p>\n<p>Para o magistrado, no entanto, a &#8220;controv\u00e9rsia em torno do car\u00e1ter indispens\u00e1vel das informa\u00e7\u00f5es requisitadas n\u00e3o se justifica, pois esse ju\u00edzo de valor deve ser realizado pela autoridade investigadora e n\u00e3o pelos investigados, sob pena de subverter toda a l\u00f3gica dos diversos sistemas de fiscaliza\u00e7\u00e3o e controle de atos administrativos, que se destinam \u00e0 prote\u00e7\u00e3o da sociedade&#8221;.<\/p>\n<p>Al\u00e9m disso, registra a senten\u00e7a, &#8220;o ju\u00edzo subjetivo dos r\u00e9us acerca da imprescindibilidade ou n\u00e3o de determinado documento n\u00e3o tem o cond\u00e3o de eximi-los da responsabilidade de prestar as informa\u00e7\u00f5es requisitadas pelo MPF&#8221;.<\/p>\n<p><strong>Outra tese da defesa<\/strong> &#8211; imputar a omiss\u00e3o a outros setores e servidores da universidade &#8211; tamb\u00e9m n\u00e3o obteve sucesso. Para o ju\u00edzo federal, mesmo quando houver delega\u00e7\u00e3o de compet\u00eancia, essa delega\u00e7\u00e3o &#8220;n\u00e3o afasta o dever de fiscaliza\u00e7\u00e3o dos atos praticados por seus subordinados, nem transfere para os delegados a responsabilidade pela pr\u00e1tica de atos que constituem atribui\u00e7\u00f5es inerentes aos cargos de elevada estirpe ocupados pelos r\u00e9us&#8221;.<\/p>\n<p>No \u00e2mbito c\u00edvel, em raz\u00e3o dos mesmos fatos, o ex-reitor ainda responde a tr\u00eas a\u00e7\u00f5es de improbidade administrativa; o diretor da FADEPE, a uma a\u00e7\u00e3o de improbidade, todas atualmente em curso perante a Justi\u00e7a Federal em Juiz de Fora.<\/p>\n<p><em>(Fonte: Minist\u00e9rio P\u00fablico Federal em Minas Gerais)<\/em><\/p>\n","protected":false},"excerpt":{"rendered":"<p>O Minist\u00e9rio P\u00fablico Federal (MPF) obteve a condena\u00e7\u00e3o de Henrique Duque de Miranda Chaves Filho, ex-reitor da Universidade Federal de Juiz de Fora (UFJF), e de Andr\u00e9 Luiz de Lima Cabral, diretor executivo da Funda\u00e7\u00e3o de Apoio e Desenvolvimento ao Ensino, Pesquisa e Extens\u00e3o (FADEPE), pelo crime previsto no artigo 10 da Lei 7.347\/1985, que [&hellip;]<\/p>\n","protected":false},"author":1,"featured_media":65880,"comment_status":"open","ping_status":"closed","sticky":false,"template":"","format":"standard","meta":{"amp_status":"","footnotes":""},"categories":[40238,123],"tags":[74240,74238,74239,74237,14836,4352,19702],"class_list":["post-76996","post","type-post","status-publish","format-standard","has-post-thumbnail","hentry","category-educacao-2","category-gerais","tag-andre-luiz-de-lima-cabral","tag-condenacao-ex-reitor-da-ufjf","tag-ex-reitor-da-ufjf-e-condenado","tag-ex-reitor-da-ufjf-e-condenado-a-dois-anos-de-prisao","tag-henrique-duque-de-miranda-chaves-filho","tag-ufjf","tag-universidade-federal-de-juiz-de-fora"],"yoast_head":"<!-- This site is optimized with the Yoast SEO plugin v28.3 - https:\/\/yoast.com\/product\/yoast-seo-wordpress\/ -->\n<title>Ex-reitor da UFJF \u00e9 condenado a dois anos de pris\u00e3o - Aconteceu no Vale<\/title>\n<meta name=\"robots\" content=\"index, follow, max-snippet:-1, max-image-preview:large, max-video-preview:-1\" \/>\n<link rel=\"canonical\" href=\"https:\/\/aconteceunovale.com.br\/portal\/?p=76996\" \/>\n<meta property=\"og:locale\" content=\"pt_BR\" \/>\n<meta property=\"og:type\" content=\"article\" \/>\n<meta property=\"og:title\" content=\"Ex-reitor da UFJF \u00e9 condenado a dois anos de pris\u00e3o - Aconteceu no Vale\" \/>\n<meta property=\"og:description\" content=\"O Minist\u00e9rio P\u00fablico Federal (MPF) obteve a condena\u00e7\u00e3o de Henrique Duque de Miranda Chaves Filho, ex-reitor da Universidade Federal de Juiz de Fora (UFJF), e de Andr\u00e9 Luiz de Lima Cabral, diretor executivo da Funda\u00e7\u00e3o de Apoio e Desenvolvimento ao Ensino, Pesquisa e Extens\u00e3o (FADEPE), pelo crime previsto no artigo 10 da Lei 7.347\/1985, que [&hellip;]\" \/>\n<meta property=\"og:url\" content=\"https:\/\/aconteceunovale.com.br\/portal\/?p=76996\" \/>\n<meta property=\"og:site_name\" content=\"Aconteceu no Vale\" \/>\n<meta property=\"article:publisher\" content=\"https:\/\/www.facebook.com\/aconteceunovale\/\" \/>\n<meta property=\"article:published_time\" content=\"2016-01-18T23:24:33+00:00\" \/>\n<meta property=\"og:image\" content=\"https:\/\/aconteceunovale.com.br\/portal\/wp-content\/uploads\/2015\/08\/condenado.jpg\" \/>\n\t<meta property=\"og:image:width\" content=\"505\" \/>\n\t<meta property=\"og:image:height\" content=\"332\" \/>\n\t<meta property=\"og:image:type\" content=\"image\/jpeg\" \/>\n<meta name=\"author\" content=\"Aconteceu no Vale\" \/>\n<meta name=\"twitter:card\" content=\"summary_large_image\" \/>\n<meta name=\"twitter:creator\" content=\"@noticiadosvales\" \/>\n<meta name=\"twitter:site\" content=\"@noticiadosvales\" \/>\n<meta name=\"twitter:label1\" content=\"Escrito por\" \/>\n\t<meta name=\"twitter:data1\" content=\"Aconteceu no Vale\" \/>\n\t<meta name=\"twitter:label2\" content=\"Est. tempo de leitura\" \/>\n\t<meta name=\"twitter:data2\" content=\"4 minutos\" \/>\n<script type=\"application\/ld+json\" class=\"yoast-schema-graph\">{\"@context\":\"https:\\\/\\\/schema.org\",\"@graph\":[{\"@type\":\"Article\",\"@id\":\"https:\\\/\\\/aconteceunovale.com.br\\\/portal\\\/?p=76996#article\",\"isPartOf\":{\"@id\":\"https:\\\/\\\/aconteceunovale.com.br\\\/portal\\\/?p=76996\"},\"author\":{\"name\":\"Aconteceu no Vale\",\"@id\":\"https:\\\/\\\/aconteceunovale.com.br\\\/portal\\\/#\\\/schema\\\/person\\\/633529146f2c94272bef50ac2953d589\"},\"headline\":\"Ex-reitor da UFJF \u00e9 condenado a dois anos de pris\u00e3o\",\"datePublished\":\"2016-01-18T23:24:33+00:00\",\"mainEntityOfPage\":{\"@id\":\"https:\\\/\\\/aconteceunovale.com.br\\\/portal\\\/?p=76996\"},\"wordCount\":796,\"commentCount\":0,\"image\":{\"@id\":\"https:\\\/\\\/aconteceunovale.com.br\\\/portal\\\/?p=76996#primaryimage\"},\"thumbnailUrl\":\"https:\\\/\\\/aconteceunovale.com.br\\\/portal\\\/wp-content\\\/uploads\\\/2015\\\/08\\\/condenado.jpg\",\"keywords\":[\"Andr\u00e9 Luiz de Lima Cabral\",\"condena\u00e7\u00e3o Ex-reitor da UFJF\",\"Ex-reitor da UFJF \u00e9 condenado\",\"Ex-reitor da UFJF \u00e9 condenado a dois anos de pris\u00e3o\",\"Henrique Duque de Miranda Chaves Filho\",\"UFJF\",\"Universidade Federal de Juiz de Fora\"],\"articleSection\":[\"Educa\u00e7\u00e3o\",\"Minas Gerais\"],\"inLanguage\":\"pt-BR\",\"potentialAction\":[{\"@type\":\"CommentAction\",\"name\":\"Comment\",\"target\":[\"https:\\\/\\\/aconteceunovale.com.br\\\/portal\\\/?p=76996#respond\"]}]},{\"@type\":\"WebPage\",\"@id\":\"https:\\\/\\\/aconteceunovale.com.br\\\/portal\\\/?p=76996\",\"url\":\"https:\\\/\\\/aconteceunovale.com.br\\\/portal\\\/?p=76996\",\"name\":\"Ex-reitor da UFJF \u00e9 condenado a dois anos de pris\u00e3o - Aconteceu no Vale\",\"isPartOf\":{\"@id\":\"https:\\\/\\\/aconteceunovale.com.br\\\/portal\\\/#website\"},\"primaryImageOfPage\":{\"@id\":\"https:\\\/\\\/aconteceunovale.com.br\\\/portal\\\/?p=76996#primaryimage\"},\"image\":{\"@id\":\"https:\\\/\\\/aconteceunovale.com.br\\\/portal\\\/?p=76996#primaryimage\"},\"thumbnailUrl\":\"https:\\\/\\\/aconteceunovale.com.br\\\/portal\\\/wp-content\\\/uploads\\\/2015\\\/08\\\/condenado.jpg\",\"datePublished\":\"2016-01-18T23:24:33+00:00\",\"author\":{\"@id\":\"https:\\\/\\\/aconteceunovale.com.br\\\/portal\\\/#\\\/schema\\\/person\\\/633529146f2c94272bef50ac2953d589\"},\"breadcrumb\":{\"@id\":\"https:\\\/\\\/aconteceunovale.com.br\\\/portal\\\/?p=76996#breadcrumb\"},\"inLanguage\":\"pt-BR\",\"potentialAction\":[{\"@type\":\"ReadAction\",\"target\":[\"https:\\\/\\\/aconteceunovale.com.br\\\/portal\\\/?p=76996\"]}]},{\"@type\":\"ImageObject\",\"inLanguage\":\"pt-BR\",\"@id\":\"https:\\\/\\\/aconteceunovale.com.br\\\/portal\\\/?p=76996#primaryimage\",\"url\":\"https:\\\/\\\/aconteceunovale.com.br\\\/portal\\\/wp-content\\\/uploads\\\/2015\\\/08\\\/condenado.jpg\",\"contentUrl\":\"https:\\\/\\\/aconteceunovale.com.br\\\/portal\\\/wp-content\\\/uploads\\\/2015\\\/08\\\/condenado.jpg\",\"width\":505,\"height\":332},{\"@type\":\"BreadcrumbList\",\"@id\":\"https:\\\/\\\/aconteceunovale.com.br\\\/portal\\\/?p=76996#breadcrumb\",\"itemListElement\":[{\"@type\":\"ListItem\",\"position\":1,\"name\":\"In\u00edcio\",\"item\":\"https:\\\/\\\/aconteceunovale.com.br\\\/portal\\\/\"},{\"@type\":\"ListItem\",\"position\":2,\"name\":\"Ex-reitor da UFJF \u00e9 condenado a dois anos de pris\u00e3o\"}]},{\"@type\":\"WebSite\",\"@id\":\"https:\\\/\\\/aconteceunovale.com.br\\\/portal\\\/#website\",\"url\":\"https:\\\/\\\/aconteceunovale.com.br\\\/portal\\\/\",\"name\":\"Aconteceu no Vale\",\"description\":\"Portal de Not\u00edcias\",\"potentialAction\":[{\"@type\":\"SearchAction\",\"target\":{\"@type\":\"EntryPoint\",\"urlTemplate\":\"https:\\\/\\\/aconteceunovale.com.br\\\/portal\\\/?s={search_term_string}\"},\"query-input\":{\"@type\":\"PropertyValueSpecification\",\"valueRequired\":true,\"valueName\":\"search_term_string\"}}],\"inLanguage\":\"pt-BR\"},{\"@type\":\"Person\",\"@id\":\"https:\\\/\\\/aconteceunovale.com.br\\\/portal\\\/#\\\/schema\\\/person\\\/633529146f2c94272bef50ac2953d589\",\"name\":\"Aconteceu no Vale\",\"description\":\"Equipe de reportagem do Aconteceu no Vale, portal de not\u00edcias do Vale do Jequitinhonha, em Minas Gerais. Cobrimos as 51 cidades do Vale desde 2013. Sugest\u00f5es de pauta e pedidos de corre\u00e7\u00e3o: contato@aconteceunovale.com.br\",\"sameAs\":[\"http:\\\/\\\/www.aconteceunovale.com.br\"],\"url\":\"https:\\\/\\\/aconteceunovale.com.br\\\/portal\\\/?author=1\"}]}<\/script>\n<!-- \/ Yoast SEO plugin. -->","yoast_head_json":{"title":"Ex-reitor da UFJF \u00e9 condenado a dois anos de pris\u00e3o - Aconteceu no Vale","robots":{"index":"index","follow":"follow","max-snippet":"max-snippet:-1","max-image-preview":"max-image-preview:large","max-video-preview":"max-video-preview:-1"},"canonical":"https:\/\/aconteceunovale.com.br\/portal\/?p=76996","og_locale":"pt_BR","og_type":"article","og_title":"Ex-reitor da UFJF \u00e9 condenado a dois anos de pris\u00e3o - Aconteceu no Vale","og_description":"O Minist\u00e9rio P\u00fablico Federal (MPF) obteve a condena\u00e7\u00e3o de Henrique Duque de Miranda Chaves Filho, ex-reitor da Universidade Federal de Juiz de Fora (UFJF), e de Andr\u00e9 Luiz de Lima Cabral, diretor executivo da Funda\u00e7\u00e3o de Apoio e Desenvolvimento ao Ensino, Pesquisa e Extens\u00e3o (FADEPE), pelo crime previsto no artigo 10 da Lei 7.347\/1985, que [&hellip;]","og_url":"https:\/\/aconteceunovale.com.br\/portal\/?p=76996","og_site_name":"Aconteceu no Vale","article_publisher":"https:\/\/www.facebook.com\/aconteceunovale\/","article_published_time":"2016-01-18T23:24:33+00:00","og_image":[{"width":505,"height":332,"url":"https:\/\/aconteceunovale.com.br\/portal\/wp-content\/uploads\/2015\/08\/condenado.jpg","type":"image\/jpeg"}],"author":"Aconteceu no Vale","twitter_card":"summary_large_image","twitter_creator":"@noticiadosvales","twitter_site":"@noticiadosvales","twitter_misc":{"Escrito por":"Aconteceu no Vale","Est. tempo de leitura":"4 minutos"},"schema":{"@context":"https:\/\/schema.org","@graph":[{"@type":"Article","@id":"https:\/\/aconteceunovale.com.br\/portal\/?p=76996#article","isPartOf":{"@id":"https:\/\/aconteceunovale.com.br\/portal\/?p=76996"},"author":{"name":"Aconteceu no Vale","@id":"https:\/\/aconteceunovale.com.br\/portal\/#\/schema\/person\/633529146f2c94272bef50ac2953d589"},"headline":"Ex-reitor da UFJF \u00e9 condenado a dois anos de pris\u00e3o","datePublished":"2016-01-18T23:24:33+00:00","mainEntityOfPage":{"@id":"https:\/\/aconteceunovale.com.br\/portal\/?p=76996"},"wordCount":796,"commentCount":0,"image":{"@id":"https:\/\/aconteceunovale.com.br\/portal\/?p=76996#primaryimage"},"thumbnailUrl":"https:\/\/aconteceunovale.com.br\/portal\/wp-content\/uploads\/2015\/08\/condenado.jpg","keywords":["Andr\u00e9 Luiz de Lima Cabral","condena\u00e7\u00e3o Ex-reitor da UFJF","Ex-reitor da UFJF \u00e9 condenado","Ex-reitor da UFJF \u00e9 condenado a dois anos de pris\u00e3o","Henrique Duque de Miranda Chaves Filho","UFJF","Universidade Federal de Juiz de Fora"],"articleSection":["Educa\u00e7\u00e3o","Minas Gerais"],"inLanguage":"pt-BR","potentialAction":[{"@type":"CommentAction","name":"Comment","target":["https:\/\/aconteceunovale.com.br\/portal\/?p=76996#respond"]}]},{"@type":"WebPage","@id":"https:\/\/aconteceunovale.com.br\/portal\/?p=76996","url":"https:\/\/aconteceunovale.com.br\/portal\/?p=76996","name":"Ex-reitor da UFJF \u00e9 condenado a dois anos de pris\u00e3o - Aconteceu no Vale","isPartOf":{"@id":"https:\/\/aconteceunovale.com.br\/portal\/#website"},"primaryImageOfPage":{"@id":"https:\/\/aconteceunovale.com.br\/portal\/?p=76996#primaryimage"},"image":{"@id":"https:\/\/aconteceunovale.com.br\/portal\/?p=76996#primaryimage"},"thumbnailUrl":"https:\/\/aconteceunovale.com.br\/portal\/wp-content\/uploads\/2015\/08\/condenado.jpg","datePublished":"2016-01-18T23:24:33+00:00","author":{"@id":"https:\/\/aconteceunovale.com.br\/portal\/#\/schema\/person\/633529146f2c94272bef50ac2953d589"},"breadcrumb":{"@id":"https:\/\/aconteceunovale.com.br\/portal\/?p=76996#breadcrumb"},"inLanguage":"pt-BR","potentialAction":[{"@type":"ReadAction","target":["https:\/\/aconteceunovale.com.br\/portal\/?p=76996"]}]},{"@type":"ImageObject","inLanguage":"pt-BR","@id":"https:\/\/aconteceunovale.com.br\/portal\/?p=76996#primaryimage","url":"https:\/\/aconteceunovale.com.br\/portal\/wp-content\/uploads\/2015\/08\/condenado.jpg","contentUrl":"https:\/\/aconteceunovale.com.br\/portal\/wp-content\/uploads\/2015\/08\/condenado.jpg","width":505,"height":332},{"@type":"BreadcrumbList","@id":"https:\/\/aconteceunovale.com.br\/portal\/?p=76996#breadcrumb","itemListElement":[{"@type":"ListItem","position":1,"name":"In\u00edcio","item":"https:\/\/aconteceunovale.com.br\/portal\/"},{"@type":"ListItem","position":2,"name":"Ex-reitor da UFJF \u00e9 condenado a dois anos de pris\u00e3o"}]},{"@type":"WebSite","@id":"https:\/\/aconteceunovale.com.br\/portal\/#website","url":"https:\/\/aconteceunovale.com.br\/portal\/","name":"Aconteceu no Vale","description":"Portal de Not\u00edcias","potentialAction":[{"@type":"SearchAction","target":{"@type":"EntryPoint","urlTemplate":"https:\/\/aconteceunovale.com.br\/portal\/?s={search_term_string}"},"query-input":{"@type":"PropertyValueSpecification","valueRequired":true,"valueName":"search_term_string"}}],"inLanguage":"pt-BR"},{"@type":"Person","@id":"https:\/\/aconteceunovale.com.br\/portal\/#\/schema\/person\/633529146f2c94272bef50ac2953d589","name":"Aconteceu no Vale","description":"Equipe de reportagem do Aconteceu no Vale, portal de not\u00edcias do Vale do Jequitinhonha, em Minas Gerais. Cobrimos as 51 cidades do Vale desde 2013. Sugest\u00f5es de pauta e pedidos de corre\u00e7\u00e3o: contato@aconteceunovale.com.br","sameAs":["http:\/\/www.aconteceunovale.com.br"],"url":"https:\/\/aconteceunovale.com.br\/portal\/?author=1"}]}},"_links":{"self":[{"href":"https:\/\/aconteceunovale.com.br\/portal\/index.php?rest_route=\/wp\/v2\/posts\/76996","targetHints":{"allow":["GET"]}}],"collection":[{"href":"https:\/\/aconteceunovale.com.br\/portal\/index.php?rest_route=\/wp\/v2\/posts"}],"about":[{"href":"https:\/\/aconteceunovale.com.br\/portal\/index.php?rest_route=\/wp\/v2\/types\/post"}],"author":[{"embeddable":true,"href":"https:\/\/aconteceunovale.com.br\/portal\/index.php?rest_route=\/wp\/v2\/users\/1"}],"replies":[{"embeddable":true,"href":"https:\/\/aconteceunovale.com.br\/portal\/index.php?rest_route=%2Fwp%2Fv2%2Fcomments&post=76996"}],"version-history":[{"count":0,"href":"https:\/\/aconteceunovale.com.br\/portal\/index.php?rest_route=\/wp\/v2\/posts\/76996\/revisions"}],"wp:featuredmedia":[{"embeddable":true,"href":"https:\/\/aconteceunovale.com.br\/portal\/index.php?rest_route=\/wp\/v2\/media\/65880"}],"wp:attachment":[{"href":"https:\/\/aconteceunovale.com.br\/portal\/index.php?rest_route=%2Fwp%2Fv2%2Fmedia&parent=76996"}],"wp:term":[{"taxonomy":"category","embeddable":true,"href":"https:\/\/aconteceunovale.com.br\/portal\/index.php?rest_route=%2Fwp%2Fv2%2Fcategories&post=76996"},{"taxonomy":"post_tag","embeddable":true,"href":"https:\/\/aconteceunovale.com.br\/portal\/index.php?rest_route=%2Fwp%2Fv2%2Ftags&post=76996"}],"curies":[{"name":"wp","href":"https:\/\/api.w.org\/{rel}","templated":true}]}}