{"id":76977,"date":"2016-01-18T19:20:46","date_gmt":"2016-01-18T22:20:46","guid":{"rendered":"http:\/\/aconteceunovale.com.br\/portal\/?p=76977"},"modified":"2016-01-18T19:20:46","modified_gmt":"2016-01-18T22:20:46","slug":"samarco-vale-e-bhp-aceitam-acordo-judicial-para-revitalizar-bacia-do-rio-doce","status":"publish","type":"post","link":"https:\/\/aconteceunovale.com.br\/portal\/?p=76977","title":{"rendered":"Samarco, Vale e BHP aceitam acordo judicial para revitalizar Bacia do Rio Doce"},"content":{"rendered":"<p>O governo federal e os estados de Minas Gerais e Esp\u00edrito Santo sinalizaram hoje (18\/01) com a possibilidade de um acordo judicial com as empresas respons\u00e1veis pelos danos sociais, ambientais e econ\u00f4micos provocados pelo rompimento da Barragem Fund\u00e3o, em Mariana (MG), em novembro do ano passado.<\/p>\n<p>De acordo com a ministra do Meio Ambiente, Izabella Teixeira, as empresas Samarco, Vale e BHP (controladoras da Samarco) pretendem cumprir a decis\u00e3o judicial de recuperar a Bacia do Rio Doce mediante acordo com a Uni\u00e3o e os governos dos dois estados. Ap\u00f3s o rompimento da barragem da mineradora Samarco, os governos estaduais e federal entraram na Justi\u00e7a com uma a\u00e7\u00e3o civil p\u00fablica pedindo indeniza\u00e7\u00e3o de pelo menos R$ 20 bilh\u00f5es pelos danos.<\/p>\n<p>Segundo Izabella Teixeira, a Justi\u00e7a concedeu uma liminar \u00e0 Uni\u00e3o e aos estados determinando uma s\u00e9rie de obriga\u00e7\u00f5es para as empresas. Hoje, elas apresentaram a proposta de acordo, mas n\u00e3o adiantaram o conte\u00fado. Nesta ter\u00e7a-feira (19), haver\u00e1 uma reuni\u00e3o em Minas Gerais entre os representantes das partes para discutir o assunto.<\/p>\n<p>Izabella Teixeira acrescentou que a Vale do Rio Doce, em nome das duas outras empresas, procurou o comit\u00ea [de revitaliza\u00e7\u00e3o da bacia] para informar que quer fazer o acordo na Justi\u00e7a.<\/p>\n<p>&#8220;Portanto, ela quer alocar os recursos necess\u00e1rios, quer ter transpar\u00eancia nas a\u00e7\u00f5es, quer efetivamente, junto com as demais empresas, recuperar a Bacia do Rio Doce. N\u00e3o quer ficar eternamente em disputa judicial. De maneira objetiva, a procura foi sinalizar concretamente que querem buscar um acordo. Estamos aqui dizendo que vamos sentar com o juiz, com o Minist\u00e9rio P\u00fablico e procurarmos consenso para o acordo&#8221;, afirmou a ministra.<\/p>\n<p>Conforme o Advogado-Geral da Uni\u00e3o, Lu\u00eds In\u00e1cio Adams, o governo pretende ter uma defini\u00e7\u00e3o sobre o assunto at\u00e9 o in\u00edcio de fevereiro. Para Adams, h\u00e1 a possibilidade de o acordo ser fechado.<\/p>\n<p>&#8220;Entendemos que o acordo tem de ter um sistema de financiamento claro, objetivo, que garanta que as a\u00e7\u00f5es ser\u00e3o devidamente sustentadas economicamente no curso da execu\u00e7\u00e3o, al\u00e9m de uma defini\u00e7\u00e3o de a\u00e7\u00f5es que mostre claramente a realiza\u00e7\u00e3o do processo de recupera\u00e7\u00e3o naquilo que estabelecemos&#8221;, destacou.<\/p>\n<p>Adams explicou que a inten\u00e7\u00e3o do governo \u00e9 que o acordo resulte em uma governan\u00e7a efetiva envolvendo os atores p\u00fablicos e privados, mas que seja feita &#8220;basicamente pelo setor privado&#8221;. De acordo com o advogado-geral de Minas Gerais, Onofre Batista J\u00fanior, o desenho da execu\u00e7\u00e3o por mecanismos privados \u00e9 mais &#8220;palat\u00e1vel&#8221;, j\u00e1 que a &#8220;forma tradicional&#8221; acarretaria a descapitaliza\u00e7\u00e3o da empresa e o envio de uma quantidade &#8220;de dinheiro enorme&#8221; em um fundo p\u00fablico, que teria dificuldades em execut\u00e1-lo.<\/p>\n<p>Para o Advogado-Geral da Uni\u00e3o, os R$ 20 bilh\u00f5es s\u00e3o uma refer\u00eancia mas n\u00e3o devem ser &#8220;um fim em si mesmo&#8221;. &#8220;Temos uma estimativa. Os R$ 20 bilh\u00f5es s\u00e3o uma estimativa. A rigor n\u00e3o existe n\u00famero certo. O mais importante \u00e9 o foco nas a\u00e7\u00f5es. Nosso objetivo n\u00e3o \u00e9 sentar em uma montanha de dinheiro, mas ter a\u00e7\u00f5es efetivas. O fim s\u00e3o as a\u00e7\u00f5es. Todo acordo vai buscar trabalhar esses elementos.&#8221;<\/p>\n<p>A ministra Izabella Teixeira disse que a liminar concedida pela Justi\u00e7a determinou uma primeira parcela de R$ 2 bilh\u00f5es, conforme solicitado pela Uni\u00e3o e estados na a\u00e7\u00e3o civil p\u00fablica. Segundo o advogado-geral do Esp\u00edrito Santo, Rodrigo Rabello, o acordo precisa englobar as tr\u00eas empresas. &#8220;Precisamos que as tr\u00eas empresas estejam envolvidas no acordo. Isto \u00e9 muito importante para n\u00f3s.&#8221; Izabella lembrou ainda a necessidade de a governan\u00e7a do recurso passar por uma administra\u00e7\u00e3o privada.<\/p>\n<p>No dia 5 de novembro do ano passado, o rompimento da Barragem de Fund\u00e3o derramou 32 milh\u00f5es de metros c\u00fabicos de lama de rejeitos de minera\u00e7\u00e3o no Rio Doce. O epis\u00f3dio causou a morte de 17 pessoas, destruiu munic\u00edpios e continua causando impactos ambientais graves no rio e no oceano.<\/p>\n<p>Na semana passada, ap\u00f3s descumprir por duas vezes o prazo, a Samarco entregou os planos de emerg\u00eancia das barragens de Santar\u00e9m e do Germano, que sofreram danos ap\u00f3s o rompimento de Fund\u00e3o.<\/p>\n<p>Nesta segunda-feira (18), o Minist\u00e9rio de Minas e Energia determinou que as empresas operadoras de barragens de minera\u00e7\u00e3o apresentem em 15 dias o comprovante de entrega do Plano de A\u00e7\u00e3o de Emerg\u00eancia de Barragem de Minera\u00e7\u00e3o para os \u00f3rg\u00e3os estaduais e municipais. (Ag\u00eancia Brasil)<\/p>\n","protected":false},"excerpt":{"rendered":"<p>O governo federal e os estados de Minas Gerais e Esp\u00edrito Santo sinalizaram hoje (18\/01) com a possibilidade de um acordo judicial com as empresas respons\u00e1veis pelos danos sociais, ambientais e econ\u00f4micos provocados pelo rompimento da Barragem Fund\u00e3o, em Mariana (MG), em novembro do ano passado. De acordo com a ministra do Meio Ambiente, Izabella [&hellip;]<\/p>\n","protected":false},"author":1,"featured_media":76284,"comment_status":"open","ping_status":"closed","sticky":false,"template":"","format":"standard","meta":{"amp_status":"","footnotes":""},"categories":[123],"tags":[58120,21801,59520,74202,74201,36063,25807,7363,74203,36062,66597,69326,67801,32642,74199,65289,65291,65288,2910,74200],"class_list":["post-76977","post","type-post","status-publish","format-standard","has-post-thumbnail","hentry","category-gerais","tag-acordo","tag-bacia-do-rio-doce","tag-bento-rodrigues","tag-bhp","tag-bhp-aceita-acordo-judicial-para-revitalizar-bacia-do-rio-doce","tag-izabella-teixeira","tag-justica","tag-mariana","tag-ministra","tag-ministra-do-meio-ambiente","tag-recuperacao-da-bacia-do-rio-doce","tag-revitalizacao-da-bacia-do-rio-doce","tag-rompimento-da-barragem-fundao","tag-samarco","tag-samarco-aceita-acordo-judicial-para-revitalizar-bacia-do-rio-doce","tag-tragedia-bento-rodrigues","tag-tragedia-mariana","tag-tragedia-samarco","tag-vale","tag-vale-aceita-acordo-judicial-para-revitalizar-bacia-do-rio-doce"],"yoast_head":"<!-- This site is optimized with the Yoast SEO plugin v28.3 - https:\/\/yoast.com\/product\/yoast-seo-wordpress\/ -->\n<title>Samarco, Vale e BHP aceitam acordo judicial para revitalizar Bacia do Rio Doce - Aconteceu no Vale<\/title>\n<meta name=\"robots\" content=\"index, follow, max-snippet:-1, max-image-preview:large, max-video-preview:-1\" \/>\n<link rel=\"canonical\" href=\"https:\/\/aconteceunovale.com.br\/portal\/?p=76977\" \/>\n<meta property=\"og:locale\" content=\"pt_BR\" \/>\n<meta property=\"og:type\" content=\"article\" \/>\n<meta property=\"og:title\" content=\"Samarco, Vale e BHP aceitam acordo judicial para revitalizar Bacia do Rio Doce - Aconteceu no Vale\" \/>\n<meta property=\"og:description\" content=\"O governo federal e os estados de Minas Gerais e Esp\u00edrito Santo sinalizaram hoje (18\/01) com a possibilidade de um acordo judicial com as empresas respons\u00e1veis pelos danos sociais, ambientais e econ\u00f4micos provocados pelo rompimento da Barragem Fund\u00e3o, em Mariana (MG), em novembro do ano passado. De acordo com a ministra do Meio Ambiente, Izabella [&hellip;]\" \/>\n<meta property=\"og:url\" content=\"https:\/\/aconteceunovale.com.br\/portal\/?p=76977\" \/>\n<meta property=\"og:site_name\" content=\"Aconteceu no Vale\" \/>\n<meta property=\"article:publisher\" content=\"https:\/\/www.facebook.com\/aconteceunovale\/\" \/>\n<meta property=\"article:published_time\" content=\"2016-01-18T22:20:46+00:00\" \/>\n<meta property=\"og:image\" content=\"https:\/\/aconteceunovale.com.br\/portal\/wp-content\/uploads\/2016\/01\/bacia_do_rio_doce.jpg\" \/>\n\t<meta property=\"og:image:width\" content=\"660\" \/>\n\t<meta property=\"og:image:height\" content=\"410\" \/>\n\t<meta property=\"og:image:type\" content=\"image\/jpeg\" \/>\n<meta name=\"author\" content=\"Aconteceu no Vale\" \/>\n<meta name=\"twitter:card\" content=\"summary_large_image\" \/>\n<meta name=\"twitter:creator\" content=\"@noticiadosvales\" \/>\n<meta name=\"twitter:site\" content=\"@noticiadosvales\" \/>\n<meta name=\"twitter:label1\" content=\"Escrito por\" \/>\n\t<meta name=\"twitter:data1\" content=\"Aconteceu no Vale\" \/>\n\t<meta name=\"twitter:label2\" content=\"Est. tempo de leitura\" \/>\n\t<meta name=\"twitter:data2\" content=\"4 minutos\" \/>\n<script type=\"application\/ld+json\" class=\"yoast-schema-graph\">{\"@context\":\"https:\\\/\\\/schema.org\",\"@graph\":[{\"@type\":\"Article\",\"@id\":\"https:\\\/\\\/aconteceunovale.com.br\\\/portal\\\/?p=76977#article\",\"isPartOf\":{\"@id\":\"https:\\\/\\\/aconteceunovale.com.br\\\/portal\\\/?p=76977\"},\"author\":{\"name\":\"Aconteceu no Vale\",\"@id\":\"https:\\\/\\\/aconteceunovale.com.br\\\/portal\\\/#\\\/schema\\\/person\\\/633529146f2c94272bef50ac2953d589\"},\"headline\":\"Samarco, Vale e BHP aceitam acordo judicial para revitalizar Bacia do Rio Doce\",\"datePublished\":\"2016-01-18T22:20:46+00:00\",\"mainEntityOfPage\":{\"@id\":\"https:\\\/\\\/aconteceunovale.com.br\\\/portal\\\/?p=76977\"},\"wordCount\":784,\"commentCount\":0,\"image\":{\"@id\":\"https:\\\/\\\/aconteceunovale.com.br\\\/portal\\\/?p=76977#primaryimage\"},\"thumbnailUrl\":\"https:\\\/\\\/aconteceunovale.com.br\\\/portal\\\/wp-content\\\/uploads\\\/2016\\\/01\\\/bacia_do_rio_doce.jpg\",\"keywords\":[\"acordo\",\"Bacia do Rio Doce\",\"Bento Rodrigues\",\"BHP\",\"BHP aceita acordo judicial para revitalizar Bacia do Rio Doce\",\"Izabella Teixeira\",\"Justi\u00e7a\",\"Mariana\",\"ministra\",\"ministra do Meio Ambiente\",\"recupera\u00e7\u00e3o da Bacia do Rio Doce\",\"revitaliza\u00e7\u00e3o da Bacia do Rio Doce\",\"rompimento da barragem Fund\u00e3o\",\"Samarco\",\"Samarco aceita acordo judicial para revitalizar Bacia do Rio Doce\",\"trag\u00e9dia bento rodrigues\",\"trag\u00e9dia mariana\",\"trag\u00e9dia samarco\",\"Vale\",\"Vale aceita acordo judicial para revitalizar Bacia do Rio Doce\"],\"articleSection\":[\"Minas Gerais\"],\"inLanguage\":\"pt-BR\",\"potentialAction\":[{\"@type\":\"CommentAction\",\"name\":\"Comment\",\"target\":[\"https:\\\/\\\/aconteceunovale.com.br\\\/portal\\\/?p=76977#respond\"]}]},{\"@type\":\"WebPage\",\"@id\":\"https:\\\/\\\/aconteceunovale.com.br\\\/portal\\\/?p=76977\",\"url\":\"https:\\\/\\\/aconteceunovale.com.br\\\/portal\\\/?p=76977\",\"name\":\"Samarco, Vale e BHP aceitam acordo judicial para revitalizar Bacia do Rio Doce - Aconteceu no Vale\",\"isPartOf\":{\"@id\":\"https:\\\/\\\/aconteceunovale.com.br\\\/portal\\\/#website\"},\"primaryImageOfPage\":{\"@id\":\"https:\\\/\\\/aconteceunovale.com.br\\\/portal\\\/?p=76977#primaryimage\"},\"image\":{\"@id\":\"https:\\\/\\\/aconteceunovale.com.br\\\/portal\\\/?p=76977#primaryimage\"},\"thumbnailUrl\":\"https:\\\/\\\/aconteceunovale.com.br\\\/portal\\\/wp-content\\\/uploads\\\/2016\\\/01\\\/bacia_do_rio_doce.jpg\",\"datePublished\":\"2016-01-18T22:20:46+00:00\",\"author\":{\"@id\":\"https:\\\/\\\/aconteceunovale.com.br\\\/portal\\\/#\\\/schema\\\/person\\\/633529146f2c94272bef50ac2953d589\"},\"breadcrumb\":{\"@id\":\"https:\\\/\\\/aconteceunovale.com.br\\\/portal\\\/?p=76977#breadcrumb\"},\"inLanguage\":\"pt-BR\",\"potentialAction\":[{\"@type\":\"ReadAction\",\"target\":[\"https:\\\/\\\/aconteceunovale.com.br\\\/portal\\\/?p=76977\"]}]},{\"@type\":\"ImageObject\",\"inLanguage\":\"pt-BR\",\"@id\":\"https:\\\/\\\/aconteceunovale.com.br\\\/portal\\\/?p=76977#primaryimage\",\"url\":\"https:\\\/\\\/aconteceunovale.com.br\\\/portal\\\/wp-content\\\/uploads\\\/2016\\\/01\\\/bacia_do_rio_doce.jpg\",\"contentUrl\":\"https:\\\/\\\/aconteceunovale.com.br\\\/portal\\\/wp-content\\\/uploads\\\/2016\\\/01\\\/bacia_do_rio_doce.jpg\",\"width\":660,\"height\":410},{\"@type\":\"BreadcrumbList\",\"@id\":\"https:\\\/\\\/aconteceunovale.com.br\\\/portal\\\/?p=76977#breadcrumb\",\"itemListElement\":[{\"@type\":\"ListItem\",\"position\":1,\"name\":\"In\u00edcio\",\"item\":\"https:\\\/\\\/aconteceunovale.com.br\\\/portal\\\/\"},{\"@type\":\"ListItem\",\"position\":2,\"name\":\"Samarco, Vale e BHP aceitam acordo judicial para revitalizar Bacia do Rio Doce\"}]},{\"@type\":\"WebSite\",\"@id\":\"https:\\\/\\\/aconteceunovale.com.br\\\/portal\\\/#website\",\"url\":\"https:\\\/\\\/aconteceunovale.com.br\\\/portal\\\/\",\"name\":\"Aconteceu no Vale\",\"description\":\"Portal de Not\u00edcias\",\"potentialAction\":[{\"@type\":\"SearchAction\",\"target\":{\"@type\":\"EntryPoint\",\"urlTemplate\":\"https:\\\/\\\/aconteceunovale.com.br\\\/portal\\\/?s={search_term_string}\"},\"query-input\":{\"@type\":\"PropertyValueSpecification\",\"valueRequired\":true,\"valueName\":\"search_term_string\"}}],\"inLanguage\":\"pt-BR\"},{\"@type\":\"Person\",\"@id\":\"https:\\\/\\\/aconteceunovale.com.br\\\/portal\\\/#\\\/schema\\\/person\\\/633529146f2c94272bef50ac2953d589\",\"name\":\"Aconteceu no Vale\",\"description\":\"Equipe de reportagem do Aconteceu no Vale, portal de not\u00edcias do Vale do Jequitinhonha, em Minas Gerais. Cobrimos as 51 cidades do Vale desde 2013. Sugest\u00f5es de pauta e pedidos de corre\u00e7\u00e3o: contato@aconteceunovale.com.br\",\"sameAs\":[\"http:\\\/\\\/www.aconteceunovale.com.br\"],\"url\":\"https:\\\/\\\/aconteceunovale.com.br\\\/portal\\\/?author=1\"}]}<\/script>\n<!-- \/ Yoast SEO plugin. -->","yoast_head_json":{"title":"Samarco, Vale e BHP aceitam acordo judicial para revitalizar Bacia do Rio Doce - Aconteceu no Vale","robots":{"index":"index","follow":"follow","max-snippet":"max-snippet:-1","max-image-preview":"max-image-preview:large","max-video-preview":"max-video-preview:-1"},"canonical":"https:\/\/aconteceunovale.com.br\/portal\/?p=76977","og_locale":"pt_BR","og_type":"article","og_title":"Samarco, Vale e BHP aceitam acordo judicial para revitalizar Bacia do Rio Doce - Aconteceu no Vale","og_description":"O governo federal e os estados de Minas Gerais e Esp\u00edrito Santo sinalizaram hoje (18\/01) com a possibilidade de um acordo judicial com as empresas respons\u00e1veis pelos danos sociais, ambientais e econ\u00f4micos provocados pelo rompimento da Barragem Fund\u00e3o, em Mariana (MG), em novembro do ano passado. De acordo com a ministra do Meio Ambiente, Izabella [&hellip;]","og_url":"https:\/\/aconteceunovale.com.br\/portal\/?p=76977","og_site_name":"Aconteceu no Vale","article_publisher":"https:\/\/www.facebook.com\/aconteceunovale\/","article_published_time":"2016-01-18T22:20:46+00:00","og_image":[{"width":660,"height":410,"url":"https:\/\/aconteceunovale.com.br\/portal\/wp-content\/uploads\/2016\/01\/bacia_do_rio_doce.jpg","type":"image\/jpeg"}],"author":"Aconteceu no Vale","twitter_card":"summary_large_image","twitter_creator":"@noticiadosvales","twitter_site":"@noticiadosvales","twitter_misc":{"Escrito por":"Aconteceu no Vale","Est. tempo de leitura":"4 minutos"},"schema":{"@context":"https:\/\/schema.org","@graph":[{"@type":"Article","@id":"https:\/\/aconteceunovale.com.br\/portal\/?p=76977#article","isPartOf":{"@id":"https:\/\/aconteceunovale.com.br\/portal\/?p=76977"},"author":{"name":"Aconteceu no Vale","@id":"https:\/\/aconteceunovale.com.br\/portal\/#\/schema\/person\/633529146f2c94272bef50ac2953d589"},"headline":"Samarco, Vale e BHP aceitam acordo judicial para revitalizar Bacia do Rio Doce","datePublished":"2016-01-18T22:20:46+00:00","mainEntityOfPage":{"@id":"https:\/\/aconteceunovale.com.br\/portal\/?p=76977"},"wordCount":784,"commentCount":0,"image":{"@id":"https:\/\/aconteceunovale.com.br\/portal\/?p=76977#primaryimage"},"thumbnailUrl":"https:\/\/aconteceunovale.com.br\/portal\/wp-content\/uploads\/2016\/01\/bacia_do_rio_doce.jpg","keywords":["acordo","Bacia do Rio Doce","Bento Rodrigues","BHP","BHP aceita acordo judicial para revitalizar Bacia do Rio Doce","Izabella Teixeira","Justi\u00e7a","Mariana","ministra","ministra do Meio Ambiente","recupera\u00e7\u00e3o da Bacia do Rio Doce","revitaliza\u00e7\u00e3o da Bacia do Rio Doce","rompimento da barragem Fund\u00e3o","Samarco","Samarco aceita acordo judicial para revitalizar Bacia do Rio Doce","trag\u00e9dia bento rodrigues","trag\u00e9dia mariana","trag\u00e9dia samarco","Vale","Vale aceita acordo judicial para revitalizar Bacia do Rio Doce"],"articleSection":["Minas Gerais"],"inLanguage":"pt-BR","potentialAction":[{"@type":"CommentAction","name":"Comment","target":["https:\/\/aconteceunovale.com.br\/portal\/?p=76977#respond"]}]},{"@type":"WebPage","@id":"https:\/\/aconteceunovale.com.br\/portal\/?p=76977","url":"https:\/\/aconteceunovale.com.br\/portal\/?p=76977","name":"Samarco, Vale e BHP aceitam acordo judicial para revitalizar Bacia do Rio Doce - Aconteceu no Vale","isPartOf":{"@id":"https:\/\/aconteceunovale.com.br\/portal\/#website"},"primaryImageOfPage":{"@id":"https:\/\/aconteceunovale.com.br\/portal\/?p=76977#primaryimage"},"image":{"@id":"https:\/\/aconteceunovale.com.br\/portal\/?p=76977#primaryimage"},"thumbnailUrl":"https:\/\/aconteceunovale.com.br\/portal\/wp-content\/uploads\/2016\/01\/bacia_do_rio_doce.jpg","datePublished":"2016-01-18T22:20:46+00:00","author":{"@id":"https:\/\/aconteceunovale.com.br\/portal\/#\/schema\/person\/633529146f2c94272bef50ac2953d589"},"breadcrumb":{"@id":"https:\/\/aconteceunovale.com.br\/portal\/?p=76977#breadcrumb"},"inLanguage":"pt-BR","potentialAction":[{"@type":"ReadAction","target":["https:\/\/aconteceunovale.com.br\/portal\/?p=76977"]}]},{"@type":"ImageObject","inLanguage":"pt-BR","@id":"https:\/\/aconteceunovale.com.br\/portal\/?p=76977#primaryimage","url":"https:\/\/aconteceunovale.com.br\/portal\/wp-content\/uploads\/2016\/01\/bacia_do_rio_doce.jpg","contentUrl":"https:\/\/aconteceunovale.com.br\/portal\/wp-content\/uploads\/2016\/01\/bacia_do_rio_doce.jpg","width":660,"height":410},{"@type":"BreadcrumbList","@id":"https:\/\/aconteceunovale.com.br\/portal\/?p=76977#breadcrumb","itemListElement":[{"@type":"ListItem","position":1,"name":"In\u00edcio","item":"https:\/\/aconteceunovale.com.br\/portal\/"},{"@type":"ListItem","position":2,"name":"Samarco, Vale e BHP aceitam acordo judicial para revitalizar Bacia do Rio Doce"}]},{"@type":"WebSite","@id":"https:\/\/aconteceunovale.com.br\/portal\/#website","url":"https:\/\/aconteceunovale.com.br\/portal\/","name":"Aconteceu no Vale","description":"Portal de Not\u00edcias","potentialAction":[{"@type":"SearchAction","target":{"@type":"EntryPoint","urlTemplate":"https:\/\/aconteceunovale.com.br\/portal\/?s={search_term_string}"},"query-input":{"@type":"PropertyValueSpecification","valueRequired":true,"valueName":"search_term_string"}}],"inLanguage":"pt-BR"},{"@type":"Person","@id":"https:\/\/aconteceunovale.com.br\/portal\/#\/schema\/person\/633529146f2c94272bef50ac2953d589","name":"Aconteceu no Vale","description":"Equipe de reportagem do Aconteceu no Vale, portal de not\u00edcias do Vale do Jequitinhonha, em Minas Gerais. Cobrimos as 51 cidades do Vale desde 2013. Sugest\u00f5es de pauta e pedidos de corre\u00e7\u00e3o: contato@aconteceunovale.com.br","sameAs":["http:\/\/www.aconteceunovale.com.br"],"url":"https:\/\/aconteceunovale.com.br\/portal\/?author=1"}]}},"_links":{"self":[{"href":"https:\/\/aconteceunovale.com.br\/portal\/index.php?rest_route=\/wp\/v2\/posts\/76977","targetHints":{"allow":["GET"]}}],"collection":[{"href":"https:\/\/aconteceunovale.com.br\/portal\/index.php?rest_route=\/wp\/v2\/posts"}],"about":[{"href":"https:\/\/aconteceunovale.com.br\/portal\/index.php?rest_route=\/wp\/v2\/types\/post"}],"author":[{"embeddable":true,"href":"https:\/\/aconteceunovale.com.br\/portal\/index.php?rest_route=\/wp\/v2\/users\/1"}],"replies":[{"embeddable":true,"href":"https:\/\/aconteceunovale.com.br\/portal\/index.php?rest_route=%2Fwp%2Fv2%2Fcomments&post=76977"}],"version-history":[{"count":0,"href":"https:\/\/aconteceunovale.com.br\/portal\/index.php?rest_route=\/wp\/v2\/posts\/76977\/revisions"}],"wp:featuredmedia":[{"embeddable":true,"href":"https:\/\/aconteceunovale.com.br\/portal\/index.php?rest_route=\/wp\/v2\/media\/76284"}],"wp:attachment":[{"href":"https:\/\/aconteceunovale.com.br\/portal\/index.php?rest_route=%2Fwp%2Fv2%2Fmedia&parent=76977"}],"wp:term":[{"taxonomy":"category","embeddable":true,"href":"https:\/\/aconteceunovale.com.br\/portal\/index.php?rest_route=%2Fwp%2Fv2%2Fcategories&post=76977"},{"taxonomy":"post_tag","embeddable":true,"href":"https:\/\/aconteceunovale.com.br\/portal\/index.php?rest_route=%2Fwp%2Fv2%2Ftags&post=76977"}],"curies":[{"name":"wp","href":"https:\/\/api.w.org\/{rel}","templated":true}]}}