{"id":76964,"date":"2016-01-18T14:00:33","date_gmt":"2016-01-18T17:00:33","guid":{"rendered":"http:\/\/aconteceunovale.com.br\/portal\/?p=76964"},"modified":"2016-01-18T14:00:33","modified_gmt":"2016-01-18T17:00:33","slug":"sancionada-lei-que-proibe-eutanasia-de-caes-e-gatos-em-minas-gerais","status":"publish","type":"post","link":"https:\/\/aconteceunovale.com.br\/portal\/?p=76964","title":{"rendered":"Sancionada lei que pro\u00edbe eutan\u00e1sia de c\u00e3es e gatos em Minas Gerais"},"content":{"rendered":"<p>Foi sancionada pelo governador Fernando Pimentel a Lei 21.970, que trata da prote\u00e7\u00e3o, identifica\u00e7\u00e3o e controle populacional de c\u00e3es e gatos no Estado. A norma foi publicada no Di\u00e1rio Oficial do Estado, o Minas Gerais, na edi\u00e7\u00e3o do \u00faltimo s\u00e1bado (16\/1\/16). A mat\u00e9ria tramitou na Assembleia Legislativa de Minas Gerais (ALMG) na forma do Projeto de Lei (PL) 1.132\/15, do deputado Alencar da Silveira Jr. (PDT), e foi aprovada em dezembro pelo Plen\u00e1rio. A nova lei tamb\u00e9m pro\u00edbe a eutan\u00e1sia de animais para fins de controle populacional.<\/p>\n<p>A nova lei determina que, com o apoio do Estado, competir\u00e1 ao munic\u00edpio implementar a\u00e7\u00f5es que promovam a prote\u00e7\u00e3o, a preven\u00e7\u00e3o e a puni\u00e7\u00e3o de maus-tratos e de abandono de c\u00e3es e gatos; a identifica\u00e7\u00e3o e o controle populacional desses animais; e a conscientiza\u00e7\u00e3o da sociedade sobre a import\u00e2ncia da prote\u00e7\u00e3o, da identifica\u00e7\u00e3o e do controle populacional de c\u00e3es e gatos.<\/p>\n<p>Ainda segundo a norma, ser\u00e1 dever do munic\u00edpio disponibilizar processo de identifica\u00e7\u00e3o de c\u00e3es e gatos por meio de dispositivo eletr\u00f4nico subcut\u00e2neo capaz de identific\u00e1-los, relacion\u00e1-los ao seu respons\u00e1vel e armazenar dados relevantes sobre a sua sa\u00fade. Ao Estado, compete disponibilizar sistema de banco de dados padronizado e acess\u00edvel que armazene essas informa\u00e7\u00f5es. Todas essas a\u00e7\u00f5es poder\u00e3o ser realizadas por meio de parceria com entidades p\u00fablicas ou privadas.<\/p>\n<p><img decoding=\"async\" src=\"http:\/\/aconteceunovale.com.br\/portal\/wp-content\/uploads\/2016\/01\/eutanasia_mg.jpg\" alt=\"\" \/><em>Lei pro\u00edbe eutan\u00e1sia de animais para controle populacional &#8211; Foto: Guilherrme Bergamini \/ ALMG<\/em><br \/>\n<\/br><\/p>\n<p>A norma ainda determina que pessoas f\u00edsicas ou jur\u00eddicas que comercializam c\u00e3es e gatos providenciar\u00e3o a identifica\u00e7\u00e3o do animal antes da venda; atestar\u00e3o a proced\u00eancia, a esp\u00e9cie, a ra\u00e7a, o sexo e a idade real ou estimada dos animais; comercializar\u00e3o somente animais devidamente imunizados e desverminados, considerando-se o protocolo espec\u00edfico para a esp\u00e9cie comercializada; disponibilizar\u00e3o a carteira de imuniza\u00e7\u00e3o emitida por m\u00e9dico veterin\u00e1rio, na forma da legisla\u00e7\u00e3o pertinente; e fornecer\u00e3o ao adquirente do animal orienta\u00e7\u00e3o quanto aos princ\u00edpios da tutela respons\u00e1vel e cuidados com o animal, visando a atender \u00e0s suas necessidades f\u00edsicas, psicol\u00f3gicas e ambientais.<\/p>\n<p>A partir da lei tamb\u00e9m fica proibida a entrega de c\u00e3es e gatos recolhidos por \u00f3rg\u00e3os ou entidades p\u00fablicos para a realiza\u00e7\u00e3o de pesquisa cient\u00edfica ou apresenta\u00e7\u00e3o em evento de entretenimento. Al\u00e9m disso, o c\u00e3o ou gato que tenha, comprovadamente, sofrido atos de crueldade, abuso ou maus-tratos n\u00e3o ser\u00e1 devolvido ao seu respons\u00e1vel, devendo ser esterilizado e disponibilizado para ado\u00e7\u00e3o.<\/p>\n<p>Ainda prev\u00ea que, no recolhimento de c\u00e3es e gatos pelo poder p\u00fablico, ser\u00e3o observados procedimentos de manejo, de transporte e de guarda que assegurem o bem-estar do animal e ser\u00e1 averiguada a exist\u00eancia de respons\u00e1vel pelo animal, que ter\u00e1 at\u00e9 tr\u00eas dias \u00fateis para resgat\u00e1-lo. O animal recolhido e n\u00e3o resgatado pelo seu respons\u00e1vel ser\u00e1 esterilizado, identificado e disponibilizado para ado\u00e7\u00e3o.<\/p>\n<p>A norma tamb\u00e9m permite ao Estado a ado\u00e7\u00e3o de c\u00e3es da ra\u00e7a pit bull, desde que adestrados para o conv\u00edvio social e previamente esterilizados. Determina ainda que o poder p\u00fablico promover\u00e1 campanhas educativas de conscientiza\u00e7\u00e3o sobre a necessidade da prote\u00e7\u00e3o, da identifica\u00e7\u00e3o e do controle populacional de c\u00e3es e gatos e, ainda, acrescenta ao artigo 40 da Lei 13.317, de 1999, que cont\u00e9m o C\u00f3digo de Sa\u00fade do Estado, o par\u00e1grafo \u00fanico que prev\u00ea que as atividades de comercializa\u00e7\u00e3o de animais dom\u00e9sticos e de sua cria\u00e7\u00e3o para fins de reprodu\u00e7\u00e3o dependem de licen\u00e7a do poder p\u00fablico municipal.<\/p>\n<p><em>(Fonte: ALMG)<\/em><\/p>\n","protected":false},"excerpt":{"rendered":"<p>Foi sancionada pelo governador Fernando Pimentel a Lei 21.970, que trata da prote\u00e7\u00e3o, identifica\u00e7\u00e3o e controle populacional de c\u00e3es e gatos no Estado. A norma foi publicada no Di\u00e1rio Oficial do Estado, o Minas Gerais, na edi\u00e7\u00e3o do \u00faltimo s\u00e1bado (16\/1\/16). A mat\u00e9ria tramitou na Assembleia Legislativa de Minas Gerais (ALMG) na forma do Projeto [&hellip;]<\/p>\n","protected":false},"author":1,"featured_media":76966,"comment_status":"open","ping_status":"closed","sticky":false,"template":"","format":"standard","meta":{"amp_status":"","footnotes":""},"categories":[123],"tags":[32070,1018,74166,74164,74168,74163,74162,69917,74161,74167,74169,74165,74160],"class_list":["post-76964","post","type-post","status-publish","format-standard","has-post-thumbnail","hentry","category-gerais","tag-alencar-da-silveira-jr","tag-destaque","tag-identificacao-e-o-controle-populacional-desses-animais","tag-lei-21-970","tag-lei-proibe-a-eutanasia-de-animais-para-fins-de-controle-populacional","tag-lei-que-proibe-controle-populacional-de-animais-em-minas-gerais","tag-lei-que-proibe-controle-populacional-de-caes-e-gatos-em-minas-gerais","tag-lei-que-proibe-eutanasia-de-animais-em-minas-gerais","tag-lei-que-proibe-eutanasia-de-caes-e-gatos-em-minas-gerais","tag-lei-tambem-proibe-a-eutanasia-de-animais-para-fins-de-controle-populacional","tag-protecao-dos-animais-em-minas-gerais","tag-punicao-de-maus-tratos-e-de-abandono-de-caes-e-gatos","tag-sancionada-lei-que-proibe-eutanasia-de-caes-e-gatos-em-minas-gerais"],"yoast_head":"<!-- This site is optimized with the Yoast SEO plugin v28.3 - https:\/\/yoast.com\/product\/yoast-seo-wordpress\/ -->\n<title>Sancionada lei que pro\u00edbe eutan\u00e1sia de c\u00e3es e gatos em Minas Gerais  - Aconteceu no Vale<\/title>\n<meta name=\"robots\" content=\"index, follow, max-snippet:-1, max-image-preview:large, max-video-preview:-1\" \/>\n<link rel=\"canonical\" href=\"https:\/\/aconteceunovale.com.br\/portal\/?p=76964\" \/>\n<meta property=\"og:locale\" content=\"pt_BR\" \/>\n<meta property=\"og:type\" content=\"article\" \/>\n<meta property=\"og:title\" content=\"Sancionada lei que pro\u00edbe eutan\u00e1sia de c\u00e3es e gatos em Minas Gerais  - Aconteceu no Vale\" \/>\n<meta property=\"og:description\" content=\"Foi sancionada pelo governador Fernando Pimentel a Lei 21.970, que trata da prote\u00e7\u00e3o, identifica\u00e7\u00e3o e controle populacional de c\u00e3es e gatos no Estado. A norma foi publicada no Di\u00e1rio Oficial do Estado, o Minas Gerais, na edi\u00e7\u00e3o do \u00faltimo s\u00e1bado (16\/1\/16). A mat\u00e9ria tramitou na Assembleia Legislativa de Minas Gerais (ALMG) na forma do Projeto [&hellip;]\" \/>\n<meta property=\"og:url\" content=\"https:\/\/aconteceunovale.com.br\/portal\/?p=76964\" \/>\n<meta property=\"og:site_name\" content=\"Aconteceu no Vale\" \/>\n<meta property=\"article:publisher\" content=\"https:\/\/www.facebook.com\/aconteceunovale\/\" \/>\n<meta property=\"article:published_time\" content=\"2016-01-18T17:00:33+00:00\" \/>\n<meta property=\"og:image\" content=\"https:\/\/aconteceunovale.com.br\/portal\/wp-content\/uploads\/2016\/01\/eutanasia_mg.jpg\" \/>\n\t<meta property=\"og:image:width\" content=\"638\" \/>\n\t<meta property=\"og:image:height\" content=\"450\" \/>\n\t<meta property=\"og:image:type\" content=\"image\/jpeg\" \/>\n<meta name=\"author\" content=\"Aconteceu no Vale\" \/>\n<meta name=\"twitter:card\" content=\"summary_large_image\" \/>\n<meta name=\"twitter:creator\" content=\"@noticiadosvales\" \/>\n<meta name=\"twitter:site\" content=\"@noticiadosvales\" \/>\n<meta name=\"twitter:label1\" content=\"Escrito por\" \/>\n\t<meta name=\"twitter:data1\" content=\"Aconteceu no Vale\" \/>\n\t<meta name=\"twitter:label2\" content=\"Est. tempo de leitura\" \/>\n\t<meta name=\"twitter:data2\" content=\"3 minutos\" \/>\n<script type=\"application\/ld+json\" class=\"yoast-schema-graph\">{\"@context\":\"https:\\\/\\\/schema.org\",\"@graph\":[{\"@type\":\"Article\",\"@id\":\"https:\\\/\\\/aconteceunovale.com.br\\\/portal\\\/?p=76964#article\",\"isPartOf\":{\"@id\":\"https:\\\/\\\/aconteceunovale.com.br\\\/portal\\\/?p=76964\"},\"author\":{\"name\":\"Aconteceu no Vale\",\"@id\":\"https:\\\/\\\/aconteceunovale.com.br\\\/portal\\\/#\\\/schema\\\/person\\\/633529146f2c94272bef50ac2953d589\"},\"headline\":\"Sancionada lei que pro\u00edbe eutan\u00e1sia de c\u00e3es e gatos em Minas Gerais\",\"datePublished\":\"2016-01-18T17:00:33+00:00\",\"mainEntityOfPage\":{\"@id\":\"https:\\\/\\\/aconteceunovale.com.br\\\/portal\\\/?p=76964\"},\"wordCount\":658,\"commentCount\":0,\"image\":{\"@id\":\"https:\\\/\\\/aconteceunovale.com.br\\\/portal\\\/?p=76964#primaryimage\"},\"thumbnailUrl\":\"https:\\\/\\\/aconteceunovale.com.br\\\/portal\\\/wp-content\\\/uploads\\\/2016\\\/01\\\/eutanasia_mg.jpg\",\"keywords\":[\"Alencar da Silveira Jr\",\"destaque\",\"identifica\u00e7\u00e3o e o controle populacional desses animais\",\"Lei 21.970\",\"lei pro\u00edbe a eutan\u00e1sia de animais para fins de controle populacional\",\"lei que pro\u00edbe controle populacional de animais em minas gerais\",\"lei que pro\u00edbe controle populacional de c\u00e3es e gatos em minas gerais\",\"lei que pro\u00edbe eutan\u00e1sia de animais em minas gerais\",\"lei que pro\u00edbe eutan\u00e1sia de c\u00e3es e gatos em Minas Gerais\",\"lei tamb\u00e9m pro\u00edbe a eutan\u00e1sia de animais para fins de controle populacional\",\"prote\u00e7\u00e3o dos animais em minas gerais\",\"puni\u00e7\u00e3o de maus-tratos e de abandono de c\u00e3es e gatos\",\"Sancionada lei que pro\u00edbe eutan\u00e1sia de c\u00e3es e gatos em Minas Gerais\"],\"articleSection\":[\"Minas Gerais\"],\"inLanguage\":\"pt-BR\",\"potentialAction\":[{\"@type\":\"CommentAction\",\"name\":\"Comment\",\"target\":[\"https:\\\/\\\/aconteceunovale.com.br\\\/portal\\\/?p=76964#respond\"]}]},{\"@type\":\"WebPage\",\"@id\":\"https:\\\/\\\/aconteceunovale.com.br\\\/portal\\\/?p=76964\",\"url\":\"https:\\\/\\\/aconteceunovale.com.br\\\/portal\\\/?p=76964\",\"name\":\"Sancionada lei que pro\u00edbe eutan\u00e1sia de c\u00e3es e gatos em Minas Gerais - Aconteceu no Vale\",\"isPartOf\":{\"@id\":\"https:\\\/\\\/aconteceunovale.com.br\\\/portal\\\/#website\"},\"primaryImageOfPage\":{\"@id\":\"https:\\\/\\\/aconteceunovale.com.br\\\/portal\\\/?p=76964#primaryimage\"},\"image\":{\"@id\":\"https:\\\/\\\/aconteceunovale.com.br\\\/portal\\\/?p=76964#primaryimage\"},\"thumbnailUrl\":\"https:\\\/\\\/aconteceunovale.com.br\\\/portal\\\/wp-content\\\/uploads\\\/2016\\\/01\\\/eutanasia_mg.jpg\",\"datePublished\":\"2016-01-18T17:00:33+00:00\",\"author\":{\"@id\":\"https:\\\/\\\/aconteceunovale.com.br\\\/portal\\\/#\\\/schema\\\/person\\\/633529146f2c94272bef50ac2953d589\"},\"breadcrumb\":{\"@id\":\"https:\\\/\\\/aconteceunovale.com.br\\\/portal\\\/?p=76964#breadcrumb\"},\"inLanguage\":\"pt-BR\",\"potentialAction\":[{\"@type\":\"ReadAction\",\"target\":[\"https:\\\/\\\/aconteceunovale.com.br\\\/portal\\\/?p=76964\"]}]},{\"@type\":\"ImageObject\",\"inLanguage\":\"pt-BR\",\"@id\":\"https:\\\/\\\/aconteceunovale.com.br\\\/portal\\\/?p=76964#primaryimage\",\"url\":\"https:\\\/\\\/aconteceunovale.com.br\\\/portal\\\/wp-content\\\/uploads\\\/2016\\\/01\\\/eutanasia_mg.jpg\",\"contentUrl\":\"https:\\\/\\\/aconteceunovale.com.br\\\/portal\\\/wp-content\\\/uploads\\\/2016\\\/01\\\/eutanasia_mg.jpg\",\"width\":638,\"height\":450},{\"@type\":\"BreadcrumbList\",\"@id\":\"https:\\\/\\\/aconteceunovale.com.br\\\/portal\\\/?p=76964#breadcrumb\",\"itemListElement\":[{\"@type\":\"ListItem\",\"position\":1,\"name\":\"In\u00edcio\",\"item\":\"https:\\\/\\\/aconteceunovale.com.br\\\/portal\\\/\"},{\"@type\":\"ListItem\",\"position\":2,\"name\":\"Sancionada lei que pro\u00edbe eutan\u00e1sia de c\u00e3es e gatos em Minas Gerais\"}]},{\"@type\":\"WebSite\",\"@id\":\"https:\\\/\\\/aconteceunovale.com.br\\\/portal\\\/#website\",\"url\":\"https:\\\/\\\/aconteceunovale.com.br\\\/portal\\\/\",\"name\":\"Aconteceu no Vale\",\"description\":\"Portal de Not\u00edcias\",\"potentialAction\":[{\"@type\":\"SearchAction\",\"target\":{\"@type\":\"EntryPoint\",\"urlTemplate\":\"https:\\\/\\\/aconteceunovale.com.br\\\/portal\\\/?s={search_term_string}\"},\"query-input\":{\"@type\":\"PropertyValueSpecification\",\"valueRequired\":true,\"valueName\":\"search_term_string\"}}],\"inLanguage\":\"pt-BR\"},{\"@type\":\"Person\",\"@id\":\"https:\\\/\\\/aconteceunovale.com.br\\\/portal\\\/#\\\/schema\\\/person\\\/633529146f2c94272bef50ac2953d589\",\"name\":\"Aconteceu no Vale\",\"description\":\"Equipe de reportagem do Aconteceu no Vale, portal de not\u00edcias do Vale do Jequitinhonha, em Minas Gerais. Cobrimos as 51 cidades do Vale desde 2013. Sugest\u00f5es de pauta e pedidos de corre\u00e7\u00e3o: contato@aconteceunovale.com.br\",\"sameAs\":[\"http:\\\/\\\/www.aconteceunovale.com.br\"],\"url\":\"https:\\\/\\\/aconteceunovale.com.br\\\/portal\\\/?author=1\"}]}<\/script>\n<!-- \/ Yoast SEO plugin. -->","yoast_head_json":{"title":"Sancionada lei que pro\u00edbe eutan\u00e1sia de c\u00e3es e gatos em Minas Gerais  - Aconteceu no Vale","robots":{"index":"index","follow":"follow","max-snippet":"max-snippet:-1","max-image-preview":"max-image-preview:large","max-video-preview":"max-video-preview:-1"},"canonical":"https:\/\/aconteceunovale.com.br\/portal\/?p=76964","og_locale":"pt_BR","og_type":"article","og_title":"Sancionada lei que pro\u00edbe eutan\u00e1sia de c\u00e3es e gatos em Minas Gerais  - Aconteceu no Vale","og_description":"Foi sancionada pelo governador Fernando Pimentel a Lei 21.970, que trata da prote\u00e7\u00e3o, identifica\u00e7\u00e3o e controle populacional de c\u00e3es e gatos no Estado. A norma foi publicada no Di\u00e1rio Oficial do Estado, o Minas Gerais, na edi\u00e7\u00e3o do \u00faltimo s\u00e1bado (16\/1\/16). A mat\u00e9ria tramitou na Assembleia Legislativa de Minas Gerais (ALMG) na forma do Projeto [&hellip;]","og_url":"https:\/\/aconteceunovale.com.br\/portal\/?p=76964","og_site_name":"Aconteceu no Vale","article_publisher":"https:\/\/www.facebook.com\/aconteceunovale\/","article_published_time":"2016-01-18T17:00:33+00:00","og_image":[{"width":638,"height":450,"url":"https:\/\/aconteceunovale.com.br\/portal\/wp-content\/uploads\/2016\/01\/eutanasia_mg.jpg","type":"image\/jpeg"}],"author":"Aconteceu no Vale","twitter_card":"summary_large_image","twitter_creator":"@noticiadosvales","twitter_site":"@noticiadosvales","twitter_misc":{"Escrito por":"Aconteceu no Vale","Est. tempo de leitura":"3 minutos"},"schema":{"@context":"https:\/\/schema.org","@graph":[{"@type":"Article","@id":"https:\/\/aconteceunovale.com.br\/portal\/?p=76964#article","isPartOf":{"@id":"https:\/\/aconteceunovale.com.br\/portal\/?p=76964"},"author":{"name":"Aconteceu no Vale","@id":"https:\/\/aconteceunovale.com.br\/portal\/#\/schema\/person\/633529146f2c94272bef50ac2953d589"},"headline":"Sancionada lei que pro\u00edbe eutan\u00e1sia de c\u00e3es e gatos em Minas Gerais","datePublished":"2016-01-18T17:00:33+00:00","mainEntityOfPage":{"@id":"https:\/\/aconteceunovale.com.br\/portal\/?p=76964"},"wordCount":658,"commentCount":0,"image":{"@id":"https:\/\/aconteceunovale.com.br\/portal\/?p=76964#primaryimage"},"thumbnailUrl":"https:\/\/aconteceunovale.com.br\/portal\/wp-content\/uploads\/2016\/01\/eutanasia_mg.jpg","keywords":["Alencar da Silveira Jr","destaque","identifica\u00e7\u00e3o e o controle populacional desses animais","Lei 21.970","lei pro\u00edbe a eutan\u00e1sia de animais para fins de controle populacional","lei que pro\u00edbe controle populacional de animais em minas gerais","lei que pro\u00edbe controle populacional de c\u00e3es e gatos em minas gerais","lei que pro\u00edbe eutan\u00e1sia de animais em minas gerais","lei que pro\u00edbe eutan\u00e1sia de c\u00e3es e gatos em Minas Gerais","lei tamb\u00e9m pro\u00edbe a eutan\u00e1sia de animais para fins de controle populacional","prote\u00e7\u00e3o dos animais em minas gerais","puni\u00e7\u00e3o de maus-tratos e de abandono de c\u00e3es e gatos","Sancionada lei que pro\u00edbe eutan\u00e1sia de c\u00e3es e gatos em Minas Gerais"],"articleSection":["Minas Gerais"],"inLanguage":"pt-BR","potentialAction":[{"@type":"CommentAction","name":"Comment","target":["https:\/\/aconteceunovale.com.br\/portal\/?p=76964#respond"]}]},{"@type":"WebPage","@id":"https:\/\/aconteceunovale.com.br\/portal\/?p=76964","url":"https:\/\/aconteceunovale.com.br\/portal\/?p=76964","name":"Sancionada lei que pro\u00edbe eutan\u00e1sia de c\u00e3es e gatos em Minas Gerais - Aconteceu no Vale","isPartOf":{"@id":"https:\/\/aconteceunovale.com.br\/portal\/#website"},"primaryImageOfPage":{"@id":"https:\/\/aconteceunovale.com.br\/portal\/?p=76964#primaryimage"},"image":{"@id":"https:\/\/aconteceunovale.com.br\/portal\/?p=76964#primaryimage"},"thumbnailUrl":"https:\/\/aconteceunovale.com.br\/portal\/wp-content\/uploads\/2016\/01\/eutanasia_mg.jpg","datePublished":"2016-01-18T17:00:33+00:00","author":{"@id":"https:\/\/aconteceunovale.com.br\/portal\/#\/schema\/person\/633529146f2c94272bef50ac2953d589"},"breadcrumb":{"@id":"https:\/\/aconteceunovale.com.br\/portal\/?p=76964#breadcrumb"},"inLanguage":"pt-BR","potentialAction":[{"@type":"ReadAction","target":["https:\/\/aconteceunovale.com.br\/portal\/?p=76964"]}]},{"@type":"ImageObject","inLanguage":"pt-BR","@id":"https:\/\/aconteceunovale.com.br\/portal\/?p=76964#primaryimage","url":"https:\/\/aconteceunovale.com.br\/portal\/wp-content\/uploads\/2016\/01\/eutanasia_mg.jpg","contentUrl":"https:\/\/aconteceunovale.com.br\/portal\/wp-content\/uploads\/2016\/01\/eutanasia_mg.jpg","width":638,"height":450},{"@type":"BreadcrumbList","@id":"https:\/\/aconteceunovale.com.br\/portal\/?p=76964#breadcrumb","itemListElement":[{"@type":"ListItem","position":1,"name":"In\u00edcio","item":"https:\/\/aconteceunovale.com.br\/portal\/"},{"@type":"ListItem","position":2,"name":"Sancionada lei que pro\u00edbe eutan\u00e1sia de c\u00e3es e gatos em Minas Gerais"}]},{"@type":"WebSite","@id":"https:\/\/aconteceunovale.com.br\/portal\/#website","url":"https:\/\/aconteceunovale.com.br\/portal\/","name":"Aconteceu no Vale","description":"Portal de Not\u00edcias","potentialAction":[{"@type":"SearchAction","target":{"@type":"EntryPoint","urlTemplate":"https:\/\/aconteceunovale.com.br\/portal\/?s={search_term_string}"},"query-input":{"@type":"PropertyValueSpecification","valueRequired":true,"valueName":"search_term_string"}}],"inLanguage":"pt-BR"},{"@type":"Person","@id":"https:\/\/aconteceunovale.com.br\/portal\/#\/schema\/person\/633529146f2c94272bef50ac2953d589","name":"Aconteceu no Vale","description":"Equipe de reportagem do Aconteceu no Vale, portal de not\u00edcias do Vale do Jequitinhonha, em Minas Gerais. Cobrimos as 51 cidades do Vale desde 2013. Sugest\u00f5es de pauta e pedidos de corre\u00e7\u00e3o: contato@aconteceunovale.com.br","sameAs":["http:\/\/www.aconteceunovale.com.br"],"url":"https:\/\/aconteceunovale.com.br\/portal\/?author=1"}]}},"_links":{"self":[{"href":"https:\/\/aconteceunovale.com.br\/portal\/index.php?rest_route=\/wp\/v2\/posts\/76964","targetHints":{"allow":["GET"]}}],"collection":[{"href":"https:\/\/aconteceunovale.com.br\/portal\/index.php?rest_route=\/wp\/v2\/posts"}],"about":[{"href":"https:\/\/aconteceunovale.com.br\/portal\/index.php?rest_route=\/wp\/v2\/types\/post"}],"author":[{"embeddable":true,"href":"https:\/\/aconteceunovale.com.br\/portal\/index.php?rest_route=\/wp\/v2\/users\/1"}],"replies":[{"embeddable":true,"href":"https:\/\/aconteceunovale.com.br\/portal\/index.php?rest_route=%2Fwp%2Fv2%2Fcomments&post=76964"}],"version-history":[{"count":0,"href":"https:\/\/aconteceunovale.com.br\/portal\/index.php?rest_route=\/wp\/v2\/posts\/76964\/revisions"}],"wp:featuredmedia":[{"embeddable":true,"href":"https:\/\/aconteceunovale.com.br\/portal\/index.php?rest_route=\/wp\/v2\/media\/76966"}],"wp:attachment":[{"href":"https:\/\/aconteceunovale.com.br\/portal\/index.php?rest_route=%2Fwp%2Fv2%2Fmedia&parent=76964"}],"wp:term":[{"taxonomy":"category","embeddable":true,"href":"https:\/\/aconteceunovale.com.br\/portal\/index.php?rest_route=%2Fwp%2Fv2%2Fcategories&post=76964"},{"taxonomy":"post_tag","embeddable":true,"href":"https:\/\/aconteceunovale.com.br\/portal\/index.php?rest_route=%2Fwp%2Fv2%2Ftags&post=76964"}],"curies":[{"name":"wp","href":"https:\/\/api.w.org\/{rel}","templated":true}]}}