{"id":76961,"date":"2016-01-18T13:45:56","date_gmt":"2016-01-18T16:45:56","guid":{"rendered":"http:\/\/aconteceunovale.com.br\/portal\/?p=76961"},"modified":"2016-01-18T13:45:56","modified_gmt":"2016-01-18T16:45:56","slug":"riqueza-de-1-da-populacao-mundial-supera-a-dos-99-restantes","status":"publish","type":"post","link":"https:\/\/aconteceunovale.com.br\/portal\/?p=76961","title":{"rendered":"Riqueza de 1% da popula\u00e7\u00e3o mundial supera a dos 99% restantes"},"content":{"rendered":"<p>A riqueza acumulada por 1% da popula\u00e7\u00e3o mundial, os mais ricos, superou a dos 99% restantes em 2015, um ano mais cedo do que se previa, informou hoje (18\/01) a organiza\u00e7\u00e3o n\u00e3o governamental (ONG) Oxfam, a dois dias do F\u00f3rum Econ\u00f4mico Mundial de Davos, na Su\u00ed\u00e7a.<\/p>\n<p>&#8220;O fosso entre a parcela dos mais ricos e o resto da popula\u00e7\u00e3o aumentou de forma dram\u00e1tica nos \u00faltimos 12 meses&#8221;, diz relat\u00f3rio da ONG brit\u00e2nica intitulado Uma economia a servi\u00e7o de 1%.<\/p>\n<p>&#8220;No ano passado, a Oxfam estimava que isso fosse ocorrer em 2016. No entanto, aconteceu em 2015, um ano antes&#8221;, destaca no texto.<\/p>\n<p>Para mostrar o agravamento da desigualdade nos \u00faltimos anos, a organiza\u00e7\u00e3o estima que &#8220;62 pessoas t\u00eam tanto capital como a metade mais pobre da popula\u00e7\u00e3o mundial&#8221;, quando, h\u00e1 cinco anos, era a riqueza de 388 pessoas que estava equiparada a essa metade.<\/p>\n<p>A dois dias do F\u00f3rum Econ\u00f4mico Mundial de Davos, onde v\u00e3o se encontrar os l\u00edderes pol\u00edticos e representantes das empresas mais influentes do mundo, a Oxfam pede a a\u00e7\u00e3o dos pa\u00edses em rela\u00e7\u00e3o a essa realidade.<\/p>\n<p>&#8220;N\u00e3o podemos continuar a deixar que milh\u00f5es de pessoas tenham fome, quando os recursos para ajuda est\u00e3o concentrados, no mais alto n\u00edvel, em t\u00e3o poucas pessoas&#8221;, afirma Manon Aubry, diretora dos Assuntos de Justi\u00e7a Fiscal e Desigualdades da Oxfam na Fran\u00e7a, citada pela ag\u00eancia de not\u00edcias France Presse (AFP).<\/p>\n<p>Segundo a ONG, &#8220;desde o in\u00edcio do s\u00e9culo 21 a metade mais pobre da humanidade se beneficia de menos de 1% do aumento total da riqueza mundial, enquanto a parcela de 1% dos mais ricos partilharam metade do mesmo aumento&#8221;.<\/p>\n<p>Para combater o crescimento dessas desigualdades, a Oxfam pede o fim da &#8220;era dos para\u00edsos fiscais&#8221;, acrescentando que nove em dez empresas que figuram entre &#8220;os s\u00f3cios estrat\u00e9gicos&#8221; do F\u00f3rum Econ\u00f4mico Mundial de Davos &#8220;est\u00e3o presentes em pelo menos um para\u00edso fiscal&#8221;.<\/p>\n<p>&#8220;Devemos abordar os governos, as empresas e as elites econ\u00f4micas presentes em Davos para que se empenhem a fim de acabar com esta era de para\u00edsos fiscais, que alimenta as desigualdades globais&#8221;, diz Winnie Byanyima, diretor-geral da Oxfam International, que estar\u00e1 em Davos.<\/p>\n<p>No ano passado, v\u00e1rios economistas contestaram a metodologia utilizada pela Oxfam. A ONG defendeu o m\u00e9todo utilizado no estudo de forma simples: o c\u00e1lculo do patrim\u00f4nio l\u00edquido, ou seja, os ativos  menos a d\u00edvida.<\/p>\n<p>A pequena localidade su\u00ed\u00e7a de Davos vai acolher, a partir da pr\u00f3xima quarta-feira (20), l\u00edderes pol\u00edticos e empres\u00e1rios para debater a 4\u00aa Revolu\u00e7\u00e3o Industrial.<\/p>\n<p>Esta 46\u00aa edi\u00e7\u00e3o do f\u00f3rum, que termina em 23 de janeiro, ocorre no momento em que o medo da amea\u00e7a terrorista e a falta de respostas coerentes para a crise de refugiados na Europa se juntam \u00e0s dificuldades que a economia mundial encontra para voltar a crescer e \u00e0 forte desacelera\u00e7\u00e3o das economias emergentes.<\/p>\n<p>Segundo o presidente do f\u00f3rum, Klaus Schwab, a &#8220;4\u00aa revolu\u00e7\u00e3o industrial refere-se \u00e0 fus\u00e3o das tecnologias&#8221;, principalmente no mundo digital, que &#8220;tem efeitos muito importantes nos sistemas pol\u00edtico, econ\u00f4mico e social&#8221;. (Ag\u00eancia Brasil)<\/p>\n","protected":false},"excerpt":{"rendered":"<p>A riqueza acumulada por 1% da popula\u00e7\u00e3o mundial, os mais ricos, superou a dos 99% restantes em 2015, um ano mais cedo do que se previa, informou hoje (18\/01) a organiza\u00e7\u00e3o n\u00e3o governamental (ONG) Oxfam, a dois dias do F\u00f3rum Econ\u00f4mico Mundial de Davos, na Su\u00ed\u00e7a. &#8220;O fosso entre a parcela dos mais ricos e [&hellip;]<\/p>\n","protected":false},"author":1,"featured_media":76962,"comment_status":"open","ping_status":"closed","sticky":false,"template":"","format":"standard","meta":{"amp_status":"","footnotes":""},"categories":[40239,28848],"tags":[74155,74154,74159,74158,74157,74153,74152,74151,37359,26350,74156,74150,74149],"class_list":["post-76961","post","type-post","status-publish","format-standard","has-post-thumbnail","hentry","category-economia-2","category-mundo","tag-1-da-populacao-mundial-detem-maior-parte-da-riqueza","tag-abismo-entre-classes","tag-abismo-entre-ricos-e-pobres","tag-davos","tag-forum-economico-mundial","tag-forum-economico-mundial-de-davos","tag-levantamento-oxfam-riqueza","tag-oxfam","tag-populacao-mundial","tag-relatorio","tag-riqueza-acumulada","tag-riqueza-acumulada-por-1-da-populacao-mundial-superou-a-dos-99-restantes-em-2015","tag-riqueza-de-1-da-populacao-mundial-supera-a-dos-99-restantes"],"yoast_head":"<!-- This site is optimized with the Yoast SEO plugin v28.3 - https:\/\/yoast.com\/product\/yoast-seo-wordpress\/ -->\n<title>Riqueza de 1% da popula\u00e7\u00e3o mundial supera a dos 99% restantes - Aconteceu no Vale<\/title>\n<meta name=\"robots\" content=\"index, follow, max-snippet:-1, max-image-preview:large, max-video-preview:-1\" \/>\n<link rel=\"canonical\" href=\"https:\/\/aconteceunovale.com.br\/portal\/?p=76961\" \/>\n<meta property=\"og:locale\" content=\"pt_BR\" \/>\n<meta property=\"og:type\" content=\"article\" \/>\n<meta property=\"og:title\" content=\"Riqueza de 1% da popula\u00e7\u00e3o mundial supera a dos 99% restantes - Aconteceu no Vale\" \/>\n<meta property=\"og:description\" content=\"A riqueza acumulada por 1% da popula\u00e7\u00e3o mundial, os mais ricos, superou a dos 99% restantes em 2015, um ano mais cedo do que se previa, informou hoje (18\/01) a organiza\u00e7\u00e3o n\u00e3o governamental (ONG) Oxfam, a dois dias do F\u00f3rum Econ\u00f4mico Mundial de Davos, na Su\u00ed\u00e7a. &#8220;O fosso entre a parcela dos mais ricos e [&hellip;]\" \/>\n<meta property=\"og:url\" content=\"https:\/\/aconteceunovale.com.br\/portal\/?p=76961\" \/>\n<meta property=\"og:site_name\" content=\"Aconteceu no Vale\" \/>\n<meta property=\"article:publisher\" content=\"https:\/\/www.facebook.com\/aconteceunovale\/\" \/>\n<meta property=\"article:published_time\" content=\"2016-01-18T16:45:56+00:00\" \/>\n<meta property=\"og:image\" content=\"https:\/\/aconteceunovale.com.br\/portal\/wp-content\/uploads\/2016\/01\/abismo_entre_ricos_e_pobres.jpg\" \/>\n\t<meta property=\"og:image:width\" content=\"490\" \/>\n\t<meta property=\"og:image:height\" content=\"350\" \/>\n\t<meta property=\"og:image:type\" content=\"image\/jpeg\" \/>\n<meta name=\"author\" content=\"Aconteceu no Vale\" \/>\n<meta name=\"twitter:card\" content=\"summary_large_image\" \/>\n<meta name=\"twitter:creator\" content=\"@noticiadosvales\" \/>\n<meta name=\"twitter:site\" content=\"@noticiadosvales\" \/>\n<meta name=\"twitter:label1\" content=\"Escrito por\" \/>\n\t<meta name=\"twitter:data1\" content=\"Aconteceu no Vale\" \/>\n\t<meta name=\"twitter:label2\" content=\"Est. tempo de leitura\" \/>\n\t<meta name=\"twitter:data2\" content=\"3 minutos\" \/>\n<script type=\"application\/ld+json\" class=\"yoast-schema-graph\">{\"@context\":\"https:\\\/\\\/schema.org\",\"@graph\":[{\"@type\":\"Article\",\"@id\":\"https:\\\/\\\/aconteceunovale.com.br\\\/portal\\\/?p=76961#article\",\"isPartOf\":{\"@id\":\"https:\\\/\\\/aconteceunovale.com.br\\\/portal\\\/?p=76961\"},\"author\":{\"name\":\"Aconteceu no Vale\",\"@id\":\"https:\\\/\\\/aconteceunovale.com.br\\\/portal\\\/#\\\/schema\\\/person\\\/633529146f2c94272bef50ac2953d589\"},\"headline\":\"Riqueza de 1% da popula\u00e7\u00e3o mundial supera a dos 99% restantes\",\"datePublished\":\"2016-01-18T16:45:56+00:00\",\"mainEntityOfPage\":{\"@id\":\"https:\\\/\\\/aconteceunovale.com.br\\\/portal\\\/?p=76961\"},\"wordCount\":553,\"commentCount\":0,\"image\":{\"@id\":\"https:\\\/\\\/aconteceunovale.com.br\\\/portal\\\/?p=76961#primaryimage\"},\"thumbnailUrl\":\"https:\\\/\\\/aconteceunovale.com.br\\\/portal\\\/wp-content\\\/uploads\\\/2016\\\/01\\\/abismo_entre_ricos_e_pobres.jpg\",\"keywords\":[\"1% da popula\u00e7\u00e3o mundial det\u00e9m maior parte da riqueza\",\"abismo entre classes\",\"abismo entre ricos e pobres\",\"Davos\",\"F\u00f3rum Econ\u00f4mico Mundial\",\"F\u00f3rum Econ\u00f4mico Mundial de Davos\",\"levantamento Oxfam riqueza\",\"Oxfam\",\"popula\u00e7\u00e3o mundial\",\"relat\u00f3rio\",\"riqueza acumulada\",\"riqueza acumulada por 1% da popula\u00e7\u00e3o mundial superou a dos 99% restantes em 2015\",\"Riqueza de 1% da popula\u00e7\u00e3o mundial supera a dos 99% restantes\"],\"articleSection\":[\"Economia\",\"Mundo\"],\"inLanguage\":\"pt-BR\",\"potentialAction\":[{\"@type\":\"CommentAction\",\"name\":\"Comment\",\"target\":[\"https:\\\/\\\/aconteceunovale.com.br\\\/portal\\\/?p=76961#respond\"]}]},{\"@type\":\"WebPage\",\"@id\":\"https:\\\/\\\/aconteceunovale.com.br\\\/portal\\\/?p=76961\",\"url\":\"https:\\\/\\\/aconteceunovale.com.br\\\/portal\\\/?p=76961\",\"name\":\"Riqueza de 1% da popula\u00e7\u00e3o mundial supera a dos 99% restantes - Aconteceu no Vale\",\"isPartOf\":{\"@id\":\"https:\\\/\\\/aconteceunovale.com.br\\\/portal\\\/#website\"},\"primaryImageOfPage\":{\"@id\":\"https:\\\/\\\/aconteceunovale.com.br\\\/portal\\\/?p=76961#primaryimage\"},\"image\":{\"@id\":\"https:\\\/\\\/aconteceunovale.com.br\\\/portal\\\/?p=76961#primaryimage\"},\"thumbnailUrl\":\"https:\\\/\\\/aconteceunovale.com.br\\\/portal\\\/wp-content\\\/uploads\\\/2016\\\/01\\\/abismo_entre_ricos_e_pobres.jpg\",\"datePublished\":\"2016-01-18T16:45:56+00:00\",\"author\":{\"@id\":\"https:\\\/\\\/aconteceunovale.com.br\\\/portal\\\/#\\\/schema\\\/person\\\/633529146f2c94272bef50ac2953d589\"},\"breadcrumb\":{\"@id\":\"https:\\\/\\\/aconteceunovale.com.br\\\/portal\\\/?p=76961#breadcrumb\"},\"inLanguage\":\"pt-BR\",\"potentialAction\":[{\"@type\":\"ReadAction\",\"target\":[\"https:\\\/\\\/aconteceunovale.com.br\\\/portal\\\/?p=76961\"]}]},{\"@type\":\"ImageObject\",\"inLanguage\":\"pt-BR\",\"@id\":\"https:\\\/\\\/aconteceunovale.com.br\\\/portal\\\/?p=76961#primaryimage\",\"url\":\"https:\\\/\\\/aconteceunovale.com.br\\\/portal\\\/wp-content\\\/uploads\\\/2016\\\/01\\\/abismo_entre_ricos_e_pobres.jpg\",\"contentUrl\":\"https:\\\/\\\/aconteceunovale.com.br\\\/portal\\\/wp-content\\\/uploads\\\/2016\\\/01\\\/abismo_entre_ricos_e_pobres.jpg\",\"width\":490,\"height\":350},{\"@type\":\"BreadcrumbList\",\"@id\":\"https:\\\/\\\/aconteceunovale.com.br\\\/portal\\\/?p=76961#breadcrumb\",\"itemListElement\":[{\"@type\":\"ListItem\",\"position\":1,\"name\":\"In\u00edcio\",\"item\":\"https:\\\/\\\/aconteceunovale.com.br\\\/portal\\\/\"},{\"@type\":\"ListItem\",\"position\":2,\"name\":\"Riqueza de 1% da popula\u00e7\u00e3o mundial supera a dos 99% restantes\"}]},{\"@type\":\"WebSite\",\"@id\":\"https:\\\/\\\/aconteceunovale.com.br\\\/portal\\\/#website\",\"url\":\"https:\\\/\\\/aconteceunovale.com.br\\\/portal\\\/\",\"name\":\"Aconteceu no Vale\",\"description\":\"Portal de Not\u00edcias\",\"potentialAction\":[{\"@type\":\"SearchAction\",\"target\":{\"@type\":\"EntryPoint\",\"urlTemplate\":\"https:\\\/\\\/aconteceunovale.com.br\\\/portal\\\/?s={search_term_string}\"},\"query-input\":{\"@type\":\"PropertyValueSpecification\",\"valueRequired\":true,\"valueName\":\"search_term_string\"}}],\"inLanguage\":\"pt-BR\"},{\"@type\":\"Person\",\"@id\":\"https:\\\/\\\/aconteceunovale.com.br\\\/portal\\\/#\\\/schema\\\/person\\\/633529146f2c94272bef50ac2953d589\",\"name\":\"Aconteceu no Vale\",\"description\":\"Equipe de reportagem do Aconteceu no Vale, portal de not\u00edcias do Vale do Jequitinhonha, em Minas Gerais. Cobrimos as 51 cidades do Vale desde 2013. Sugest\u00f5es de pauta e pedidos de corre\u00e7\u00e3o: contato@aconteceunovale.com.br\",\"sameAs\":[\"http:\\\/\\\/www.aconteceunovale.com.br\"],\"url\":\"https:\\\/\\\/aconteceunovale.com.br\\\/portal\\\/?author=1\"}]}<\/script>\n<!-- \/ Yoast SEO plugin. -->","yoast_head_json":{"title":"Riqueza de 1% da popula\u00e7\u00e3o mundial supera a dos 99% restantes - Aconteceu no Vale","robots":{"index":"index","follow":"follow","max-snippet":"max-snippet:-1","max-image-preview":"max-image-preview:large","max-video-preview":"max-video-preview:-1"},"canonical":"https:\/\/aconteceunovale.com.br\/portal\/?p=76961","og_locale":"pt_BR","og_type":"article","og_title":"Riqueza de 1% da popula\u00e7\u00e3o mundial supera a dos 99% restantes - Aconteceu no Vale","og_description":"A riqueza acumulada por 1% da popula\u00e7\u00e3o mundial, os mais ricos, superou a dos 99% restantes em 2015, um ano mais cedo do que se previa, informou hoje (18\/01) a organiza\u00e7\u00e3o n\u00e3o governamental (ONG) Oxfam, a dois dias do F\u00f3rum Econ\u00f4mico Mundial de Davos, na Su\u00ed\u00e7a. &#8220;O fosso entre a parcela dos mais ricos e [&hellip;]","og_url":"https:\/\/aconteceunovale.com.br\/portal\/?p=76961","og_site_name":"Aconteceu no Vale","article_publisher":"https:\/\/www.facebook.com\/aconteceunovale\/","article_published_time":"2016-01-18T16:45:56+00:00","og_image":[{"width":490,"height":350,"url":"https:\/\/aconteceunovale.com.br\/portal\/wp-content\/uploads\/2016\/01\/abismo_entre_ricos_e_pobres.jpg","type":"image\/jpeg"}],"author":"Aconteceu no Vale","twitter_card":"summary_large_image","twitter_creator":"@noticiadosvales","twitter_site":"@noticiadosvales","twitter_misc":{"Escrito por":"Aconteceu no Vale","Est. tempo de leitura":"3 minutos"},"schema":{"@context":"https:\/\/schema.org","@graph":[{"@type":"Article","@id":"https:\/\/aconteceunovale.com.br\/portal\/?p=76961#article","isPartOf":{"@id":"https:\/\/aconteceunovale.com.br\/portal\/?p=76961"},"author":{"name":"Aconteceu no Vale","@id":"https:\/\/aconteceunovale.com.br\/portal\/#\/schema\/person\/633529146f2c94272bef50ac2953d589"},"headline":"Riqueza de 1% da popula\u00e7\u00e3o mundial supera a dos 99% restantes","datePublished":"2016-01-18T16:45:56+00:00","mainEntityOfPage":{"@id":"https:\/\/aconteceunovale.com.br\/portal\/?p=76961"},"wordCount":553,"commentCount":0,"image":{"@id":"https:\/\/aconteceunovale.com.br\/portal\/?p=76961#primaryimage"},"thumbnailUrl":"https:\/\/aconteceunovale.com.br\/portal\/wp-content\/uploads\/2016\/01\/abismo_entre_ricos_e_pobres.jpg","keywords":["1% da popula\u00e7\u00e3o mundial det\u00e9m maior parte da riqueza","abismo entre classes","abismo entre ricos e pobres","Davos","F\u00f3rum Econ\u00f4mico Mundial","F\u00f3rum Econ\u00f4mico Mundial de Davos","levantamento Oxfam riqueza","Oxfam","popula\u00e7\u00e3o mundial","relat\u00f3rio","riqueza acumulada","riqueza acumulada por 1% da popula\u00e7\u00e3o mundial superou a dos 99% restantes em 2015","Riqueza de 1% da popula\u00e7\u00e3o mundial supera a dos 99% restantes"],"articleSection":["Economia","Mundo"],"inLanguage":"pt-BR","potentialAction":[{"@type":"CommentAction","name":"Comment","target":["https:\/\/aconteceunovale.com.br\/portal\/?p=76961#respond"]}]},{"@type":"WebPage","@id":"https:\/\/aconteceunovale.com.br\/portal\/?p=76961","url":"https:\/\/aconteceunovale.com.br\/portal\/?p=76961","name":"Riqueza de 1% da popula\u00e7\u00e3o mundial supera a dos 99% restantes - Aconteceu no Vale","isPartOf":{"@id":"https:\/\/aconteceunovale.com.br\/portal\/#website"},"primaryImageOfPage":{"@id":"https:\/\/aconteceunovale.com.br\/portal\/?p=76961#primaryimage"},"image":{"@id":"https:\/\/aconteceunovale.com.br\/portal\/?p=76961#primaryimage"},"thumbnailUrl":"https:\/\/aconteceunovale.com.br\/portal\/wp-content\/uploads\/2016\/01\/abismo_entre_ricos_e_pobres.jpg","datePublished":"2016-01-18T16:45:56+00:00","author":{"@id":"https:\/\/aconteceunovale.com.br\/portal\/#\/schema\/person\/633529146f2c94272bef50ac2953d589"},"breadcrumb":{"@id":"https:\/\/aconteceunovale.com.br\/portal\/?p=76961#breadcrumb"},"inLanguage":"pt-BR","potentialAction":[{"@type":"ReadAction","target":["https:\/\/aconteceunovale.com.br\/portal\/?p=76961"]}]},{"@type":"ImageObject","inLanguage":"pt-BR","@id":"https:\/\/aconteceunovale.com.br\/portal\/?p=76961#primaryimage","url":"https:\/\/aconteceunovale.com.br\/portal\/wp-content\/uploads\/2016\/01\/abismo_entre_ricos_e_pobres.jpg","contentUrl":"https:\/\/aconteceunovale.com.br\/portal\/wp-content\/uploads\/2016\/01\/abismo_entre_ricos_e_pobres.jpg","width":490,"height":350},{"@type":"BreadcrumbList","@id":"https:\/\/aconteceunovale.com.br\/portal\/?p=76961#breadcrumb","itemListElement":[{"@type":"ListItem","position":1,"name":"In\u00edcio","item":"https:\/\/aconteceunovale.com.br\/portal\/"},{"@type":"ListItem","position":2,"name":"Riqueza de 1% da popula\u00e7\u00e3o mundial supera a dos 99% restantes"}]},{"@type":"WebSite","@id":"https:\/\/aconteceunovale.com.br\/portal\/#website","url":"https:\/\/aconteceunovale.com.br\/portal\/","name":"Aconteceu no Vale","description":"Portal de Not\u00edcias","potentialAction":[{"@type":"SearchAction","target":{"@type":"EntryPoint","urlTemplate":"https:\/\/aconteceunovale.com.br\/portal\/?s={search_term_string}"},"query-input":{"@type":"PropertyValueSpecification","valueRequired":true,"valueName":"search_term_string"}}],"inLanguage":"pt-BR"},{"@type":"Person","@id":"https:\/\/aconteceunovale.com.br\/portal\/#\/schema\/person\/633529146f2c94272bef50ac2953d589","name":"Aconteceu no Vale","description":"Equipe de reportagem do Aconteceu no Vale, portal de not\u00edcias do Vale do Jequitinhonha, em Minas Gerais. Cobrimos as 51 cidades do Vale desde 2013. Sugest\u00f5es de pauta e pedidos de corre\u00e7\u00e3o: contato@aconteceunovale.com.br","sameAs":["http:\/\/www.aconteceunovale.com.br"],"url":"https:\/\/aconteceunovale.com.br\/portal\/?author=1"}]}},"_links":{"self":[{"href":"https:\/\/aconteceunovale.com.br\/portal\/index.php?rest_route=\/wp\/v2\/posts\/76961","targetHints":{"allow":["GET"]}}],"collection":[{"href":"https:\/\/aconteceunovale.com.br\/portal\/index.php?rest_route=\/wp\/v2\/posts"}],"about":[{"href":"https:\/\/aconteceunovale.com.br\/portal\/index.php?rest_route=\/wp\/v2\/types\/post"}],"author":[{"embeddable":true,"href":"https:\/\/aconteceunovale.com.br\/portal\/index.php?rest_route=\/wp\/v2\/users\/1"}],"replies":[{"embeddable":true,"href":"https:\/\/aconteceunovale.com.br\/portal\/index.php?rest_route=%2Fwp%2Fv2%2Fcomments&post=76961"}],"version-history":[{"count":0,"href":"https:\/\/aconteceunovale.com.br\/portal\/index.php?rest_route=\/wp\/v2\/posts\/76961\/revisions"}],"wp:featuredmedia":[{"embeddable":true,"href":"https:\/\/aconteceunovale.com.br\/portal\/index.php?rest_route=\/wp\/v2\/media\/76962"}],"wp:attachment":[{"href":"https:\/\/aconteceunovale.com.br\/portal\/index.php?rest_route=%2Fwp%2Fv2%2Fmedia&parent=76961"}],"wp:term":[{"taxonomy":"category","embeddable":true,"href":"https:\/\/aconteceunovale.com.br\/portal\/index.php?rest_route=%2Fwp%2Fv2%2Fcategories&post=76961"},{"taxonomy":"post_tag","embeddable":true,"href":"https:\/\/aconteceunovale.com.br\/portal\/index.php?rest_route=%2Fwp%2Fv2%2Ftags&post=76961"}],"curies":[{"name":"wp","href":"https:\/\/api.w.org\/{rel}","templated":true}]}}