{"id":76956,"date":"2016-01-18T13:33:07","date_gmt":"2016-01-18T16:33:07","guid":{"rendered":"http:\/\/aconteceunovale.com.br\/portal\/?p=76956"},"modified":"2016-01-18T13:33:07","modified_gmt":"2016-01-18T16:33:07","slug":"sus-incorpora-remedio-para-comportamento-agressivo-em-adultos-com-autismo","status":"publish","type":"post","link":"https:\/\/aconteceunovale.com.br\/portal\/?p=76956","title":{"rendered":"SUS incorpora rem\u00e9dio para comportamento agressivo em adultos com autismo"},"content":{"rendered":"<p>Portaria do Minist\u00e9rio da Sa\u00fade publicada hoje (18\/01) no Di\u00e1rio Oficial da Uni\u00e3o incorpora o uso da risperidona no tratamento de comportamento agressivo em adultos com transtorno do espectro do autismo no \u00e2mbito do Sistema \u00danico de Sa\u00fade (SUS).<\/p>\n<p>Em 2014, a pasta j\u00e1 havia anunciado a incorpora\u00e7\u00e3o do rem\u00e9dio para tratar sintomas de autismo em crian\u00e7as. A distribui\u00e7\u00e3o da droga, nesse caso, come\u00e7ou no ano passado. O medicamento tamb\u00e9m j\u00e1 \u00e9 utilizado na rede p\u00fablica para outros fins, como no tratamento de transtorno bipolar.<\/p>\n<p>De acordo com a pasta, o autismo aparece nos primeiros anos de vida. Apesar de n\u00e3o ter cura, t\u00e9cnicas, terapias e medicamentos, como a risperidona, podem proporcionar qualidade de vida para os pacientes e suas fam\u00edlias.<\/p>\n<p>A estimativa da Organiza\u00e7\u00e3o Mundial da Sa\u00fade \u00e9 que 70 milh\u00f5es de pessoas no mundo tenham a s\u00edndrome. No Brasil, o n\u00famero \u00e9 pr\u00f3ximo de 2 milh\u00f5es de pessoas.<\/p>\n<p>A inclus\u00e3o de medicamentos no SUS obedece a regras da Comiss\u00e3o Nacional de Incorpora\u00e7\u00e3o de Tecnologias, que exige comprova\u00e7\u00e3o da efic\u00e1cia, do custo-efetividade e da seguran\u00e7a do produto por meio de evid\u00eancia cl\u00ednica consolidada.<\/p>\n<p>Ap\u00f3s a incorpora\u00e7\u00e3o, o rem\u00e9dio pode levar at\u00e9 180 dias para ficar dispon\u00edvel ao paciente. (Ag\u00eancia Brasil)<\/p>\n","protected":false},"excerpt":{"rendered":"<p>Portaria do Minist\u00e9rio da Sa\u00fade publicada hoje (18\/01) no Di\u00e1rio Oficial da Uni\u00e3o incorpora o uso da risperidona no tratamento de comportamento agressivo em adultos com transtorno do espectro do autismo no \u00e2mbito do Sistema \u00danico de Sa\u00fade (SUS). Em 2014, a pasta j\u00e1 havia anunciado a incorpora\u00e7\u00e3o do rem\u00e9dio para tratar sintomas de autismo [&hellip;]<\/p>\n","protected":false},"author":1,"featured_media":49252,"comment_status":"open","ping_status":"closed","sticky":false,"template":"","format":"standard","meta":{"amp_status":"","footnotes":""},"categories":[6,40242],"tags":[69543,74143,24224,74144,74139,74140,74141,36949,19152,28873,74138,74142],"class_list":["post-76956","post","type-post","status-publish","format-standard","has-post-thumbnail","hentry","category-br","category-saude-2","tag-autismo","tag-autista","tag-medicamento","tag-remedio","tag-remedio-para-comportamento-agressivo","tag-remedio-para-comportamento-agressivo-em-adultos-com-autismo","tag-remedio-para-tratamento-do-autismo","tag-risperidona","tag-saude","tag-sus","tag-sus-incorpora-remedio-para-comportamento-agressivo-em-adultos-com-autismo","tag-uso-da-risperidona-no-tratamento-de-comportamento-agressivo-em-adultos-com-transtorno-do-espectro-do-autism"],"yoast_head":"<!-- This site is optimized with the Yoast SEO plugin v28.3 - https:\/\/yoast.com\/product\/yoast-seo-wordpress\/ -->\n<title>SUS incorpora rem\u00e9dio para comportamento agressivo em adultos com autismo - Aconteceu no Vale<\/title>\n<meta name=\"robots\" content=\"index, follow, max-snippet:-1, max-image-preview:large, max-video-preview:-1\" \/>\n<link rel=\"canonical\" href=\"https:\/\/aconteceunovale.com.br\/portal\/?p=76956\" \/>\n<meta property=\"og:locale\" content=\"pt_BR\" \/>\n<meta property=\"og:type\" content=\"article\" \/>\n<meta property=\"og:title\" content=\"SUS incorpora rem\u00e9dio para comportamento agressivo em adultos com autismo - Aconteceu no Vale\" \/>\n<meta property=\"og:description\" content=\"Portaria do Minist\u00e9rio da Sa\u00fade publicada hoje (18\/01) no Di\u00e1rio Oficial da Uni\u00e3o incorpora o uso da risperidona no tratamento de comportamento agressivo em adultos com transtorno do espectro do autismo no \u00e2mbito do Sistema \u00danico de Sa\u00fade (SUS). Em 2014, a pasta j\u00e1 havia anunciado a incorpora\u00e7\u00e3o do rem\u00e9dio para tratar sintomas de autismo [&hellip;]\" \/>\n<meta property=\"og:url\" content=\"https:\/\/aconteceunovale.com.br\/portal\/?p=76956\" \/>\n<meta property=\"og:site_name\" content=\"Aconteceu no Vale\" \/>\n<meta property=\"article:publisher\" content=\"https:\/\/www.facebook.com\/aconteceunovale\/\" \/>\n<meta property=\"article:published_time\" content=\"2016-01-18T16:33:07+00:00\" \/>\n<meta property=\"og:image\" content=\"https:\/\/aconteceunovale.com.br\/portal\/wp-content\/uploads\/2015\/01\/sus_medicamentos.jpg\" \/>\n\t<meta property=\"og:image:width\" content=\"600\" \/>\n\t<meta property=\"og:image:height\" content=\"400\" \/>\n\t<meta property=\"og:image:type\" content=\"image\/jpeg\" \/>\n<meta name=\"author\" content=\"Aconteceu no Vale\" \/>\n<meta name=\"twitter:card\" content=\"summary_large_image\" \/>\n<meta name=\"twitter:creator\" content=\"@noticiadosvales\" \/>\n<meta name=\"twitter:site\" content=\"@noticiadosvales\" \/>\n<meta name=\"twitter:label1\" content=\"Escrito por\" \/>\n\t<meta name=\"twitter:data1\" content=\"Aconteceu no Vale\" \/>\n\t<meta name=\"twitter:label2\" content=\"Est. tempo de leitura\" \/>\n\t<meta name=\"twitter:data2\" content=\"1 minuto\" \/>\n<script type=\"application\/ld+json\" class=\"yoast-schema-graph\">{\"@context\":\"https:\\\/\\\/schema.org\",\"@graph\":[{\"@type\":\"Article\",\"@id\":\"https:\\\/\\\/aconteceunovale.com.br\\\/portal\\\/?p=76956#article\",\"isPartOf\":{\"@id\":\"https:\\\/\\\/aconteceunovale.com.br\\\/portal\\\/?p=76956\"},\"author\":{\"name\":\"Aconteceu no Vale\",\"@id\":\"https:\\\/\\\/aconteceunovale.com.br\\\/portal\\\/#\\\/schema\\\/person\\\/633529146f2c94272bef50ac2953d589\"},\"headline\":\"SUS incorpora rem\u00e9dio para comportamento agressivo em adultos com autismo\",\"datePublished\":\"2016-01-18T16:33:07+00:00\",\"mainEntityOfPage\":{\"@id\":\"https:\\\/\\\/aconteceunovale.com.br\\\/portal\\\/?p=76956\"},\"wordCount\":239,\"commentCount\":0,\"image\":{\"@id\":\"https:\\\/\\\/aconteceunovale.com.br\\\/portal\\\/?p=76956#primaryimage\"},\"thumbnailUrl\":\"https:\\\/\\\/aconteceunovale.com.br\\\/portal\\\/wp-content\\\/uploads\\\/2015\\\/01\\\/sus_medicamentos.jpg\",\"keywords\":[\"autismo\",\"autista\",\"medicamento\",\"Rem\u00e9dio\",\"rem\u00e9dio para comportamento agressivo\",\"rem\u00e9dio para comportamento agressivo em adultos com autismo\",\"rem\u00e9dio para tratamento do autismo\",\"risperidona\",\"sa\u00fade\",\"SUS\",\"SUS incorpora rem\u00e9dio para comportamento agressivo em adultos com autismo\",\"uso da risperidona no tratamento de comportamento agressivo em adultos com transtorno do espectro do autism\"],\"articleSection\":[\"Brasil\",\"Sa\u00fade\"],\"inLanguage\":\"pt-BR\",\"potentialAction\":[{\"@type\":\"CommentAction\",\"name\":\"Comment\",\"target\":[\"https:\\\/\\\/aconteceunovale.com.br\\\/portal\\\/?p=76956#respond\"]}]},{\"@type\":\"WebPage\",\"@id\":\"https:\\\/\\\/aconteceunovale.com.br\\\/portal\\\/?p=76956\",\"url\":\"https:\\\/\\\/aconteceunovale.com.br\\\/portal\\\/?p=76956\",\"name\":\"SUS incorpora rem\u00e9dio para comportamento agressivo em adultos com autismo - Aconteceu no Vale\",\"isPartOf\":{\"@id\":\"https:\\\/\\\/aconteceunovale.com.br\\\/portal\\\/#website\"},\"primaryImageOfPage\":{\"@id\":\"https:\\\/\\\/aconteceunovale.com.br\\\/portal\\\/?p=76956#primaryimage\"},\"image\":{\"@id\":\"https:\\\/\\\/aconteceunovale.com.br\\\/portal\\\/?p=76956#primaryimage\"},\"thumbnailUrl\":\"https:\\\/\\\/aconteceunovale.com.br\\\/portal\\\/wp-content\\\/uploads\\\/2015\\\/01\\\/sus_medicamentos.jpg\",\"datePublished\":\"2016-01-18T16:33:07+00:00\",\"author\":{\"@id\":\"https:\\\/\\\/aconteceunovale.com.br\\\/portal\\\/#\\\/schema\\\/person\\\/633529146f2c94272bef50ac2953d589\"},\"breadcrumb\":{\"@id\":\"https:\\\/\\\/aconteceunovale.com.br\\\/portal\\\/?p=76956#breadcrumb\"},\"inLanguage\":\"pt-BR\",\"potentialAction\":[{\"@type\":\"ReadAction\",\"target\":[\"https:\\\/\\\/aconteceunovale.com.br\\\/portal\\\/?p=76956\"]}]},{\"@type\":\"ImageObject\",\"inLanguage\":\"pt-BR\",\"@id\":\"https:\\\/\\\/aconteceunovale.com.br\\\/portal\\\/?p=76956#primaryimage\",\"url\":\"https:\\\/\\\/aconteceunovale.com.br\\\/portal\\\/wp-content\\\/uploads\\\/2015\\\/01\\\/sus_medicamentos.jpg\",\"contentUrl\":\"https:\\\/\\\/aconteceunovale.com.br\\\/portal\\\/wp-content\\\/uploads\\\/2015\\\/01\\\/sus_medicamentos.jpg\",\"width\":600,\"height\":400},{\"@type\":\"BreadcrumbList\",\"@id\":\"https:\\\/\\\/aconteceunovale.com.br\\\/portal\\\/?p=76956#breadcrumb\",\"itemListElement\":[{\"@type\":\"ListItem\",\"position\":1,\"name\":\"In\u00edcio\",\"item\":\"https:\\\/\\\/aconteceunovale.com.br\\\/portal\\\/\"},{\"@type\":\"ListItem\",\"position\":2,\"name\":\"SUS incorpora rem\u00e9dio para comportamento agressivo em adultos com autismo\"}]},{\"@type\":\"WebSite\",\"@id\":\"https:\\\/\\\/aconteceunovale.com.br\\\/portal\\\/#website\",\"url\":\"https:\\\/\\\/aconteceunovale.com.br\\\/portal\\\/\",\"name\":\"Aconteceu no Vale\",\"description\":\"Portal de Not\u00edcias\",\"potentialAction\":[{\"@type\":\"SearchAction\",\"target\":{\"@type\":\"EntryPoint\",\"urlTemplate\":\"https:\\\/\\\/aconteceunovale.com.br\\\/portal\\\/?s={search_term_string}\"},\"query-input\":{\"@type\":\"PropertyValueSpecification\",\"valueRequired\":true,\"valueName\":\"search_term_string\"}}],\"inLanguage\":\"pt-BR\"},{\"@type\":\"Person\",\"@id\":\"https:\\\/\\\/aconteceunovale.com.br\\\/portal\\\/#\\\/schema\\\/person\\\/633529146f2c94272bef50ac2953d589\",\"name\":\"Aconteceu no Vale\",\"description\":\"Equipe de reportagem do Aconteceu no Vale, portal de not\u00edcias do Vale do Jequitinhonha, em Minas Gerais. Cobrimos as 51 cidades do Vale desde 2013. Sugest\u00f5es de pauta e pedidos de corre\u00e7\u00e3o: contato@aconteceunovale.com.br\",\"sameAs\":[\"http:\\\/\\\/www.aconteceunovale.com.br\"],\"url\":\"https:\\\/\\\/aconteceunovale.com.br\\\/portal\\\/?author=1\"}]}<\/script>\n<!-- \/ Yoast SEO plugin. -->","yoast_head_json":{"title":"SUS incorpora rem\u00e9dio para comportamento agressivo em adultos com autismo - Aconteceu no Vale","robots":{"index":"index","follow":"follow","max-snippet":"max-snippet:-1","max-image-preview":"max-image-preview:large","max-video-preview":"max-video-preview:-1"},"canonical":"https:\/\/aconteceunovale.com.br\/portal\/?p=76956","og_locale":"pt_BR","og_type":"article","og_title":"SUS incorpora rem\u00e9dio para comportamento agressivo em adultos com autismo - Aconteceu no Vale","og_description":"Portaria do Minist\u00e9rio da Sa\u00fade publicada hoje (18\/01) no Di\u00e1rio Oficial da Uni\u00e3o incorpora o uso da risperidona no tratamento de comportamento agressivo em adultos com transtorno do espectro do autismo no \u00e2mbito do Sistema \u00danico de Sa\u00fade (SUS). Em 2014, a pasta j\u00e1 havia anunciado a incorpora\u00e7\u00e3o do rem\u00e9dio para tratar sintomas de autismo [&hellip;]","og_url":"https:\/\/aconteceunovale.com.br\/portal\/?p=76956","og_site_name":"Aconteceu no Vale","article_publisher":"https:\/\/www.facebook.com\/aconteceunovale\/","article_published_time":"2016-01-18T16:33:07+00:00","og_image":[{"width":600,"height":400,"url":"https:\/\/aconteceunovale.com.br\/portal\/wp-content\/uploads\/2015\/01\/sus_medicamentos.jpg","type":"image\/jpeg"}],"author":"Aconteceu no Vale","twitter_card":"summary_large_image","twitter_creator":"@noticiadosvales","twitter_site":"@noticiadosvales","twitter_misc":{"Escrito por":"Aconteceu no Vale","Est. tempo de leitura":"1 minuto"},"schema":{"@context":"https:\/\/schema.org","@graph":[{"@type":"Article","@id":"https:\/\/aconteceunovale.com.br\/portal\/?p=76956#article","isPartOf":{"@id":"https:\/\/aconteceunovale.com.br\/portal\/?p=76956"},"author":{"name":"Aconteceu no Vale","@id":"https:\/\/aconteceunovale.com.br\/portal\/#\/schema\/person\/633529146f2c94272bef50ac2953d589"},"headline":"SUS incorpora rem\u00e9dio para comportamento agressivo em adultos com autismo","datePublished":"2016-01-18T16:33:07+00:00","mainEntityOfPage":{"@id":"https:\/\/aconteceunovale.com.br\/portal\/?p=76956"},"wordCount":239,"commentCount":0,"image":{"@id":"https:\/\/aconteceunovale.com.br\/portal\/?p=76956#primaryimage"},"thumbnailUrl":"https:\/\/aconteceunovale.com.br\/portal\/wp-content\/uploads\/2015\/01\/sus_medicamentos.jpg","keywords":["autismo","autista","medicamento","Rem\u00e9dio","rem\u00e9dio para comportamento agressivo","rem\u00e9dio para comportamento agressivo em adultos com autismo","rem\u00e9dio para tratamento do autismo","risperidona","sa\u00fade","SUS","SUS incorpora rem\u00e9dio para comportamento agressivo em adultos com autismo","uso da risperidona no tratamento de comportamento agressivo em adultos com transtorno do espectro do autism"],"articleSection":["Brasil","Sa\u00fade"],"inLanguage":"pt-BR","potentialAction":[{"@type":"CommentAction","name":"Comment","target":["https:\/\/aconteceunovale.com.br\/portal\/?p=76956#respond"]}]},{"@type":"WebPage","@id":"https:\/\/aconteceunovale.com.br\/portal\/?p=76956","url":"https:\/\/aconteceunovale.com.br\/portal\/?p=76956","name":"SUS incorpora rem\u00e9dio para comportamento agressivo em adultos com autismo - Aconteceu no Vale","isPartOf":{"@id":"https:\/\/aconteceunovale.com.br\/portal\/#website"},"primaryImageOfPage":{"@id":"https:\/\/aconteceunovale.com.br\/portal\/?p=76956#primaryimage"},"image":{"@id":"https:\/\/aconteceunovale.com.br\/portal\/?p=76956#primaryimage"},"thumbnailUrl":"https:\/\/aconteceunovale.com.br\/portal\/wp-content\/uploads\/2015\/01\/sus_medicamentos.jpg","datePublished":"2016-01-18T16:33:07+00:00","author":{"@id":"https:\/\/aconteceunovale.com.br\/portal\/#\/schema\/person\/633529146f2c94272bef50ac2953d589"},"breadcrumb":{"@id":"https:\/\/aconteceunovale.com.br\/portal\/?p=76956#breadcrumb"},"inLanguage":"pt-BR","potentialAction":[{"@type":"ReadAction","target":["https:\/\/aconteceunovale.com.br\/portal\/?p=76956"]}]},{"@type":"ImageObject","inLanguage":"pt-BR","@id":"https:\/\/aconteceunovale.com.br\/portal\/?p=76956#primaryimage","url":"https:\/\/aconteceunovale.com.br\/portal\/wp-content\/uploads\/2015\/01\/sus_medicamentos.jpg","contentUrl":"https:\/\/aconteceunovale.com.br\/portal\/wp-content\/uploads\/2015\/01\/sus_medicamentos.jpg","width":600,"height":400},{"@type":"BreadcrumbList","@id":"https:\/\/aconteceunovale.com.br\/portal\/?p=76956#breadcrumb","itemListElement":[{"@type":"ListItem","position":1,"name":"In\u00edcio","item":"https:\/\/aconteceunovale.com.br\/portal\/"},{"@type":"ListItem","position":2,"name":"SUS incorpora rem\u00e9dio para comportamento agressivo em adultos com autismo"}]},{"@type":"WebSite","@id":"https:\/\/aconteceunovale.com.br\/portal\/#website","url":"https:\/\/aconteceunovale.com.br\/portal\/","name":"Aconteceu no Vale","description":"Portal de Not\u00edcias","potentialAction":[{"@type":"SearchAction","target":{"@type":"EntryPoint","urlTemplate":"https:\/\/aconteceunovale.com.br\/portal\/?s={search_term_string}"},"query-input":{"@type":"PropertyValueSpecification","valueRequired":true,"valueName":"search_term_string"}}],"inLanguage":"pt-BR"},{"@type":"Person","@id":"https:\/\/aconteceunovale.com.br\/portal\/#\/schema\/person\/633529146f2c94272bef50ac2953d589","name":"Aconteceu no Vale","description":"Equipe de reportagem do Aconteceu no Vale, portal de not\u00edcias do Vale do Jequitinhonha, em Minas Gerais. Cobrimos as 51 cidades do Vale desde 2013. Sugest\u00f5es de pauta e pedidos de corre\u00e7\u00e3o: contato@aconteceunovale.com.br","sameAs":["http:\/\/www.aconteceunovale.com.br"],"url":"https:\/\/aconteceunovale.com.br\/portal\/?author=1"}]}},"_links":{"self":[{"href":"https:\/\/aconteceunovale.com.br\/portal\/index.php?rest_route=\/wp\/v2\/posts\/76956","targetHints":{"allow":["GET"]}}],"collection":[{"href":"https:\/\/aconteceunovale.com.br\/portal\/index.php?rest_route=\/wp\/v2\/posts"}],"about":[{"href":"https:\/\/aconteceunovale.com.br\/portal\/index.php?rest_route=\/wp\/v2\/types\/post"}],"author":[{"embeddable":true,"href":"https:\/\/aconteceunovale.com.br\/portal\/index.php?rest_route=\/wp\/v2\/users\/1"}],"replies":[{"embeddable":true,"href":"https:\/\/aconteceunovale.com.br\/portal\/index.php?rest_route=%2Fwp%2Fv2%2Fcomments&post=76956"}],"version-history":[{"count":0,"href":"https:\/\/aconteceunovale.com.br\/portal\/index.php?rest_route=\/wp\/v2\/posts\/76956\/revisions"}],"wp:featuredmedia":[{"embeddable":true,"href":"https:\/\/aconteceunovale.com.br\/portal\/index.php?rest_route=\/wp\/v2\/media\/49252"}],"wp:attachment":[{"href":"https:\/\/aconteceunovale.com.br\/portal\/index.php?rest_route=%2Fwp%2Fv2%2Fmedia&parent=76956"}],"wp:term":[{"taxonomy":"category","embeddable":true,"href":"https:\/\/aconteceunovale.com.br\/portal\/index.php?rest_route=%2Fwp%2Fv2%2Fcategories&post=76956"},{"taxonomy":"post_tag","embeddable":true,"href":"https:\/\/aconteceunovale.com.br\/portal\/index.php?rest_route=%2Fwp%2Fv2%2Ftags&post=76956"}],"curies":[{"name":"wp","href":"https:\/\/api.w.org\/{rel}","templated":true}]}}