{"id":76951,"date":"2016-01-18T13:01:39","date_gmt":"2016-01-18T16:01:39","guid":{"rendered":"http:\/\/aconteceunovale.com.br\/portal\/?p=76951"},"modified":"2016-01-18T13:01:39","modified_gmt":"2016-01-18T16:01:39","slug":"crianca-de-teofilo-otoni-morre-apos-fab-negar-transporte-de-coracao-para-transplante","status":"publish","type":"post","link":"https:\/\/aconteceunovale.com.br\/portal\/?p=76951","title":{"rendered":"Crian\u00e7a de Te\u00f3filo Otoni morre ap\u00f3s FAB negar transporte de cora\u00e7\u00e3o para transplante"},"content":{"rendered":"<p>Um menino de 12 anos morreu em Bras\u00edlia ap\u00f3s n\u00e3o conseguir fazer um transplante de cora\u00e7\u00e3o por falta de uma aeronave para transportar o \u00f3rg\u00e3o. No primeiro dia do ano, a Central Nacional de Transplantes localizou um cora\u00e7\u00e3o compat\u00edvel em Minas Gerais, mas a For\u00e7a A\u00e9rea Brasileira (FAB) alegou que n\u00e3o tinha avi\u00e3o dispon\u00edvel para fazer o voo at\u00e9 o Distrito Federal.<\/p>\n<p>Devido \u00e0 gravidade de seu estado de sa\u00fade, G.L.A estava na lista nacional de espera por um transplante em car\u00e1ter priorit\u00e1rio. O cora\u00e7\u00e3o do doador estava em Itajub\u00e1, a 40 minutos de carro de Pouso Alegre, cidade mais pr\u00f3xima com pista de pouso para avi\u00f5es. A FAB informou que n\u00e3o p\u00f4de atender ao pedido &#8220;por quest\u00f5es operacionais&#8221;.<\/p>\n<p>O garoto, que \u00e9 de Te\u00f3filo Otoni, no Vale do Mucuri, estava internado no Instituto de Cardiologia do Distrito Federal e a fam\u00edlia n\u00e3o autorizou a divulga\u00e7\u00e3o de informa\u00e7\u00f5es sobre seu prontu\u00e1rio m\u00e9dico.<\/p>\n<p>A assessoria de imprensa do Minist\u00e9rio da Sa\u00fade destacou a dificuldade log\u00edstica para realiza\u00e7\u00e3o do procedimento, considerando que, do momento da retirada do cora\u00e7\u00e3o do peito do doador at\u00e9 o seu implante no receptor, n\u00e3o pode ultrapassar quatro horas, sob risco de insucesso do transplante. &#8220;Esse ex\u00edguo tempo (chamado tecnicamente de tempo de isquemia fria) dificulta a realiza\u00e7\u00e3o da retirada e do transplante em casos em que o potencial doador se encontra no interior do Pa\u00eds, como o ocorrido no dia 1\u00ba de janeiro&#8221;.<\/p>\n<p>Em nota, o Minist\u00e9rio da Sa\u00fade ressaltou a colabora\u00e7\u00e3o da FAB e a parceria com empresas de avia\u00e7\u00e3o civil no transporte gratuito de \u00f3rg\u00e3os para transplante. J\u00e1 a FAB lembrou que tem acordo de coopera\u00e7\u00e3o t\u00e9cnica com o Minist\u00e9rio da Sa\u00fade desde 2013 para priorizar o transporte de \u00f3rg\u00e3os e tecidos, colaborando assim para ampliar o n\u00famero de transplantes no pa\u00eds.<\/p>\n<p>&#8220;Al\u00e9m dessas atribui\u00e7\u00f5es, a FAB realiza o transporte de \u00f3rg\u00e3os em aproveitamento de miss\u00f5es militares, de acordo com a disponibilidade e considerando aspectos operacionais. No dia 1\u00ba de janeiro, a FAB n\u00e3o p\u00f4de atender ao pedido por quest\u00f5es operacionais&#8221;, disse o Centro de Comunica\u00e7\u00e3o Social da Aeron\u00e1utica.<\/p>\n<p><img decoding=\"async\" src=\"http:\/\/aconteceunovale.com.br\/portal\/wp-content\/uploads\/2016\/01\/aviao_fa.jpg\" alt=\"\" \/><em>FAB informou n\u00e3o p\u00f4de atender ao pedido &#8220;por quest\u00f5es operacionais&#8221; &#8211; Foto: Divulga\u00e7\u00e3o<\/em><br \/>\n<\/br><\/p>\n<p><em>(Fonte: Hoje em Dia \/ Estad\u00e3o Conte\u00fado)<\/em><\/p>\n","protected":false},"excerpt":{"rendered":"<p>Um menino de 12 anos morreu em Bras\u00edlia ap\u00f3s n\u00e3o conseguir fazer um transplante de cora\u00e7\u00e3o por falta de uma aeronave para transportar o \u00f3rg\u00e3o. No primeiro dia do ano, a Central Nacional de Transplantes localizou um cora\u00e7\u00e3o compat\u00edvel em Minas Gerais, mas a For\u00e7a A\u00e9rea Brasileira (FAB) alegou que n\u00e3o tinha avi\u00e3o dispon\u00edvel para [&hellip;]<\/p>\n","protected":false},"author":1,"featured_media":76952,"comment_status":"open","ping_status":"closed","sticky":false,"template":"","format":"standard","meta":{"amp_status":"","footnotes":""},"categories":[6,122],"tags":[4606,74133,74131,1018,74128,74129,1544,74132,216,164,74130],"class_list":["post-76951","post","type-post","status-publish","format-standard","has-post-thumbnail","hentry","category-br","category-mucuri","tag-brasilia","tag-crianca-de-teofilo-otoni-morre-apos-fab-negar-transporte-de-coracao-para-transplante","tag-crianca-de-teofilo-otoni-morre-em-brasilia","tag-destaque","tag-fab-nega-transporte-de-coracao","tag-forca-aerea-nega-transporte-de-coracao","tag-itajuba","tag-morte-de-crianca-de-teofilo-otoni","tag-pouso-alegre","tag-teofilo-otoni","tag-transporte-de-coracao-para-brasilia"],"yoast_head":"<!-- This site is optimized with the Yoast SEO plugin v28.3 - https:\/\/yoast.com\/product\/yoast-seo-wordpress\/ -->\n<title>Crian\u00e7a de Te\u00f3filo Otoni morre ap\u00f3s FAB negar transporte de cora\u00e7\u00e3o para transplante - Aconteceu no Vale<\/title>\n<meta name=\"robots\" content=\"index, follow, max-snippet:-1, max-image-preview:large, max-video-preview:-1\" \/>\n<link rel=\"canonical\" href=\"https:\/\/aconteceunovale.com.br\/portal\/?p=76951\" \/>\n<meta property=\"og:locale\" content=\"pt_BR\" \/>\n<meta property=\"og:type\" content=\"article\" \/>\n<meta property=\"og:title\" content=\"Crian\u00e7a de Te\u00f3filo Otoni morre ap\u00f3s FAB negar transporte de cora\u00e7\u00e3o para transplante - Aconteceu no Vale\" \/>\n<meta property=\"og:description\" content=\"Um menino de 12 anos morreu em Bras\u00edlia ap\u00f3s n\u00e3o conseguir fazer um transplante de cora\u00e7\u00e3o por falta de uma aeronave para transportar o \u00f3rg\u00e3o. No primeiro dia do ano, a Central Nacional de Transplantes localizou um cora\u00e7\u00e3o compat\u00edvel em Minas Gerais, mas a For\u00e7a A\u00e9rea Brasileira (FAB) alegou que n\u00e3o tinha avi\u00e3o dispon\u00edvel para [&hellip;]\" \/>\n<meta property=\"og:url\" content=\"https:\/\/aconteceunovale.com.br\/portal\/?p=76951\" \/>\n<meta property=\"og:site_name\" content=\"Aconteceu no Vale\" \/>\n<meta property=\"article:publisher\" content=\"https:\/\/www.facebook.com\/aconteceunovale\/\" \/>\n<meta property=\"article:published_time\" content=\"2016-01-18T16:01:39+00:00\" \/>\n<meta property=\"og:image\" content=\"https:\/\/aconteceunovale.com.br\/portal\/wp-content\/uploads\/2016\/01\/aviao_fa.jpg\" \/>\n\t<meta property=\"og:image:width\" content=\"651\" \/>\n\t<meta property=\"og:image:height\" content=\"380\" \/>\n\t<meta property=\"og:image:type\" content=\"image\/jpeg\" \/>\n<meta name=\"author\" content=\"Aconteceu no Vale\" \/>\n<meta name=\"twitter:card\" content=\"summary_large_image\" \/>\n<meta name=\"twitter:creator\" content=\"@noticiadosvales\" \/>\n<meta name=\"twitter:site\" content=\"@noticiadosvales\" \/>\n<meta name=\"twitter:label1\" content=\"Escrito por\" \/>\n\t<meta name=\"twitter:data1\" content=\"Aconteceu no Vale\" \/>\n\t<meta name=\"twitter:label2\" content=\"Est. tempo de leitura\" \/>\n\t<meta name=\"twitter:data2\" content=\"2 minutos\" \/>\n<script type=\"application\/ld+json\" class=\"yoast-schema-graph\">{\"@context\":\"https:\\\/\\\/schema.org\",\"@graph\":[{\"@type\":\"Article\",\"@id\":\"https:\\\/\\\/aconteceunovale.com.br\\\/portal\\\/?p=76951#article\",\"isPartOf\":{\"@id\":\"https:\\\/\\\/aconteceunovale.com.br\\\/portal\\\/?p=76951\"},\"author\":{\"name\":\"Aconteceu no Vale\",\"@id\":\"https:\\\/\\\/aconteceunovale.com.br\\\/portal\\\/#\\\/schema\\\/person\\\/633529146f2c94272bef50ac2953d589\"},\"headline\":\"Crian\u00e7a de Te\u00f3filo Otoni morre ap\u00f3s FAB negar transporte de cora\u00e7\u00e3o para transplante\",\"datePublished\":\"2016-01-18T16:01:39+00:00\",\"mainEntityOfPage\":{\"@id\":\"https:\\\/\\\/aconteceunovale.com.br\\\/portal\\\/?p=76951\"},\"wordCount\":439,\"commentCount\":4,\"image\":{\"@id\":\"https:\\\/\\\/aconteceunovale.com.br\\\/portal\\\/?p=76951#primaryimage\"},\"thumbnailUrl\":\"https:\\\/\\\/aconteceunovale.com.br\\\/portal\\\/wp-content\\\/uploads\\\/2016\\\/01\\\/aviao_fa.jpg\",\"keywords\":[\"Bras\u00edlia\",\"Crian\u00e7a de Te\u00f3filo Otoni morre ap\u00f3s FAB negar transporte de cora\u00e7\u00e3o para transplante\",\"crian\u00e7a de te\u00f3filo otoni morre em bras\u00edlia\",\"destaque\",\"fab nega transporte de cora\u00e7\u00e3o\",\"For\u00e7a a\u00e9rea nega transporte de cora\u00e7\u00e3o\",\"Itajub\u00e1\",\"morte de crian\u00e7a de te\u00f3filo otoni\",\"Pouso Alegre\",\"Te\u00f3filo Otoni\",\"transporte de cora\u00e7\u00e3o para bras\u00edlia\"],\"articleSection\":[\"Brasil\",\"Vale do Mucuri\"],\"inLanguage\":\"pt-BR\",\"potentialAction\":[{\"@type\":\"CommentAction\",\"name\":\"Comment\",\"target\":[\"https:\\\/\\\/aconteceunovale.com.br\\\/portal\\\/?p=76951#respond\"]}]},{\"@type\":\"WebPage\",\"@id\":\"https:\\\/\\\/aconteceunovale.com.br\\\/portal\\\/?p=76951\",\"url\":\"https:\\\/\\\/aconteceunovale.com.br\\\/portal\\\/?p=76951\",\"name\":\"Crian\u00e7a de Te\u00f3filo Otoni morre ap\u00f3s FAB negar transporte de cora\u00e7\u00e3o para transplante - Aconteceu no Vale\",\"isPartOf\":{\"@id\":\"https:\\\/\\\/aconteceunovale.com.br\\\/portal\\\/#website\"},\"primaryImageOfPage\":{\"@id\":\"https:\\\/\\\/aconteceunovale.com.br\\\/portal\\\/?p=76951#primaryimage\"},\"image\":{\"@id\":\"https:\\\/\\\/aconteceunovale.com.br\\\/portal\\\/?p=76951#primaryimage\"},\"thumbnailUrl\":\"https:\\\/\\\/aconteceunovale.com.br\\\/portal\\\/wp-content\\\/uploads\\\/2016\\\/01\\\/aviao_fa.jpg\",\"datePublished\":\"2016-01-18T16:01:39+00:00\",\"author\":{\"@id\":\"https:\\\/\\\/aconteceunovale.com.br\\\/portal\\\/#\\\/schema\\\/person\\\/633529146f2c94272bef50ac2953d589\"},\"breadcrumb\":{\"@id\":\"https:\\\/\\\/aconteceunovale.com.br\\\/portal\\\/?p=76951#breadcrumb\"},\"inLanguage\":\"pt-BR\",\"potentialAction\":[{\"@type\":\"ReadAction\",\"target\":[\"https:\\\/\\\/aconteceunovale.com.br\\\/portal\\\/?p=76951\"]}]},{\"@type\":\"ImageObject\",\"inLanguage\":\"pt-BR\",\"@id\":\"https:\\\/\\\/aconteceunovale.com.br\\\/portal\\\/?p=76951#primaryimage\",\"url\":\"https:\\\/\\\/aconteceunovale.com.br\\\/portal\\\/wp-content\\\/uploads\\\/2016\\\/01\\\/aviao_fa.jpg\",\"contentUrl\":\"https:\\\/\\\/aconteceunovale.com.br\\\/portal\\\/wp-content\\\/uploads\\\/2016\\\/01\\\/aviao_fa.jpg\",\"width\":651,\"height\":380},{\"@type\":\"BreadcrumbList\",\"@id\":\"https:\\\/\\\/aconteceunovale.com.br\\\/portal\\\/?p=76951#breadcrumb\",\"itemListElement\":[{\"@type\":\"ListItem\",\"position\":1,\"name\":\"In\u00edcio\",\"item\":\"https:\\\/\\\/aconteceunovale.com.br\\\/portal\\\/\"},{\"@type\":\"ListItem\",\"position\":2,\"name\":\"Crian\u00e7a de Te\u00f3filo Otoni morre ap\u00f3s FAB negar transporte de cora\u00e7\u00e3o para transplante\"}]},{\"@type\":\"WebSite\",\"@id\":\"https:\\\/\\\/aconteceunovale.com.br\\\/portal\\\/#website\",\"url\":\"https:\\\/\\\/aconteceunovale.com.br\\\/portal\\\/\",\"name\":\"Aconteceu no Vale\",\"description\":\"Portal de Not\u00edcias\",\"potentialAction\":[{\"@type\":\"SearchAction\",\"target\":{\"@type\":\"EntryPoint\",\"urlTemplate\":\"https:\\\/\\\/aconteceunovale.com.br\\\/portal\\\/?s={search_term_string}\"},\"query-input\":{\"@type\":\"PropertyValueSpecification\",\"valueRequired\":true,\"valueName\":\"search_term_string\"}}],\"inLanguage\":\"pt-BR\"},{\"@type\":\"Person\",\"@id\":\"https:\\\/\\\/aconteceunovale.com.br\\\/portal\\\/#\\\/schema\\\/person\\\/633529146f2c94272bef50ac2953d589\",\"name\":\"Aconteceu no Vale\",\"description\":\"Equipe de reportagem do Aconteceu no Vale, portal de not\u00edcias do Vale do Jequitinhonha, em Minas Gerais. Cobrimos as 51 cidades do Vale desde 2013. Sugest\u00f5es de pauta e pedidos de corre\u00e7\u00e3o: contato@aconteceunovale.com.br\",\"sameAs\":[\"http:\\\/\\\/www.aconteceunovale.com.br\"],\"url\":\"https:\\\/\\\/aconteceunovale.com.br\\\/portal\\\/?author=1\"}]}<\/script>\n<!-- \/ Yoast SEO plugin. -->","yoast_head_json":{"title":"Crian\u00e7a de Te\u00f3filo Otoni morre ap\u00f3s FAB negar transporte de cora\u00e7\u00e3o para transplante - Aconteceu no Vale","robots":{"index":"index","follow":"follow","max-snippet":"max-snippet:-1","max-image-preview":"max-image-preview:large","max-video-preview":"max-video-preview:-1"},"canonical":"https:\/\/aconteceunovale.com.br\/portal\/?p=76951","og_locale":"pt_BR","og_type":"article","og_title":"Crian\u00e7a de Te\u00f3filo Otoni morre ap\u00f3s FAB negar transporte de cora\u00e7\u00e3o para transplante - Aconteceu no Vale","og_description":"Um menino de 12 anos morreu em Bras\u00edlia ap\u00f3s n\u00e3o conseguir fazer um transplante de cora\u00e7\u00e3o por falta de uma aeronave para transportar o \u00f3rg\u00e3o. No primeiro dia do ano, a Central Nacional de Transplantes localizou um cora\u00e7\u00e3o compat\u00edvel em Minas Gerais, mas a For\u00e7a A\u00e9rea Brasileira (FAB) alegou que n\u00e3o tinha avi\u00e3o dispon\u00edvel para [&hellip;]","og_url":"https:\/\/aconteceunovale.com.br\/portal\/?p=76951","og_site_name":"Aconteceu no Vale","article_publisher":"https:\/\/www.facebook.com\/aconteceunovale\/","article_published_time":"2016-01-18T16:01:39+00:00","og_image":[{"width":651,"height":380,"url":"https:\/\/aconteceunovale.com.br\/portal\/wp-content\/uploads\/2016\/01\/aviao_fa.jpg","type":"image\/jpeg"}],"author":"Aconteceu no Vale","twitter_card":"summary_large_image","twitter_creator":"@noticiadosvales","twitter_site":"@noticiadosvales","twitter_misc":{"Escrito por":"Aconteceu no Vale","Est. tempo de leitura":"2 minutos"},"schema":{"@context":"https:\/\/schema.org","@graph":[{"@type":"Article","@id":"https:\/\/aconteceunovale.com.br\/portal\/?p=76951#article","isPartOf":{"@id":"https:\/\/aconteceunovale.com.br\/portal\/?p=76951"},"author":{"name":"Aconteceu no Vale","@id":"https:\/\/aconteceunovale.com.br\/portal\/#\/schema\/person\/633529146f2c94272bef50ac2953d589"},"headline":"Crian\u00e7a de Te\u00f3filo Otoni morre ap\u00f3s FAB negar transporte de cora\u00e7\u00e3o para transplante","datePublished":"2016-01-18T16:01:39+00:00","mainEntityOfPage":{"@id":"https:\/\/aconteceunovale.com.br\/portal\/?p=76951"},"wordCount":439,"commentCount":4,"image":{"@id":"https:\/\/aconteceunovale.com.br\/portal\/?p=76951#primaryimage"},"thumbnailUrl":"https:\/\/aconteceunovale.com.br\/portal\/wp-content\/uploads\/2016\/01\/aviao_fa.jpg","keywords":["Bras\u00edlia","Crian\u00e7a de Te\u00f3filo Otoni morre ap\u00f3s FAB negar transporte de cora\u00e7\u00e3o para transplante","crian\u00e7a de te\u00f3filo otoni morre em bras\u00edlia","destaque","fab nega transporte de cora\u00e7\u00e3o","For\u00e7a a\u00e9rea nega transporte de cora\u00e7\u00e3o","Itajub\u00e1","morte de crian\u00e7a de te\u00f3filo otoni","Pouso Alegre","Te\u00f3filo Otoni","transporte de cora\u00e7\u00e3o para bras\u00edlia"],"articleSection":["Brasil","Vale do Mucuri"],"inLanguage":"pt-BR","potentialAction":[{"@type":"CommentAction","name":"Comment","target":["https:\/\/aconteceunovale.com.br\/portal\/?p=76951#respond"]}]},{"@type":"WebPage","@id":"https:\/\/aconteceunovale.com.br\/portal\/?p=76951","url":"https:\/\/aconteceunovale.com.br\/portal\/?p=76951","name":"Crian\u00e7a de Te\u00f3filo Otoni morre ap\u00f3s FAB negar transporte de cora\u00e7\u00e3o para transplante - Aconteceu no Vale","isPartOf":{"@id":"https:\/\/aconteceunovale.com.br\/portal\/#website"},"primaryImageOfPage":{"@id":"https:\/\/aconteceunovale.com.br\/portal\/?p=76951#primaryimage"},"image":{"@id":"https:\/\/aconteceunovale.com.br\/portal\/?p=76951#primaryimage"},"thumbnailUrl":"https:\/\/aconteceunovale.com.br\/portal\/wp-content\/uploads\/2016\/01\/aviao_fa.jpg","datePublished":"2016-01-18T16:01:39+00:00","author":{"@id":"https:\/\/aconteceunovale.com.br\/portal\/#\/schema\/person\/633529146f2c94272bef50ac2953d589"},"breadcrumb":{"@id":"https:\/\/aconteceunovale.com.br\/portal\/?p=76951#breadcrumb"},"inLanguage":"pt-BR","potentialAction":[{"@type":"ReadAction","target":["https:\/\/aconteceunovale.com.br\/portal\/?p=76951"]}]},{"@type":"ImageObject","inLanguage":"pt-BR","@id":"https:\/\/aconteceunovale.com.br\/portal\/?p=76951#primaryimage","url":"https:\/\/aconteceunovale.com.br\/portal\/wp-content\/uploads\/2016\/01\/aviao_fa.jpg","contentUrl":"https:\/\/aconteceunovale.com.br\/portal\/wp-content\/uploads\/2016\/01\/aviao_fa.jpg","width":651,"height":380},{"@type":"BreadcrumbList","@id":"https:\/\/aconteceunovale.com.br\/portal\/?p=76951#breadcrumb","itemListElement":[{"@type":"ListItem","position":1,"name":"In\u00edcio","item":"https:\/\/aconteceunovale.com.br\/portal\/"},{"@type":"ListItem","position":2,"name":"Crian\u00e7a de Te\u00f3filo Otoni morre ap\u00f3s FAB negar transporte de cora\u00e7\u00e3o para transplante"}]},{"@type":"WebSite","@id":"https:\/\/aconteceunovale.com.br\/portal\/#website","url":"https:\/\/aconteceunovale.com.br\/portal\/","name":"Aconteceu no Vale","description":"Portal de Not\u00edcias","potentialAction":[{"@type":"SearchAction","target":{"@type":"EntryPoint","urlTemplate":"https:\/\/aconteceunovale.com.br\/portal\/?s={search_term_string}"},"query-input":{"@type":"PropertyValueSpecification","valueRequired":true,"valueName":"search_term_string"}}],"inLanguage":"pt-BR"},{"@type":"Person","@id":"https:\/\/aconteceunovale.com.br\/portal\/#\/schema\/person\/633529146f2c94272bef50ac2953d589","name":"Aconteceu no Vale","description":"Equipe de reportagem do Aconteceu no Vale, portal de not\u00edcias do Vale do Jequitinhonha, em Minas Gerais. Cobrimos as 51 cidades do Vale desde 2013. Sugest\u00f5es de pauta e pedidos de corre\u00e7\u00e3o: contato@aconteceunovale.com.br","sameAs":["http:\/\/www.aconteceunovale.com.br"],"url":"https:\/\/aconteceunovale.com.br\/portal\/?author=1"}]}},"_links":{"self":[{"href":"https:\/\/aconteceunovale.com.br\/portal\/index.php?rest_route=\/wp\/v2\/posts\/76951","targetHints":{"allow":["GET"]}}],"collection":[{"href":"https:\/\/aconteceunovale.com.br\/portal\/index.php?rest_route=\/wp\/v2\/posts"}],"about":[{"href":"https:\/\/aconteceunovale.com.br\/portal\/index.php?rest_route=\/wp\/v2\/types\/post"}],"author":[{"embeddable":true,"href":"https:\/\/aconteceunovale.com.br\/portal\/index.php?rest_route=\/wp\/v2\/users\/1"}],"replies":[{"embeddable":true,"href":"https:\/\/aconteceunovale.com.br\/portal\/index.php?rest_route=%2Fwp%2Fv2%2Fcomments&post=76951"}],"version-history":[{"count":0,"href":"https:\/\/aconteceunovale.com.br\/portal\/index.php?rest_route=\/wp\/v2\/posts\/76951\/revisions"}],"wp:featuredmedia":[{"embeddable":true,"href":"https:\/\/aconteceunovale.com.br\/portal\/index.php?rest_route=\/wp\/v2\/media\/76952"}],"wp:attachment":[{"href":"https:\/\/aconteceunovale.com.br\/portal\/index.php?rest_route=%2Fwp%2Fv2%2Fmedia&parent=76951"}],"wp:term":[{"taxonomy":"category","embeddable":true,"href":"https:\/\/aconteceunovale.com.br\/portal\/index.php?rest_route=%2Fwp%2Fv2%2Fcategories&post=76951"},{"taxonomy":"post_tag","embeddable":true,"href":"https:\/\/aconteceunovale.com.br\/portal\/index.php?rest_route=%2Fwp%2Fv2%2Ftags&post=76951"}],"curies":[{"name":"wp","href":"https:\/\/api.w.org\/{rel}","templated":true}]}}