{"id":76937,"date":"2016-01-18T08:04:00","date_gmt":"2016-01-18T11:04:00","guid":{"rendered":"http:\/\/aconteceunovale.com.br\/portal\/?p=76937"},"modified":"2016-01-18T08:04:00","modified_gmt":"2016-01-18T11:04:00","slug":"abertura-de-comportas-de-barragem-de-jacui-deixa-coronel-fabriciano-em-alerta-para-inundacao","status":"publish","type":"post","link":"https:\/\/aconteceunovale.com.br\/portal\/?p=76937","title":{"rendered":"Abertura de comportas de barragem de Jacu\u00ed deixa Coronel Fabriciano em alerta para inunda\u00e7\u00e3o"},"content":{"rendered":"<p>Desde o fim da noite de domingo (18\/01), a popula\u00e7\u00e3o de Coronel Fabriciano, no Vale do A\u00e7o, est\u00e1 em alerta para uma poss\u00edvel inunda\u00e7\u00e3o devido a abertura das comportas da barragem de Jacu\u00ed, sobre o Rio Piracicaba, para dar vaz\u00e3o \u00e0 \u00e1gua que transborda da represa. Ao longo da madrugada, as usinas hidrel\u00e9tricas no caminho para Coronel Fabriciano tamb\u00e9m precisaram abrir as comportas e, por isso, a expectativa \u00e9 de que um grande volume de \u00e1gua passe pela regi\u00e3o. <\/p>\n<p>A Defesa Civil da cidade come\u00e7ou a alertar a popula\u00e7\u00e3o por volta das 22h40 de ontem. \u201cComunidade fabricianense situada nos bairros Manoel Domingos, Dom Helv\u00e9cio e Mangueiras, ribeirinhos ao Rio Piracicaba, devem permanecer em alerta sobre o aumento repentino do volume das \u00e1guas\u201d, diz uma nota do \u00f3rg\u00e3o. \u201cA Prefeitura de Coronel Fabriciano est\u00e1 antecipando todas as provid\u00eancias poss\u00edveis para evitar qualquer imprevisto e solicita a popula\u00e7\u00e3o que tamb\u00e9m auxilie, ficando atenta a qualquer altera\u00e7\u00e3o no volume de \u00e1gua, que evitem \u00e1reas alagadas e se informem sobre os impactos temporais\u201d. <\/p>\n<p>Na manh\u00e3 desta segunda-feira (18\/01), o chefe da Defesa Civil de Coronel Fabriciano, Irnac Valadares da Silva, informou que a cada tr\u00eas horas o \u00f3rg\u00e3o recebe informa\u00e7\u00f5es das usinas do entorno. A Usina Hidrel\u00e9trica de Jacu\u00ed tem uma comporta aberta, a usina de Brecha duas e a de S\u00e1 Carvalho, a mais pr\u00f3xima da cidade, tem quatro comportas abertas. L\u00e1, a aflu\u00eancia (quantidade de \u00e1gua recebida) nas \u00faltimas horas \u00e9 de 443 metros por segundo, com deflu\u00eancia (quantidade de \u00e1gua que sai das comportas) de 444 metros por segundo. Por volta das 2h de hoje, a aflu\u00eancia chegou a 459 metros por segundo. <\/p>\n<p>Segundo ele, as chuvas intensas na cabeceira do Rio Piracicaba e nas cidades de Bar\u00e3o de Cocais, Nova Era, Itabira e Rio Casca aumentaram o volume do curso d&#8217;\u00e1gua. <\/p>\n<p>Ainda na noite de ontem, a equipe da Defesa Civil, acompanhada da prefeita da cidade e de funcion\u00e1rios da Secretaria de Servi\u00e7os Urbanos e Obras P\u00fablicas passaram por v\u00e1rias comunidades alertando sobre os riscos. \u201cExistem aqui poss\u00edveis locais (de inunda\u00e7\u00e3o), como Prainha, Dom Helv\u00e9cio, Manoel Domingos. H\u00e1 um desn\u00edvel muito grande. A Rua Jos\u00e9 Maria Rodrigues \u00e9 uma, a Rua BH \u00e9 outro ponto de inunda\u00e7\u00e3o\u201d, detalha Silva. \u201cN\u00f3s temos um ribeir\u00e3o muito poderoso chamado Calad\u00e3o, mas j\u00e1 estive olhando pela manh\u00e3, ele est\u00e1 dentro da calha normal dele. Com essas chuvas intensas Fabriciano tem uma topografia acidentada. Em qualquer per\u00edodo chuvoso teremos algum tipo de ocorr\u00eancia. Diante dessa topografia, e com as comunidades que moram perto dos taludes, \u00e9 preciso ter aten\u00e7\u00e3o\u201d, diz. <\/p>\n<p>A prefeitura de Tim\u00f3teo tamb\u00e9m foi alertada para o risco de inunda\u00e7\u00f5es por causa da comunidade de Cachoeira do Vale, que tamb\u00e9m fica pr\u00f3xima ao curso do Piracicaba. Ainda segundo Silva, al\u00e9m da Defesa Civil, as pol\u00edcias Civil e Militar e o Corpo de Bombeiros tamb\u00e9m est\u00e3o mobilizadas para garantir a seguran\u00e7a da popula\u00e7\u00e3o em caso de enchente.<\/p>\n<p><img decoding=\"async\" src=\"http:\/\/aconteceunovale.com.br\/portal\/wp-content\/uploads\/2016\/01\/rio_piracicaba.jpg\" alt=\"\" \/><em>Rio Piracicaba est\u00e1 com grande volume de \u00e1gua &#8211; Foto: O Popular JM<\/em><br \/>\n<\/br><\/p>\n<p><em>(Fonte: Estado de Minas \/ Rep\u00f3rter: Cristiane Silva)<\/em><\/p>\n","protected":false},"excerpt":{"rendered":"<p>Desde o fim da noite de domingo (18\/01), a popula\u00e7\u00e3o de Coronel Fabriciano, no Vale do A\u00e7o, est\u00e1 em alerta para uma poss\u00edvel inunda\u00e7\u00e3o devido a abertura das comportas da barragem de Jacu\u00ed, sobre o Rio Piracicaba, para dar vaz\u00e3o \u00e0 \u00e1gua que transborda da represa. Ao longo da madrugada, as usinas hidrel\u00e9tricas no caminho [&hellip;]<\/p>\n","protected":false},"author":1,"featured_media":76938,"comment_status":"open","ping_status":"closed","sticky":false,"template":"","format":"standard","meta":{"amp_status":"","footnotes":""},"categories":[121],"tags":[74117,74110,74109,74115,74112,1525,74111,74114,1524,74118,74113,74116,74119,202,1103,1556,1105],"class_list":["post-76937","post","type-post","status-publish","format-standard","has-post-thumbnail","hentry","category-leste","tag-abertura-das-comportas-da-barragem-de-jacui","tag-abertura-de-comportas-de-barragem-de-jacui","tag-abertura-de-comportas-de-barragem-de-jacui-deixa-coronel-fabriciano-em-alerta-para-inundacao","tag-alerta-coronel-fabriciano","tag-alerta-de-inundacao-coronel-fabriciano","tag-barao-de-cocais","tag-barragem-de-jacui","tag-chuva-coronel-fabriciano","tag-coronel-fabriciano","tag-defesa-civil-de-coronel-fabriciano","tag-inundacao-coronel-fabriciano","tag-inundacao-devido-a-abertura-das-comportas-da-barragem-de-jacui","tag-irnac-valadares-da-silva","tag-itabira","tag-nova-era","tag-rio-casca","tag-timoteo"],"yoast_head":"<!-- This site is optimized with the Yoast SEO plugin v28.3 - https:\/\/yoast.com\/product\/yoast-seo-wordpress\/ -->\n<title>Abertura de comportas de barragem de Jacu\u00ed deixa Coronel Fabriciano em alerta para inunda\u00e7\u00e3o - Aconteceu no Vale<\/title>\n<meta name=\"robots\" content=\"index, follow, max-snippet:-1, max-image-preview:large, max-video-preview:-1\" \/>\n<link rel=\"canonical\" href=\"https:\/\/aconteceunovale.com.br\/portal\/?p=76937\" \/>\n<meta property=\"og:locale\" content=\"pt_BR\" \/>\n<meta property=\"og:type\" content=\"article\" \/>\n<meta property=\"og:title\" content=\"Abertura de comportas de barragem de Jacu\u00ed deixa Coronel Fabriciano em alerta para inunda\u00e7\u00e3o - Aconteceu no Vale\" \/>\n<meta property=\"og:description\" content=\"Desde o fim da noite de domingo (18\/01), a popula\u00e7\u00e3o de Coronel Fabriciano, no Vale do A\u00e7o, est\u00e1 em alerta para uma poss\u00edvel inunda\u00e7\u00e3o devido a abertura das comportas da barragem de Jacu\u00ed, sobre o Rio Piracicaba, para dar vaz\u00e3o \u00e0 \u00e1gua que transborda da represa. Ao longo da madrugada, as usinas hidrel\u00e9tricas no caminho [&hellip;]\" \/>\n<meta property=\"og:url\" content=\"https:\/\/aconteceunovale.com.br\/portal\/?p=76937\" \/>\n<meta property=\"og:site_name\" content=\"Aconteceu no Vale\" \/>\n<meta property=\"article:publisher\" content=\"https:\/\/www.facebook.com\/aconteceunovale\/\" \/>\n<meta property=\"article:published_time\" content=\"2016-01-18T11:04:00+00:00\" \/>\n<meta property=\"og:image\" content=\"https:\/\/aconteceunovale.com.br\/portal\/wp-content\/uploads\/2016\/01\/rio_piracicaba.jpg\" \/>\n\t<meta property=\"og:image:width\" content=\"678\" \/>\n\t<meta property=\"og:image:height\" content=\"424\" \/>\n\t<meta property=\"og:image:type\" content=\"image\/jpeg\" \/>\n<meta name=\"author\" content=\"Aconteceu no Vale\" \/>\n<meta name=\"twitter:card\" content=\"summary_large_image\" \/>\n<meta name=\"twitter:creator\" content=\"@noticiadosvales\" \/>\n<meta name=\"twitter:site\" content=\"@noticiadosvales\" \/>\n<meta name=\"twitter:label1\" content=\"Escrito por\" \/>\n\t<meta name=\"twitter:data1\" content=\"Aconteceu no Vale\" \/>\n\t<meta name=\"twitter:label2\" content=\"Est. tempo de leitura\" \/>\n\t<meta name=\"twitter:data2\" content=\"3 minutos\" \/>\n<script type=\"application\/ld+json\" class=\"yoast-schema-graph\">{\"@context\":\"https:\\\/\\\/schema.org\",\"@graph\":[{\"@type\":\"Article\",\"@id\":\"https:\\\/\\\/aconteceunovale.com.br\\\/portal\\\/?p=76937#article\",\"isPartOf\":{\"@id\":\"https:\\\/\\\/aconteceunovale.com.br\\\/portal\\\/?p=76937\"},\"author\":{\"name\":\"Aconteceu no Vale\",\"@id\":\"https:\\\/\\\/aconteceunovale.com.br\\\/portal\\\/#\\\/schema\\\/person\\\/633529146f2c94272bef50ac2953d589\"},\"headline\":\"Abertura de comportas de barragem de Jacu\u00ed deixa Coronel Fabriciano em alerta para inunda\u00e7\u00e3o\",\"datePublished\":\"2016-01-18T11:04:00+00:00\",\"mainEntityOfPage\":{\"@id\":\"https:\\\/\\\/aconteceunovale.com.br\\\/portal\\\/?p=76937\"},\"wordCount\":561,\"commentCount\":0,\"image\":{\"@id\":\"https:\\\/\\\/aconteceunovale.com.br\\\/portal\\\/?p=76937#primaryimage\"},\"thumbnailUrl\":\"https:\\\/\\\/aconteceunovale.com.br\\\/portal\\\/wp-content\\\/uploads\\\/2016\\\/01\\\/rio_piracicaba.jpg\",\"keywords\":[\"abertura das comportas da barragem de Jacu\u00ed\",\"Abertura de comportas de barragem de Jacu\u00ed\",\"Abertura de comportas de barragem de Jacu\u00ed deixa Coronel Fabriciano em alerta para inunda\u00e7\u00e3o\",\"alerta Coronel Fabriciano\",\"alerta de inunda\u00e7\u00e3o Coronel Fabriciano\",\"Bar\u00e3o de Cocais\",\"barragem de Jacu\u00ed\",\"chuva Coronel Fabriciano\",\"Coronel Fabriciano\",\"Defesa Civil de Coronel Fabriciano\",\"inunda\u00e7\u00e3o Coronel Fabriciano\",\"inunda\u00e7\u00e3o devido a abertura das comportas da barragem de Jacu\u00ed\",\"Irnac Valadares da Silva\",\"Itabira\",\"Nova Era\",\"Rio Casca.\",\"Tim\u00f3teo\"],\"articleSection\":[\"Leste de Minas\"],\"inLanguage\":\"pt-BR\",\"potentialAction\":[{\"@type\":\"CommentAction\",\"name\":\"Comment\",\"target\":[\"https:\\\/\\\/aconteceunovale.com.br\\\/portal\\\/?p=76937#respond\"]}]},{\"@type\":\"WebPage\",\"@id\":\"https:\\\/\\\/aconteceunovale.com.br\\\/portal\\\/?p=76937\",\"url\":\"https:\\\/\\\/aconteceunovale.com.br\\\/portal\\\/?p=76937\",\"name\":\"Abertura de comportas de barragem de Jacu\u00ed deixa Coronel Fabriciano em alerta para inunda\u00e7\u00e3o - Aconteceu no Vale\",\"isPartOf\":{\"@id\":\"https:\\\/\\\/aconteceunovale.com.br\\\/portal\\\/#website\"},\"primaryImageOfPage\":{\"@id\":\"https:\\\/\\\/aconteceunovale.com.br\\\/portal\\\/?p=76937#primaryimage\"},\"image\":{\"@id\":\"https:\\\/\\\/aconteceunovale.com.br\\\/portal\\\/?p=76937#primaryimage\"},\"thumbnailUrl\":\"https:\\\/\\\/aconteceunovale.com.br\\\/portal\\\/wp-content\\\/uploads\\\/2016\\\/01\\\/rio_piracicaba.jpg\",\"datePublished\":\"2016-01-18T11:04:00+00:00\",\"author\":{\"@id\":\"https:\\\/\\\/aconteceunovale.com.br\\\/portal\\\/#\\\/schema\\\/person\\\/633529146f2c94272bef50ac2953d589\"},\"breadcrumb\":{\"@id\":\"https:\\\/\\\/aconteceunovale.com.br\\\/portal\\\/?p=76937#breadcrumb\"},\"inLanguage\":\"pt-BR\",\"potentialAction\":[{\"@type\":\"ReadAction\",\"target\":[\"https:\\\/\\\/aconteceunovale.com.br\\\/portal\\\/?p=76937\"]}]},{\"@type\":\"ImageObject\",\"inLanguage\":\"pt-BR\",\"@id\":\"https:\\\/\\\/aconteceunovale.com.br\\\/portal\\\/?p=76937#primaryimage\",\"url\":\"https:\\\/\\\/aconteceunovale.com.br\\\/portal\\\/wp-content\\\/uploads\\\/2016\\\/01\\\/rio_piracicaba.jpg\",\"contentUrl\":\"https:\\\/\\\/aconteceunovale.com.br\\\/portal\\\/wp-content\\\/uploads\\\/2016\\\/01\\\/rio_piracicaba.jpg\",\"width\":678,\"height\":424},{\"@type\":\"BreadcrumbList\",\"@id\":\"https:\\\/\\\/aconteceunovale.com.br\\\/portal\\\/?p=76937#breadcrumb\",\"itemListElement\":[{\"@type\":\"ListItem\",\"position\":1,\"name\":\"In\u00edcio\",\"item\":\"https:\\\/\\\/aconteceunovale.com.br\\\/portal\\\/\"},{\"@type\":\"ListItem\",\"position\":2,\"name\":\"Abertura de comportas de barragem de Jacu\u00ed deixa Coronel Fabriciano em alerta para inunda\u00e7\u00e3o\"}]},{\"@type\":\"WebSite\",\"@id\":\"https:\\\/\\\/aconteceunovale.com.br\\\/portal\\\/#website\",\"url\":\"https:\\\/\\\/aconteceunovale.com.br\\\/portal\\\/\",\"name\":\"Aconteceu no Vale\",\"description\":\"Portal de Not\u00edcias\",\"potentialAction\":[{\"@type\":\"SearchAction\",\"target\":{\"@type\":\"EntryPoint\",\"urlTemplate\":\"https:\\\/\\\/aconteceunovale.com.br\\\/portal\\\/?s={search_term_string}\"},\"query-input\":{\"@type\":\"PropertyValueSpecification\",\"valueRequired\":true,\"valueName\":\"search_term_string\"}}],\"inLanguage\":\"pt-BR\"},{\"@type\":\"Person\",\"@id\":\"https:\\\/\\\/aconteceunovale.com.br\\\/portal\\\/#\\\/schema\\\/person\\\/633529146f2c94272bef50ac2953d589\",\"name\":\"Aconteceu no Vale\",\"description\":\"Equipe de reportagem do Aconteceu no Vale, portal de not\u00edcias do Vale do Jequitinhonha, em Minas Gerais. Cobrimos as 51 cidades do Vale desde 2013. Sugest\u00f5es de pauta e pedidos de corre\u00e7\u00e3o: contato@aconteceunovale.com.br\",\"sameAs\":[\"http:\\\/\\\/www.aconteceunovale.com.br\"],\"url\":\"https:\\\/\\\/aconteceunovale.com.br\\\/portal\\\/?author=1\"}]}<\/script>\n<!-- \/ Yoast SEO plugin. -->","yoast_head_json":{"title":"Abertura de comportas de barragem de Jacu\u00ed deixa Coronel Fabriciano em alerta para inunda\u00e7\u00e3o - Aconteceu no Vale","robots":{"index":"index","follow":"follow","max-snippet":"max-snippet:-1","max-image-preview":"max-image-preview:large","max-video-preview":"max-video-preview:-1"},"canonical":"https:\/\/aconteceunovale.com.br\/portal\/?p=76937","og_locale":"pt_BR","og_type":"article","og_title":"Abertura de comportas de barragem de Jacu\u00ed deixa Coronel Fabriciano em alerta para inunda\u00e7\u00e3o - Aconteceu no Vale","og_description":"Desde o fim da noite de domingo (18\/01), a popula\u00e7\u00e3o de Coronel Fabriciano, no Vale do A\u00e7o, est\u00e1 em alerta para uma poss\u00edvel inunda\u00e7\u00e3o devido a abertura das comportas da barragem de Jacu\u00ed, sobre o Rio Piracicaba, para dar vaz\u00e3o \u00e0 \u00e1gua que transborda da represa. Ao longo da madrugada, as usinas hidrel\u00e9tricas no caminho [&hellip;]","og_url":"https:\/\/aconteceunovale.com.br\/portal\/?p=76937","og_site_name":"Aconteceu no Vale","article_publisher":"https:\/\/www.facebook.com\/aconteceunovale\/","article_published_time":"2016-01-18T11:04:00+00:00","og_image":[{"width":678,"height":424,"url":"https:\/\/aconteceunovale.com.br\/portal\/wp-content\/uploads\/2016\/01\/rio_piracicaba.jpg","type":"image\/jpeg"}],"author":"Aconteceu no Vale","twitter_card":"summary_large_image","twitter_creator":"@noticiadosvales","twitter_site":"@noticiadosvales","twitter_misc":{"Escrito por":"Aconteceu no Vale","Est. tempo de leitura":"3 minutos"},"schema":{"@context":"https:\/\/schema.org","@graph":[{"@type":"Article","@id":"https:\/\/aconteceunovale.com.br\/portal\/?p=76937#article","isPartOf":{"@id":"https:\/\/aconteceunovale.com.br\/portal\/?p=76937"},"author":{"name":"Aconteceu no Vale","@id":"https:\/\/aconteceunovale.com.br\/portal\/#\/schema\/person\/633529146f2c94272bef50ac2953d589"},"headline":"Abertura de comportas de barragem de Jacu\u00ed deixa Coronel Fabriciano em alerta para inunda\u00e7\u00e3o","datePublished":"2016-01-18T11:04:00+00:00","mainEntityOfPage":{"@id":"https:\/\/aconteceunovale.com.br\/portal\/?p=76937"},"wordCount":561,"commentCount":0,"image":{"@id":"https:\/\/aconteceunovale.com.br\/portal\/?p=76937#primaryimage"},"thumbnailUrl":"https:\/\/aconteceunovale.com.br\/portal\/wp-content\/uploads\/2016\/01\/rio_piracicaba.jpg","keywords":["abertura das comportas da barragem de Jacu\u00ed","Abertura de comportas de barragem de Jacu\u00ed","Abertura de comportas de barragem de Jacu\u00ed deixa Coronel Fabriciano em alerta para inunda\u00e7\u00e3o","alerta Coronel Fabriciano","alerta de inunda\u00e7\u00e3o Coronel Fabriciano","Bar\u00e3o de Cocais","barragem de Jacu\u00ed","chuva Coronel Fabriciano","Coronel Fabriciano","Defesa Civil de Coronel Fabriciano","inunda\u00e7\u00e3o Coronel Fabriciano","inunda\u00e7\u00e3o devido a abertura das comportas da barragem de Jacu\u00ed","Irnac Valadares da Silva","Itabira","Nova Era","Rio Casca.","Tim\u00f3teo"],"articleSection":["Leste de Minas"],"inLanguage":"pt-BR","potentialAction":[{"@type":"CommentAction","name":"Comment","target":["https:\/\/aconteceunovale.com.br\/portal\/?p=76937#respond"]}]},{"@type":"WebPage","@id":"https:\/\/aconteceunovale.com.br\/portal\/?p=76937","url":"https:\/\/aconteceunovale.com.br\/portal\/?p=76937","name":"Abertura de comportas de barragem de Jacu\u00ed deixa Coronel Fabriciano em alerta para inunda\u00e7\u00e3o - Aconteceu no Vale","isPartOf":{"@id":"https:\/\/aconteceunovale.com.br\/portal\/#website"},"primaryImageOfPage":{"@id":"https:\/\/aconteceunovale.com.br\/portal\/?p=76937#primaryimage"},"image":{"@id":"https:\/\/aconteceunovale.com.br\/portal\/?p=76937#primaryimage"},"thumbnailUrl":"https:\/\/aconteceunovale.com.br\/portal\/wp-content\/uploads\/2016\/01\/rio_piracicaba.jpg","datePublished":"2016-01-18T11:04:00+00:00","author":{"@id":"https:\/\/aconteceunovale.com.br\/portal\/#\/schema\/person\/633529146f2c94272bef50ac2953d589"},"breadcrumb":{"@id":"https:\/\/aconteceunovale.com.br\/portal\/?p=76937#breadcrumb"},"inLanguage":"pt-BR","potentialAction":[{"@type":"ReadAction","target":["https:\/\/aconteceunovale.com.br\/portal\/?p=76937"]}]},{"@type":"ImageObject","inLanguage":"pt-BR","@id":"https:\/\/aconteceunovale.com.br\/portal\/?p=76937#primaryimage","url":"https:\/\/aconteceunovale.com.br\/portal\/wp-content\/uploads\/2016\/01\/rio_piracicaba.jpg","contentUrl":"https:\/\/aconteceunovale.com.br\/portal\/wp-content\/uploads\/2016\/01\/rio_piracicaba.jpg","width":678,"height":424},{"@type":"BreadcrumbList","@id":"https:\/\/aconteceunovale.com.br\/portal\/?p=76937#breadcrumb","itemListElement":[{"@type":"ListItem","position":1,"name":"In\u00edcio","item":"https:\/\/aconteceunovale.com.br\/portal\/"},{"@type":"ListItem","position":2,"name":"Abertura de comportas de barragem de Jacu\u00ed deixa Coronel Fabriciano em alerta para inunda\u00e7\u00e3o"}]},{"@type":"WebSite","@id":"https:\/\/aconteceunovale.com.br\/portal\/#website","url":"https:\/\/aconteceunovale.com.br\/portal\/","name":"Aconteceu no Vale","description":"Portal de Not\u00edcias","potentialAction":[{"@type":"SearchAction","target":{"@type":"EntryPoint","urlTemplate":"https:\/\/aconteceunovale.com.br\/portal\/?s={search_term_string}"},"query-input":{"@type":"PropertyValueSpecification","valueRequired":true,"valueName":"search_term_string"}}],"inLanguage":"pt-BR"},{"@type":"Person","@id":"https:\/\/aconteceunovale.com.br\/portal\/#\/schema\/person\/633529146f2c94272bef50ac2953d589","name":"Aconteceu no Vale","description":"Equipe de reportagem do Aconteceu no Vale, portal de not\u00edcias do Vale do Jequitinhonha, em Minas Gerais. Cobrimos as 51 cidades do Vale desde 2013. Sugest\u00f5es de pauta e pedidos de corre\u00e7\u00e3o: contato@aconteceunovale.com.br","sameAs":["http:\/\/www.aconteceunovale.com.br"],"url":"https:\/\/aconteceunovale.com.br\/portal\/?author=1"}]}},"_links":{"self":[{"href":"https:\/\/aconteceunovale.com.br\/portal\/index.php?rest_route=\/wp\/v2\/posts\/76937","targetHints":{"allow":["GET"]}}],"collection":[{"href":"https:\/\/aconteceunovale.com.br\/portal\/index.php?rest_route=\/wp\/v2\/posts"}],"about":[{"href":"https:\/\/aconteceunovale.com.br\/portal\/index.php?rest_route=\/wp\/v2\/types\/post"}],"author":[{"embeddable":true,"href":"https:\/\/aconteceunovale.com.br\/portal\/index.php?rest_route=\/wp\/v2\/users\/1"}],"replies":[{"embeddable":true,"href":"https:\/\/aconteceunovale.com.br\/portal\/index.php?rest_route=%2Fwp%2Fv2%2Fcomments&post=76937"}],"version-history":[{"count":0,"href":"https:\/\/aconteceunovale.com.br\/portal\/index.php?rest_route=\/wp\/v2\/posts\/76937\/revisions"}],"wp:featuredmedia":[{"embeddable":true,"href":"https:\/\/aconteceunovale.com.br\/portal\/index.php?rest_route=\/wp\/v2\/media\/76938"}],"wp:attachment":[{"href":"https:\/\/aconteceunovale.com.br\/portal\/index.php?rest_route=%2Fwp%2Fv2%2Fmedia&parent=76937"}],"wp:term":[{"taxonomy":"category","embeddable":true,"href":"https:\/\/aconteceunovale.com.br\/portal\/index.php?rest_route=%2Fwp%2Fv2%2Fcategories&post=76937"},{"taxonomy":"post_tag","embeddable":true,"href":"https:\/\/aconteceunovale.com.br\/portal\/index.php?rest_route=%2Fwp%2Fv2%2Ftags&post=76937"}],"curies":[{"name":"wp","href":"https:\/\/api.w.org\/{rel}","templated":true}]}}