{"id":76934,"date":"2016-01-18T07:42:36","date_gmt":"2016-01-18T10:42:36","guid":{"rendered":"http:\/\/aconteceunovale.com.br\/portal\/?p=76934"},"modified":"2016-01-18T07:43:27","modified_gmt":"2016-01-18T10:43:27","slug":"segunda-feira-sera-chuvosa-em-todas-as-regioes-de-minas-gerais","status":"publish","type":"post","link":"https:\/\/aconteceunovale.com.br\/portal\/?p=76934","title":{"rendered":"Segunda-feira ser\u00e1 chuvosa em todas as regi\u00f5es de Minas Gerais"},"content":{"rendered":"<h4><strong><em>Dia chuvoso em todo o estado. Na capital, c\u00e9u encoberto, com chuvas intermitentes, e umidade relativa do ar em torno de 80%.<\/em><\/strong><\/h4>\n<p>Nesta segunda-feira (18\/1), o tempo segue chuvoso em parte do Sudeste brasileiro por causa da atua\u00e7\u00e3o de \u00e1reas de instabilidade atmosf\u00e9ricas.<\/p>\n<p>Em Minas Gerais, o tempo deve ficar encoberto, com chuvas a qualquer hora no Centro, Norte, Noroeste e Oeste.<\/p>\n<p>Nas demais regi\u00f5es do estado, o dia ser\u00e1 de c\u00e9u nublado, com chuvas fracas a moderadas.<\/p>\n<p>Na Regi\u00e3o Metropolitana de Belo Horizonte, o tempo deve ficar encoberto, com chuviscos.<\/p>\n<p>Na capital mineira, o tempo deve ficar encoberto, com ocorr\u00eancia de chuvas intermitentes. A temperatura m\u00ednima foi 17\u00b0C, a m\u00e1xima prevista \u00e9 de 24\u00b0C e a umidade relativa do ar m\u00ednima deve ficar na casa dos 80%.<\/p>\n<p><strong>Leia mais [+]:<\/strong><\/p>\n<p><a href=\"http:\/\/aconteceunovale.com.br\/portal\/?p=76932\" target=\"_blank\">&#8211; Defesa Civil chama a aten\u00e7\u00e3o para riscos de inunda\u00e7\u00e3o e enxurradas nos pr\u00f3ximos quarto dias &#8211; http:\/\/aconteceunovale.com.br\/portal\/?p=76932<\/a><\/p>\n","protected":false},"excerpt":{"rendered":"<p>Dia chuvoso em todo o estado. Na capital, c\u00e9u encoberto, com chuvas intermitentes, e umidade relativa do ar em torno de 80%. Nesta segunda-feira (18\/1), o tempo segue chuvoso em parte do Sudeste brasileiro por causa da atua\u00e7\u00e3o de \u00e1reas de instabilidade atmosf\u00e9ricas. Em Minas Gerais, o tempo deve ficar encoberto, com chuvas a qualquer [&hellip;]<\/p>\n","protected":false},"author":1,"featured_media":70500,"comment_status":"open","ping_status":"closed","sticky":false,"template":"","format":"standard","meta":{"amp_status":"","footnotes":""},"categories":[123],"tags":[74104,131,44471,1956,1839,74107,28170,74105,74106,74108],"class_list":["post-76934","post","type-post","status-publish","format-standard","has-post-thumbnail","hentry","category-gerais","tag-18-de-janeiro","tag-minas-gerais","tag-nesta-segunda-feira","tag-previsao-do-tempo","tag-previsao-do-tempo-para-minas-gerais","tag-previsao-do-tempo-para-minas-gerais-18-de-janeiro","tag-previsao-do-tempo-para-minas-gerais-nesta-segunda-feira","tag-previsao-do-tempo-para-minas-gerais-nesta-segunda-feira-18-de-janeiro","tag-segunda-feira-18-de-janeiro","tag-segunda-feira-sera-chuvosa-em-todas-as-regioes-de-minas-gerais"],"yoast_head":"<!-- This site is optimized with the Yoast SEO plugin v28.3 - https:\/\/yoast.com\/product\/yoast-seo-wordpress\/ -->\n<title>Segunda-feira ser\u00e1 chuvosa em todas as regi\u00f5es de Minas Gerais - Aconteceu no Vale<\/title>\n<meta name=\"robots\" content=\"index, follow, max-snippet:-1, max-image-preview:large, max-video-preview:-1\" \/>\n<link rel=\"canonical\" href=\"https:\/\/aconteceunovale.com.br\/portal\/?p=76934\" \/>\n<meta property=\"og:locale\" content=\"pt_BR\" \/>\n<meta property=\"og:type\" content=\"article\" \/>\n<meta property=\"og:title\" content=\"Segunda-feira ser\u00e1 chuvosa em todas as regi\u00f5es de Minas Gerais - Aconteceu no Vale\" \/>\n<meta property=\"og:description\" content=\"Dia chuvoso em todo o estado. Na capital, c\u00e9u encoberto, com chuvas intermitentes, e umidade relativa do ar em torno de 80%. Nesta segunda-feira (18\/1), o tempo segue chuvoso em parte do Sudeste brasileiro por causa da atua\u00e7\u00e3o de \u00e1reas de instabilidade atmosf\u00e9ricas. Em Minas Gerais, o tempo deve ficar encoberto, com chuvas a qualquer [&hellip;]\" \/>\n<meta property=\"og:url\" content=\"https:\/\/aconteceunovale.com.br\/portal\/?p=76934\" \/>\n<meta property=\"og:site_name\" content=\"Aconteceu no Vale\" \/>\n<meta property=\"article:publisher\" content=\"https:\/\/www.facebook.com\/aconteceunovale\/\" \/>\n<meta property=\"article:published_time\" content=\"2016-01-18T10:42:36+00:00\" \/>\n<meta property=\"article:modified_time\" content=\"2016-01-18T10:43:27+00:00\" \/>\n<meta property=\"og:image\" content=\"https:\/\/aconteceunovale.com.br\/portal\/wp-content\/uploads\/2015\/10\/previsao_do_tempo_nuvem_chuva.jpg\" \/>\n\t<meta property=\"og:image:width\" content=\"620\" \/>\n\t<meta property=\"og:image:height\" content=\"330\" \/>\n\t<meta property=\"og:image:type\" content=\"image\/jpeg\" \/>\n<meta name=\"author\" content=\"Aconteceu no Vale\" \/>\n<meta name=\"twitter:card\" content=\"summary_large_image\" \/>\n<meta name=\"twitter:creator\" content=\"@noticiadosvales\" \/>\n<meta name=\"twitter:site\" content=\"@noticiadosvales\" \/>\n<meta name=\"twitter:label1\" content=\"Escrito por\" \/>\n\t<meta name=\"twitter:data1\" content=\"Aconteceu no Vale\" \/>\n\t<meta name=\"twitter:label2\" content=\"Est. tempo de leitura\" \/>\n\t<meta name=\"twitter:data2\" content=\"1 minuto\" \/>\n<script type=\"application\/ld+json\" class=\"yoast-schema-graph\">{\"@context\":\"https:\\\/\\\/schema.org\",\"@graph\":[{\"@type\":\"Article\",\"@id\":\"https:\\\/\\\/aconteceunovale.com.br\\\/portal\\\/?p=76934#article\",\"isPartOf\":{\"@id\":\"https:\\\/\\\/aconteceunovale.com.br\\\/portal\\\/?p=76934\"},\"author\":{\"name\":\"Aconteceu no Vale\",\"@id\":\"https:\\\/\\\/aconteceunovale.com.br\\\/portal\\\/#\\\/schema\\\/person\\\/633529146f2c94272bef50ac2953d589\"},\"headline\":\"Segunda-feira ser\u00e1 chuvosa em todas as regi\u00f5es de Minas Gerais\",\"datePublished\":\"2016-01-18T10:42:36+00:00\",\"dateModified\":\"2016-01-18T10:43:27+00:00\",\"mainEntityOfPage\":{\"@id\":\"https:\\\/\\\/aconteceunovale.com.br\\\/portal\\\/?p=76934\"},\"wordCount\":173,\"commentCount\":0,\"image\":{\"@id\":\"https:\\\/\\\/aconteceunovale.com.br\\\/portal\\\/?p=76934#primaryimage\"},\"thumbnailUrl\":\"https:\\\/\\\/aconteceunovale.com.br\\\/portal\\\/wp-content\\\/uploads\\\/2015\\\/10\\\/previsao_do_tempo_nuvem_chuva.jpg\",\"keywords\":[\"18 de janeiro\",\"Minas Gerais\",\"nesta segunda-feira\",\"previs\u00e3o do tempo\",\"previs\u00e3o do tempo para minas gerais\",\"Previs\u00e3o do tempo para Minas Gerais 18 de janeiro\",\"Previs\u00e3o do tempo para Minas Gerais nesta segunda-feira\",\"Previs\u00e3o do tempo para Minas Gerais nesta segunda-feira 18 de janeiro\",\"segunda-feira 18 de janeiro\",\"Segunda-feira ser\u00e1 chuvosa em todas as regi\u00f5es de Minas Gerais\"],\"articleSection\":[\"Minas Gerais\"],\"inLanguage\":\"pt-BR\",\"potentialAction\":[{\"@type\":\"CommentAction\",\"name\":\"Comment\",\"target\":[\"https:\\\/\\\/aconteceunovale.com.br\\\/portal\\\/?p=76934#respond\"]}]},{\"@type\":\"WebPage\",\"@id\":\"https:\\\/\\\/aconteceunovale.com.br\\\/portal\\\/?p=76934\",\"url\":\"https:\\\/\\\/aconteceunovale.com.br\\\/portal\\\/?p=76934\",\"name\":\"Segunda-feira ser\u00e1 chuvosa em todas as regi\u00f5es de Minas Gerais - Aconteceu no Vale\",\"isPartOf\":{\"@id\":\"https:\\\/\\\/aconteceunovale.com.br\\\/portal\\\/#website\"},\"primaryImageOfPage\":{\"@id\":\"https:\\\/\\\/aconteceunovale.com.br\\\/portal\\\/?p=76934#primaryimage\"},\"image\":{\"@id\":\"https:\\\/\\\/aconteceunovale.com.br\\\/portal\\\/?p=76934#primaryimage\"},\"thumbnailUrl\":\"https:\\\/\\\/aconteceunovale.com.br\\\/portal\\\/wp-content\\\/uploads\\\/2015\\\/10\\\/previsao_do_tempo_nuvem_chuva.jpg\",\"datePublished\":\"2016-01-18T10:42:36+00:00\",\"dateModified\":\"2016-01-18T10:43:27+00:00\",\"author\":{\"@id\":\"https:\\\/\\\/aconteceunovale.com.br\\\/portal\\\/#\\\/schema\\\/person\\\/633529146f2c94272bef50ac2953d589\"},\"breadcrumb\":{\"@id\":\"https:\\\/\\\/aconteceunovale.com.br\\\/portal\\\/?p=76934#breadcrumb\"},\"inLanguage\":\"pt-BR\",\"potentialAction\":[{\"@type\":\"ReadAction\",\"target\":[\"https:\\\/\\\/aconteceunovale.com.br\\\/portal\\\/?p=76934\"]}]},{\"@type\":\"ImageObject\",\"inLanguage\":\"pt-BR\",\"@id\":\"https:\\\/\\\/aconteceunovale.com.br\\\/portal\\\/?p=76934#primaryimage\",\"url\":\"https:\\\/\\\/aconteceunovale.com.br\\\/portal\\\/wp-content\\\/uploads\\\/2015\\\/10\\\/previsao_do_tempo_nuvem_chuva.jpg\",\"contentUrl\":\"https:\\\/\\\/aconteceunovale.com.br\\\/portal\\\/wp-content\\\/uploads\\\/2015\\\/10\\\/previsao_do_tempo_nuvem_chuva.jpg\",\"width\":620,\"height\":330},{\"@type\":\"BreadcrumbList\",\"@id\":\"https:\\\/\\\/aconteceunovale.com.br\\\/portal\\\/?p=76934#breadcrumb\",\"itemListElement\":[{\"@type\":\"ListItem\",\"position\":1,\"name\":\"In\u00edcio\",\"item\":\"https:\\\/\\\/aconteceunovale.com.br\\\/portal\\\/\"},{\"@type\":\"ListItem\",\"position\":2,\"name\":\"Segunda-feira ser\u00e1 chuvosa em todas as regi\u00f5es de Minas Gerais\"}]},{\"@type\":\"WebSite\",\"@id\":\"https:\\\/\\\/aconteceunovale.com.br\\\/portal\\\/#website\",\"url\":\"https:\\\/\\\/aconteceunovale.com.br\\\/portal\\\/\",\"name\":\"Aconteceu no Vale\",\"description\":\"Portal de Not\u00edcias\",\"potentialAction\":[{\"@type\":\"SearchAction\",\"target\":{\"@type\":\"EntryPoint\",\"urlTemplate\":\"https:\\\/\\\/aconteceunovale.com.br\\\/portal\\\/?s={search_term_string}\"},\"query-input\":{\"@type\":\"PropertyValueSpecification\",\"valueRequired\":true,\"valueName\":\"search_term_string\"}}],\"inLanguage\":\"pt-BR\"},{\"@type\":\"Person\",\"@id\":\"https:\\\/\\\/aconteceunovale.com.br\\\/portal\\\/#\\\/schema\\\/person\\\/633529146f2c94272bef50ac2953d589\",\"name\":\"Aconteceu no Vale\",\"description\":\"Equipe de reportagem do Aconteceu no Vale, portal de not\u00edcias do Vale do Jequitinhonha, em Minas Gerais. Cobrimos as 51 cidades do Vale desde 2013. Sugest\u00f5es de pauta e pedidos de corre\u00e7\u00e3o: contato@aconteceunovale.com.br\",\"sameAs\":[\"http:\\\/\\\/www.aconteceunovale.com.br\"],\"url\":\"https:\\\/\\\/aconteceunovale.com.br\\\/portal\\\/?author=1\"}]}<\/script>\n<!-- \/ Yoast SEO plugin. -->","yoast_head_json":{"title":"Segunda-feira ser\u00e1 chuvosa em todas as regi\u00f5es de Minas Gerais - Aconteceu no Vale","robots":{"index":"index","follow":"follow","max-snippet":"max-snippet:-1","max-image-preview":"max-image-preview:large","max-video-preview":"max-video-preview:-1"},"canonical":"https:\/\/aconteceunovale.com.br\/portal\/?p=76934","og_locale":"pt_BR","og_type":"article","og_title":"Segunda-feira ser\u00e1 chuvosa em todas as regi\u00f5es de Minas Gerais - Aconteceu no Vale","og_description":"Dia chuvoso em todo o estado. Na capital, c\u00e9u encoberto, com chuvas intermitentes, e umidade relativa do ar em torno de 80%. Nesta segunda-feira (18\/1), o tempo segue chuvoso em parte do Sudeste brasileiro por causa da atua\u00e7\u00e3o de \u00e1reas de instabilidade atmosf\u00e9ricas. Em Minas Gerais, o tempo deve ficar encoberto, com chuvas a qualquer [&hellip;]","og_url":"https:\/\/aconteceunovale.com.br\/portal\/?p=76934","og_site_name":"Aconteceu no Vale","article_publisher":"https:\/\/www.facebook.com\/aconteceunovale\/","article_published_time":"2016-01-18T10:42:36+00:00","article_modified_time":"2016-01-18T10:43:27+00:00","og_image":[{"width":620,"height":330,"url":"https:\/\/aconteceunovale.com.br\/portal\/wp-content\/uploads\/2015\/10\/previsao_do_tempo_nuvem_chuva.jpg","type":"image\/jpeg"}],"author":"Aconteceu no Vale","twitter_card":"summary_large_image","twitter_creator":"@noticiadosvales","twitter_site":"@noticiadosvales","twitter_misc":{"Escrito por":"Aconteceu no Vale","Est. tempo de leitura":"1 minuto"},"schema":{"@context":"https:\/\/schema.org","@graph":[{"@type":"Article","@id":"https:\/\/aconteceunovale.com.br\/portal\/?p=76934#article","isPartOf":{"@id":"https:\/\/aconteceunovale.com.br\/portal\/?p=76934"},"author":{"name":"Aconteceu no Vale","@id":"https:\/\/aconteceunovale.com.br\/portal\/#\/schema\/person\/633529146f2c94272bef50ac2953d589"},"headline":"Segunda-feira ser\u00e1 chuvosa em todas as regi\u00f5es de Minas Gerais","datePublished":"2016-01-18T10:42:36+00:00","dateModified":"2016-01-18T10:43:27+00:00","mainEntityOfPage":{"@id":"https:\/\/aconteceunovale.com.br\/portal\/?p=76934"},"wordCount":173,"commentCount":0,"image":{"@id":"https:\/\/aconteceunovale.com.br\/portal\/?p=76934#primaryimage"},"thumbnailUrl":"https:\/\/aconteceunovale.com.br\/portal\/wp-content\/uploads\/2015\/10\/previsao_do_tempo_nuvem_chuva.jpg","keywords":["18 de janeiro","Minas Gerais","nesta segunda-feira","previs\u00e3o do tempo","previs\u00e3o do tempo para minas gerais","Previs\u00e3o do tempo para Minas Gerais 18 de janeiro","Previs\u00e3o do tempo para Minas Gerais nesta segunda-feira","Previs\u00e3o do tempo para Minas Gerais nesta segunda-feira 18 de janeiro","segunda-feira 18 de janeiro","Segunda-feira ser\u00e1 chuvosa em todas as regi\u00f5es de Minas Gerais"],"articleSection":["Minas Gerais"],"inLanguage":"pt-BR","potentialAction":[{"@type":"CommentAction","name":"Comment","target":["https:\/\/aconteceunovale.com.br\/portal\/?p=76934#respond"]}]},{"@type":"WebPage","@id":"https:\/\/aconteceunovale.com.br\/portal\/?p=76934","url":"https:\/\/aconteceunovale.com.br\/portal\/?p=76934","name":"Segunda-feira ser\u00e1 chuvosa em todas as regi\u00f5es de Minas Gerais - Aconteceu no Vale","isPartOf":{"@id":"https:\/\/aconteceunovale.com.br\/portal\/#website"},"primaryImageOfPage":{"@id":"https:\/\/aconteceunovale.com.br\/portal\/?p=76934#primaryimage"},"image":{"@id":"https:\/\/aconteceunovale.com.br\/portal\/?p=76934#primaryimage"},"thumbnailUrl":"https:\/\/aconteceunovale.com.br\/portal\/wp-content\/uploads\/2015\/10\/previsao_do_tempo_nuvem_chuva.jpg","datePublished":"2016-01-18T10:42:36+00:00","dateModified":"2016-01-18T10:43:27+00:00","author":{"@id":"https:\/\/aconteceunovale.com.br\/portal\/#\/schema\/person\/633529146f2c94272bef50ac2953d589"},"breadcrumb":{"@id":"https:\/\/aconteceunovale.com.br\/portal\/?p=76934#breadcrumb"},"inLanguage":"pt-BR","potentialAction":[{"@type":"ReadAction","target":["https:\/\/aconteceunovale.com.br\/portal\/?p=76934"]}]},{"@type":"ImageObject","inLanguage":"pt-BR","@id":"https:\/\/aconteceunovale.com.br\/portal\/?p=76934#primaryimage","url":"https:\/\/aconteceunovale.com.br\/portal\/wp-content\/uploads\/2015\/10\/previsao_do_tempo_nuvem_chuva.jpg","contentUrl":"https:\/\/aconteceunovale.com.br\/portal\/wp-content\/uploads\/2015\/10\/previsao_do_tempo_nuvem_chuva.jpg","width":620,"height":330},{"@type":"BreadcrumbList","@id":"https:\/\/aconteceunovale.com.br\/portal\/?p=76934#breadcrumb","itemListElement":[{"@type":"ListItem","position":1,"name":"In\u00edcio","item":"https:\/\/aconteceunovale.com.br\/portal\/"},{"@type":"ListItem","position":2,"name":"Segunda-feira ser\u00e1 chuvosa em todas as regi\u00f5es de Minas Gerais"}]},{"@type":"WebSite","@id":"https:\/\/aconteceunovale.com.br\/portal\/#website","url":"https:\/\/aconteceunovale.com.br\/portal\/","name":"Aconteceu no Vale","description":"Portal de Not\u00edcias","potentialAction":[{"@type":"SearchAction","target":{"@type":"EntryPoint","urlTemplate":"https:\/\/aconteceunovale.com.br\/portal\/?s={search_term_string}"},"query-input":{"@type":"PropertyValueSpecification","valueRequired":true,"valueName":"search_term_string"}}],"inLanguage":"pt-BR"},{"@type":"Person","@id":"https:\/\/aconteceunovale.com.br\/portal\/#\/schema\/person\/633529146f2c94272bef50ac2953d589","name":"Aconteceu no Vale","description":"Equipe de reportagem do Aconteceu no Vale, portal de not\u00edcias do Vale do Jequitinhonha, em Minas Gerais. Cobrimos as 51 cidades do Vale desde 2013. Sugest\u00f5es de pauta e pedidos de corre\u00e7\u00e3o: contato@aconteceunovale.com.br","sameAs":["http:\/\/www.aconteceunovale.com.br"],"url":"https:\/\/aconteceunovale.com.br\/portal\/?author=1"}]}},"_links":{"self":[{"href":"https:\/\/aconteceunovale.com.br\/portal\/index.php?rest_route=\/wp\/v2\/posts\/76934","targetHints":{"allow":["GET"]}}],"collection":[{"href":"https:\/\/aconteceunovale.com.br\/portal\/index.php?rest_route=\/wp\/v2\/posts"}],"about":[{"href":"https:\/\/aconteceunovale.com.br\/portal\/index.php?rest_route=\/wp\/v2\/types\/post"}],"author":[{"embeddable":true,"href":"https:\/\/aconteceunovale.com.br\/portal\/index.php?rest_route=\/wp\/v2\/users\/1"}],"replies":[{"embeddable":true,"href":"https:\/\/aconteceunovale.com.br\/portal\/index.php?rest_route=%2Fwp%2Fv2%2Fcomments&post=76934"}],"version-history":[{"count":0,"href":"https:\/\/aconteceunovale.com.br\/portal\/index.php?rest_route=\/wp\/v2\/posts\/76934\/revisions"}],"wp:featuredmedia":[{"embeddable":true,"href":"https:\/\/aconteceunovale.com.br\/portal\/index.php?rest_route=\/wp\/v2\/media\/70500"}],"wp:attachment":[{"href":"https:\/\/aconteceunovale.com.br\/portal\/index.php?rest_route=%2Fwp%2Fv2%2Fmedia&parent=76934"}],"wp:term":[{"taxonomy":"category","embeddable":true,"href":"https:\/\/aconteceunovale.com.br\/portal\/index.php?rest_route=%2Fwp%2Fv2%2Fcategories&post=76934"},{"taxonomy":"post_tag","embeddable":true,"href":"https:\/\/aconteceunovale.com.br\/portal\/index.php?rest_route=%2Fwp%2Fv2%2Ftags&post=76934"}],"curies":[{"name":"wp","href":"https:\/\/api.w.org\/{rel}","templated":true}]}}