{"id":76932,"date":"2016-01-17T21:44:48","date_gmt":"2016-01-18T00:44:48","guid":{"rendered":"http:\/\/aconteceunovale.com.br\/portal\/?p=76932"},"modified":"2016-01-17T21:44:48","modified_gmt":"2016-01-18T00:44:48","slug":"defesa-civil-chama-a-atencao-para-riscos-de-inundacao-e-enxurradas-nos-proximos-quarto-dias","status":"publish","type":"post","link":"https:\/\/aconteceunovale.com.br\/portal\/?p=76932","title":{"rendered":"Defesa Civil chama a aten\u00e7\u00e3o para riscos de inunda\u00e7\u00e3o e enxurradas nos pr\u00f3ximos quarto dias"},"content":{"rendered":"<h4><strong><em>Coordenadoria Estadual tamb\u00e9m adverte para a possibilidade de deslizamento de terra em 17 munic\u00edpios.<\/em><\/strong><\/h4>\n<p>A Coordenadoria Estadual de Defesa Civil de Minas Gerais (CEDEC\/MG) alerta para o risco de deslizamento de terra nos munic\u00edpios de Belo Horizonte, Betim, Brumadinho, Caet\u00e9, Caratinga, Contagem, Coronel Fabriciano, Ibirit\u00e9, Ipatinga, Itabira, Jo\u00e3o Monlevade, Nova Lima, Ribeir\u00e3o das Neves, Sabar\u00e1, Santa Luzia, Tim\u00f3teo e Vespasiano.<\/p>\n<p>Para os pr\u00f3ximos 4 dias s\u00e3o esperadas chuvas com volumes superiores a 100 mil\u00edmetros em todo o Estado, com risco de inunda\u00e7\u00e3o e enxurradas em Belo Vale, Betim, Coronel Fabriciano e Santa Luzia.<\/p>\n<p>Em caso de qualquer sinal de perigo, a orienta\u00e7\u00e3o \u00e9 para entrar em contato com a Defesa Civil local, Corpo de Bombeiros ou Pol\u00edcia Militar pelos telefones: 199, 193 ou 190.<\/p>\n","protected":false},"excerpt":{"rendered":"<p>Coordenadoria Estadual tamb\u00e9m adverte para a possibilidade de deslizamento de terra em 17 munic\u00edpios. A Coordenadoria Estadual de Defesa Civil de Minas Gerais (CEDEC\/MG) alerta para o risco de deslizamento de terra nos munic\u00edpios de Belo Horizonte, Betim, Brumadinho, Caet\u00e9, Caratinga, Contagem, Coronel Fabriciano, Ibirit\u00e9, Ipatinga, Itabira, Jo\u00e3o Monlevade, Nova Lima, Ribeir\u00e3o das Neves, Sabar\u00e1, [&hellip;]<\/p>\n","protected":false},"author":1,"featured_media":76875,"comment_status":"open","ping_status":"closed","sticky":false,"template":"","format":"standard","meta":{"amp_status":"","footnotes":""},"categories":[123],"tags":[194,1743,1495,3679,6970,237,32561,956,1524,74102,74103,1494,24670,201,202,1102,1496,3674,1779,1498,1105,1778],"class_list":["post-76932","post","type-post","status-publish","format-standard","has-post-thumbnail","hentry","category-gerais","tag-belo-horizonte","tag-belo-vale","tag-betim","tag-brumadinho","tag-caete","tag-caratinga","tag-chuva-em-minas-gerais","tag-contagem","tag-coronel-fabriciano","tag-defesa-civil-chama-a-atencao-para-riscos-de-inundacao-e-enxurradas-nos-proximos-quarto-dias","tag-enxurradas-em-minas-gerais","tag-ibirite","tag-inundacao-em-minas-gerais","tag-ipatinga","tag-itabira","tag-joao-monlevade","tag-nova-lima","tag-ribeirao-das-neves","tag-sabara","tag-santa-luzia","tag-timoteo","tag-vespasiano"],"yoast_head":"<!-- This site is optimized with the Yoast SEO plugin v28.3 - https:\/\/yoast.com\/product\/yoast-seo-wordpress\/ -->\n<title>Defesa Civil chama a aten\u00e7\u00e3o para riscos de inunda\u00e7\u00e3o e enxurradas nos pr\u00f3ximos quarto dias - Aconteceu no Vale<\/title>\n<meta name=\"robots\" content=\"index, follow, max-snippet:-1, max-image-preview:large, max-video-preview:-1\" \/>\n<link rel=\"canonical\" href=\"https:\/\/aconteceunovale.com.br\/portal\/?p=76932\" \/>\n<meta property=\"og:locale\" content=\"pt_BR\" \/>\n<meta property=\"og:type\" content=\"article\" \/>\n<meta property=\"og:title\" content=\"Defesa Civil chama a aten\u00e7\u00e3o para riscos de inunda\u00e7\u00e3o e enxurradas nos pr\u00f3ximos quarto dias - Aconteceu no Vale\" \/>\n<meta property=\"og:description\" content=\"Coordenadoria Estadual tamb\u00e9m adverte para a possibilidade de deslizamento de terra em 17 munic\u00edpios. A Coordenadoria Estadual de Defesa Civil de Minas Gerais (CEDEC\/MG) alerta para o risco de deslizamento de terra nos munic\u00edpios de Belo Horizonte, Betim, Brumadinho, Caet\u00e9, Caratinga, Contagem, Coronel Fabriciano, Ibirit\u00e9, Ipatinga, Itabira, Jo\u00e3o Monlevade, Nova Lima, Ribeir\u00e3o das Neves, Sabar\u00e1, [&hellip;]\" \/>\n<meta property=\"og:url\" content=\"https:\/\/aconteceunovale.com.br\/portal\/?p=76932\" \/>\n<meta property=\"og:site_name\" content=\"Aconteceu no Vale\" \/>\n<meta property=\"article:publisher\" content=\"https:\/\/www.facebook.com\/aconteceunovale\/\" \/>\n<meta property=\"article:published_time\" content=\"2016-01-18T00:44:48+00:00\" \/>\n<meta property=\"og:image\" content=\"https:\/\/aconteceunovale.com.br\/portal\/wp-content\/uploads\/2016\/01\/chuva_sul_de_minas_1.png\" \/>\n\t<meta property=\"og:image:width\" content=\"620\" \/>\n\t<meta property=\"og:image:height\" content=\"413\" \/>\n\t<meta property=\"og:image:type\" content=\"image\/png\" \/>\n<meta name=\"author\" content=\"Aconteceu no Vale\" \/>\n<meta name=\"twitter:card\" content=\"summary_large_image\" \/>\n<meta name=\"twitter:creator\" content=\"@noticiadosvales\" \/>\n<meta name=\"twitter:site\" content=\"@noticiadosvales\" \/>\n<meta name=\"twitter:label1\" content=\"Escrito por\" \/>\n\t<meta name=\"twitter:data1\" content=\"Aconteceu no Vale\" \/>\n\t<meta name=\"twitter:label2\" content=\"Est. tempo de leitura\" \/>\n\t<meta name=\"twitter:data2\" content=\"1 minuto\" \/>\n<script type=\"application\/ld+json\" class=\"yoast-schema-graph\">{\"@context\":\"https:\\\/\\\/schema.org\",\"@graph\":[{\"@type\":\"Article\",\"@id\":\"https:\\\/\\\/aconteceunovale.com.br\\\/portal\\\/?p=76932#article\",\"isPartOf\":{\"@id\":\"https:\\\/\\\/aconteceunovale.com.br\\\/portal\\\/?p=76932\"},\"author\":{\"name\":\"Aconteceu no Vale\",\"@id\":\"https:\\\/\\\/aconteceunovale.com.br\\\/portal\\\/#\\\/schema\\\/person\\\/633529146f2c94272bef50ac2953d589\"},\"headline\":\"Defesa Civil chama a aten\u00e7\u00e3o para riscos de inunda\u00e7\u00e3o e enxurradas nos pr\u00f3ximos quarto dias\",\"datePublished\":\"2016-01-18T00:44:48+00:00\",\"mainEntityOfPage\":{\"@id\":\"https:\\\/\\\/aconteceunovale.com.br\\\/portal\\\/?p=76932\"},\"wordCount\":148,\"commentCount\":0,\"image\":{\"@id\":\"https:\\\/\\\/aconteceunovale.com.br\\\/portal\\\/?p=76932#primaryimage\"},\"thumbnailUrl\":\"https:\\\/\\\/aconteceunovale.com.br\\\/portal\\\/wp-content\\\/uploads\\\/2016\\\/01\\\/chuva_sul_de_minas_1.png\",\"keywords\":[\"Belo Horizonte\",\"Belo Vale\",\"Betim\",\"Brumadinho\",\"Caet\u00e9\",\"Caratinga\",\"chuva em minas gerais\",\"Contagem\",\"Coronel Fabriciano\",\"Defesa Civil chama a aten\u00e7\u00e3o para riscos de inunda\u00e7\u00e3o e enxurradas nos pr\u00f3ximos quarto dias\",\"enxurradas em minas gerais\",\"Ibirit\u00e9\",\"inunda\u00e7\u00e3o em minas gerais\",\"Ipatinga\",\"Itabira\",\"Jo\u00e3o Monlevade\",\"Nova Lima\",\"Ribeir\u00e3o das Neves\",\"Sabar\u00e1\",\"Santa Luzia\",\"Tim\u00f3teo\",\"Vespasiano\"],\"articleSection\":[\"Minas Gerais\"],\"inLanguage\":\"pt-BR\",\"potentialAction\":[{\"@type\":\"CommentAction\",\"name\":\"Comment\",\"target\":[\"https:\\\/\\\/aconteceunovale.com.br\\\/portal\\\/?p=76932#respond\"]}]},{\"@type\":\"WebPage\",\"@id\":\"https:\\\/\\\/aconteceunovale.com.br\\\/portal\\\/?p=76932\",\"url\":\"https:\\\/\\\/aconteceunovale.com.br\\\/portal\\\/?p=76932\",\"name\":\"Defesa Civil chama a aten\u00e7\u00e3o para riscos de inunda\u00e7\u00e3o e enxurradas nos pr\u00f3ximos quarto dias - Aconteceu no Vale\",\"isPartOf\":{\"@id\":\"https:\\\/\\\/aconteceunovale.com.br\\\/portal\\\/#website\"},\"primaryImageOfPage\":{\"@id\":\"https:\\\/\\\/aconteceunovale.com.br\\\/portal\\\/?p=76932#primaryimage\"},\"image\":{\"@id\":\"https:\\\/\\\/aconteceunovale.com.br\\\/portal\\\/?p=76932#primaryimage\"},\"thumbnailUrl\":\"https:\\\/\\\/aconteceunovale.com.br\\\/portal\\\/wp-content\\\/uploads\\\/2016\\\/01\\\/chuva_sul_de_minas_1.png\",\"datePublished\":\"2016-01-18T00:44:48+00:00\",\"author\":{\"@id\":\"https:\\\/\\\/aconteceunovale.com.br\\\/portal\\\/#\\\/schema\\\/person\\\/633529146f2c94272bef50ac2953d589\"},\"breadcrumb\":{\"@id\":\"https:\\\/\\\/aconteceunovale.com.br\\\/portal\\\/?p=76932#breadcrumb\"},\"inLanguage\":\"pt-BR\",\"potentialAction\":[{\"@type\":\"ReadAction\",\"target\":[\"https:\\\/\\\/aconteceunovale.com.br\\\/portal\\\/?p=76932\"]}]},{\"@type\":\"ImageObject\",\"inLanguage\":\"pt-BR\",\"@id\":\"https:\\\/\\\/aconteceunovale.com.br\\\/portal\\\/?p=76932#primaryimage\",\"url\":\"https:\\\/\\\/aconteceunovale.com.br\\\/portal\\\/wp-content\\\/uploads\\\/2016\\\/01\\\/chuva_sul_de_minas_1.png\",\"contentUrl\":\"https:\\\/\\\/aconteceunovale.com.br\\\/portal\\\/wp-content\\\/uploads\\\/2016\\\/01\\\/chuva_sul_de_minas_1.png\",\"width\":620,\"height\":413},{\"@type\":\"BreadcrumbList\",\"@id\":\"https:\\\/\\\/aconteceunovale.com.br\\\/portal\\\/?p=76932#breadcrumb\",\"itemListElement\":[{\"@type\":\"ListItem\",\"position\":1,\"name\":\"In\u00edcio\",\"item\":\"https:\\\/\\\/aconteceunovale.com.br\\\/portal\\\/\"},{\"@type\":\"ListItem\",\"position\":2,\"name\":\"Defesa Civil chama a aten\u00e7\u00e3o para riscos de inunda\u00e7\u00e3o e enxurradas nos pr\u00f3ximos quarto dias\"}]},{\"@type\":\"WebSite\",\"@id\":\"https:\\\/\\\/aconteceunovale.com.br\\\/portal\\\/#website\",\"url\":\"https:\\\/\\\/aconteceunovale.com.br\\\/portal\\\/\",\"name\":\"Aconteceu no Vale\",\"description\":\"Portal de Not\u00edcias\",\"potentialAction\":[{\"@type\":\"SearchAction\",\"target\":{\"@type\":\"EntryPoint\",\"urlTemplate\":\"https:\\\/\\\/aconteceunovale.com.br\\\/portal\\\/?s={search_term_string}\"},\"query-input\":{\"@type\":\"PropertyValueSpecification\",\"valueRequired\":true,\"valueName\":\"search_term_string\"}}],\"inLanguage\":\"pt-BR\"},{\"@type\":\"Person\",\"@id\":\"https:\\\/\\\/aconteceunovale.com.br\\\/portal\\\/#\\\/schema\\\/person\\\/633529146f2c94272bef50ac2953d589\",\"name\":\"Aconteceu no Vale\",\"description\":\"Equipe de reportagem do Aconteceu no Vale, portal de not\u00edcias do Vale do Jequitinhonha, em Minas Gerais. Cobrimos as 51 cidades do Vale desde 2013. Sugest\u00f5es de pauta e pedidos de corre\u00e7\u00e3o: contato@aconteceunovale.com.br\",\"sameAs\":[\"http:\\\/\\\/www.aconteceunovale.com.br\"],\"url\":\"https:\\\/\\\/aconteceunovale.com.br\\\/portal\\\/?author=1\"}]}<\/script>\n<!-- \/ Yoast SEO plugin. -->","yoast_head_json":{"title":"Defesa Civil chama a aten\u00e7\u00e3o para riscos de inunda\u00e7\u00e3o e enxurradas nos pr\u00f3ximos quarto dias - Aconteceu no Vale","robots":{"index":"index","follow":"follow","max-snippet":"max-snippet:-1","max-image-preview":"max-image-preview:large","max-video-preview":"max-video-preview:-1"},"canonical":"https:\/\/aconteceunovale.com.br\/portal\/?p=76932","og_locale":"pt_BR","og_type":"article","og_title":"Defesa Civil chama a aten\u00e7\u00e3o para riscos de inunda\u00e7\u00e3o e enxurradas nos pr\u00f3ximos quarto dias - Aconteceu no Vale","og_description":"Coordenadoria Estadual tamb\u00e9m adverte para a possibilidade de deslizamento de terra em 17 munic\u00edpios. A Coordenadoria Estadual de Defesa Civil de Minas Gerais (CEDEC\/MG) alerta para o risco de deslizamento de terra nos munic\u00edpios de Belo Horizonte, Betim, Brumadinho, Caet\u00e9, Caratinga, Contagem, Coronel Fabriciano, Ibirit\u00e9, Ipatinga, Itabira, Jo\u00e3o Monlevade, Nova Lima, Ribeir\u00e3o das Neves, Sabar\u00e1, [&hellip;]","og_url":"https:\/\/aconteceunovale.com.br\/portal\/?p=76932","og_site_name":"Aconteceu no Vale","article_publisher":"https:\/\/www.facebook.com\/aconteceunovale\/","article_published_time":"2016-01-18T00:44:48+00:00","og_image":[{"width":620,"height":413,"url":"https:\/\/aconteceunovale.com.br\/portal\/wp-content\/uploads\/2016\/01\/chuva_sul_de_minas_1.png","type":"image\/png"}],"author":"Aconteceu no Vale","twitter_card":"summary_large_image","twitter_creator":"@noticiadosvales","twitter_site":"@noticiadosvales","twitter_misc":{"Escrito por":"Aconteceu no Vale","Est. tempo de leitura":"1 minuto"},"schema":{"@context":"https:\/\/schema.org","@graph":[{"@type":"Article","@id":"https:\/\/aconteceunovale.com.br\/portal\/?p=76932#article","isPartOf":{"@id":"https:\/\/aconteceunovale.com.br\/portal\/?p=76932"},"author":{"name":"Aconteceu no Vale","@id":"https:\/\/aconteceunovale.com.br\/portal\/#\/schema\/person\/633529146f2c94272bef50ac2953d589"},"headline":"Defesa Civil chama a aten\u00e7\u00e3o para riscos de inunda\u00e7\u00e3o e enxurradas nos pr\u00f3ximos quarto dias","datePublished":"2016-01-18T00:44:48+00:00","mainEntityOfPage":{"@id":"https:\/\/aconteceunovale.com.br\/portal\/?p=76932"},"wordCount":148,"commentCount":0,"image":{"@id":"https:\/\/aconteceunovale.com.br\/portal\/?p=76932#primaryimage"},"thumbnailUrl":"https:\/\/aconteceunovale.com.br\/portal\/wp-content\/uploads\/2016\/01\/chuva_sul_de_minas_1.png","keywords":["Belo Horizonte","Belo Vale","Betim","Brumadinho","Caet\u00e9","Caratinga","chuva em minas gerais","Contagem","Coronel Fabriciano","Defesa Civil chama a aten\u00e7\u00e3o para riscos de inunda\u00e7\u00e3o e enxurradas nos pr\u00f3ximos quarto dias","enxurradas em minas gerais","Ibirit\u00e9","inunda\u00e7\u00e3o em minas gerais","Ipatinga","Itabira","Jo\u00e3o Monlevade","Nova Lima","Ribeir\u00e3o das Neves","Sabar\u00e1","Santa Luzia","Tim\u00f3teo","Vespasiano"],"articleSection":["Minas Gerais"],"inLanguage":"pt-BR","potentialAction":[{"@type":"CommentAction","name":"Comment","target":["https:\/\/aconteceunovale.com.br\/portal\/?p=76932#respond"]}]},{"@type":"WebPage","@id":"https:\/\/aconteceunovale.com.br\/portal\/?p=76932","url":"https:\/\/aconteceunovale.com.br\/portal\/?p=76932","name":"Defesa Civil chama a aten\u00e7\u00e3o para riscos de inunda\u00e7\u00e3o e enxurradas nos pr\u00f3ximos quarto dias - Aconteceu no Vale","isPartOf":{"@id":"https:\/\/aconteceunovale.com.br\/portal\/#website"},"primaryImageOfPage":{"@id":"https:\/\/aconteceunovale.com.br\/portal\/?p=76932#primaryimage"},"image":{"@id":"https:\/\/aconteceunovale.com.br\/portal\/?p=76932#primaryimage"},"thumbnailUrl":"https:\/\/aconteceunovale.com.br\/portal\/wp-content\/uploads\/2016\/01\/chuva_sul_de_minas_1.png","datePublished":"2016-01-18T00:44:48+00:00","author":{"@id":"https:\/\/aconteceunovale.com.br\/portal\/#\/schema\/person\/633529146f2c94272bef50ac2953d589"},"breadcrumb":{"@id":"https:\/\/aconteceunovale.com.br\/portal\/?p=76932#breadcrumb"},"inLanguage":"pt-BR","potentialAction":[{"@type":"ReadAction","target":["https:\/\/aconteceunovale.com.br\/portal\/?p=76932"]}]},{"@type":"ImageObject","inLanguage":"pt-BR","@id":"https:\/\/aconteceunovale.com.br\/portal\/?p=76932#primaryimage","url":"https:\/\/aconteceunovale.com.br\/portal\/wp-content\/uploads\/2016\/01\/chuva_sul_de_minas_1.png","contentUrl":"https:\/\/aconteceunovale.com.br\/portal\/wp-content\/uploads\/2016\/01\/chuva_sul_de_minas_1.png","width":620,"height":413},{"@type":"BreadcrumbList","@id":"https:\/\/aconteceunovale.com.br\/portal\/?p=76932#breadcrumb","itemListElement":[{"@type":"ListItem","position":1,"name":"In\u00edcio","item":"https:\/\/aconteceunovale.com.br\/portal\/"},{"@type":"ListItem","position":2,"name":"Defesa Civil chama a aten\u00e7\u00e3o para riscos de inunda\u00e7\u00e3o e enxurradas nos pr\u00f3ximos quarto dias"}]},{"@type":"WebSite","@id":"https:\/\/aconteceunovale.com.br\/portal\/#website","url":"https:\/\/aconteceunovale.com.br\/portal\/","name":"Aconteceu no Vale","description":"Portal de Not\u00edcias","potentialAction":[{"@type":"SearchAction","target":{"@type":"EntryPoint","urlTemplate":"https:\/\/aconteceunovale.com.br\/portal\/?s={search_term_string}"},"query-input":{"@type":"PropertyValueSpecification","valueRequired":true,"valueName":"search_term_string"}}],"inLanguage":"pt-BR"},{"@type":"Person","@id":"https:\/\/aconteceunovale.com.br\/portal\/#\/schema\/person\/633529146f2c94272bef50ac2953d589","name":"Aconteceu no Vale","description":"Equipe de reportagem do Aconteceu no Vale, portal de not\u00edcias do Vale do Jequitinhonha, em Minas Gerais. Cobrimos as 51 cidades do Vale desde 2013. Sugest\u00f5es de pauta e pedidos de corre\u00e7\u00e3o: contato@aconteceunovale.com.br","sameAs":["http:\/\/www.aconteceunovale.com.br"],"url":"https:\/\/aconteceunovale.com.br\/portal\/?author=1"}]}},"_links":{"self":[{"href":"https:\/\/aconteceunovale.com.br\/portal\/index.php?rest_route=\/wp\/v2\/posts\/76932","targetHints":{"allow":["GET"]}}],"collection":[{"href":"https:\/\/aconteceunovale.com.br\/portal\/index.php?rest_route=\/wp\/v2\/posts"}],"about":[{"href":"https:\/\/aconteceunovale.com.br\/portal\/index.php?rest_route=\/wp\/v2\/types\/post"}],"author":[{"embeddable":true,"href":"https:\/\/aconteceunovale.com.br\/portal\/index.php?rest_route=\/wp\/v2\/users\/1"}],"replies":[{"embeddable":true,"href":"https:\/\/aconteceunovale.com.br\/portal\/index.php?rest_route=%2Fwp%2Fv2%2Fcomments&post=76932"}],"version-history":[{"count":0,"href":"https:\/\/aconteceunovale.com.br\/portal\/index.php?rest_route=\/wp\/v2\/posts\/76932\/revisions"}],"wp:featuredmedia":[{"embeddable":true,"href":"https:\/\/aconteceunovale.com.br\/portal\/index.php?rest_route=\/wp\/v2\/media\/76875"}],"wp:attachment":[{"href":"https:\/\/aconteceunovale.com.br\/portal\/index.php?rest_route=%2Fwp%2Fv2%2Fmedia&parent=76932"}],"wp:term":[{"taxonomy":"category","embeddable":true,"href":"https:\/\/aconteceunovale.com.br\/portal\/index.php?rest_route=%2Fwp%2Fv2%2Fcategories&post=76932"},{"taxonomy":"post_tag","embeddable":true,"href":"https:\/\/aconteceunovale.com.br\/portal\/index.php?rest_route=%2Fwp%2Fv2%2Ftags&post=76932"}],"curies":[{"name":"wp","href":"https:\/\/api.w.org\/{rel}","templated":true}]}}