{"id":76925,"date":"2016-01-17T19:18:30","date_gmt":"2016-01-17T22:18:30","guid":{"rendered":"http:\/\/aconteceunovale.com.br\/portal\/?p=76925"},"modified":"2016-01-17T19:18:30","modified_gmt":"2016-01-17T22:18:30","slug":"acidente-envolvendo-veiculo-de-ipatinga-deixa-dois-mortos-na-br-381","status":"publish","type":"post","link":"https:\/\/aconteceunovale.com.br\/portal\/?p=76925","title":{"rendered":"Acidente envolvendo ve\u00edculo de Ipatinga deixa dois mortos na BR-381"},"content":{"rendered":"<p>Duas pessoas morreram no in\u00edcio da tarde deste domingo, 17 de janeiro, na altura do quil\u00f4metro 343 da BR-381, no munic\u00edpio de Bela Vista de Minas, na Regi\u00e3o Central do Estado. De acordo com informa\u00e7\u00f5es da Pol\u00edcia Rodovi\u00e1ria Federal (PRF), o condutor do Ford Focus, placa MSN-1924 de Ipatinga\/MG, perdeu o controle da dire\u00e7\u00e3o e o ve\u00edculo rodou na pista e colidiu contra um caminh\u00e3o que trafegava no sentido contr\u00e1rio.<\/p>\n<p>Com o impacto do acidente, o motorista Suedis Calixto Ferreira, de 50 anos, e a passageira Ilza Barbosa, de 54, ficaram gravemente feridos e vieram a \u00f3bito no local. Um adolescente, que n\u00e3o teve o nome divulgado, sofreu ferimento na cabe\u00e7a e foi encaminhado para atendimento m\u00e9dico no Hospital Margarida, em Jo\u00e3o Monlevade. <\/p>\n<p>O condutor do caminh\u00e3o, com placa de Curitiba\/PR, n\u00e3o se feriu. Ainda segundo a PRF, chovia forte no momento do acidente.<\/p>\n<p><img decoding=\"async\" src=\"http:\/\/aconteceunovale.com.br\/portal\/wp-content\/uploads\/2016\/01\/acidente_ipatinga_1.jpg\" alt=\"\" \/><em>Acidente aconteceu no km 343 da BR-381 &#8211; Foto: Reprodu\u00e7\u00e3o \/ WhatsApp<\/em><br \/>\n<\/br><\/p>\n<p><img decoding=\"async\" src=\"http:\/\/aconteceunovale.com.br\/portal\/wp-content\/uploads\/2016\/01\/acidente_ipatinga_2.jpg\" alt=\"\" \/><em>Acidente aconteceu no km 343 da BR-381 &#8211; Foto: Reprodu\u00e7\u00e3o \/ WhatsApp<\/em><\/p>\n","protected":false},"excerpt":{"rendered":"<p>Duas pessoas morreram no in\u00edcio da tarde deste domingo, 17 de janeiro, na altura do quil\u00f4metro 343 da BR-381, no munic\u00edpio de Bela Vista de Minas, na Regi\u00e3o Central do Estado. De acordo com informa\u00e7\u00f5es da Pol\u00edcia Rodovi\u00e1ria Federal (PRF), o condutor do Ford Focus, placa MSN-1924 de Ipatinga\/MG, perdeu o controle da dire\u00e7\u00e3o e [&hellip;]<\/p>\n","protected":false},"author":1,"featured_media":76927,"comment_status":"open","ping_status":"closed","sticky":false,"template":"","format":"standard","meta":{"amp_status":"","footnotes":""},"categories":[121],"tags":[74091,50749,74090,71329,71328,70342,74089,74088,8237,74092,1726,74094,201,74093],"class_list":["post-76925","post","type-post","status-publish","format-standard","has-post-thumbnail","hentry","category-leste","tag-acidente-com-carro-de-ipatinga","tag-acidente-com-familia-de-ipatinga","tag-acidente-com-focus-de-ipatinga","tag-acidente-com-pessoas-de-ipatinga","tag-acidente-com-veiculo-de-ipatinga","tag-acidente-em-bela-vista-de-minas","tag-acidente-envolvendo-veiculo-de-ipatinga","tag-acidente-envolvendo-veiculo-de-ipatinga-deixa-dois-mortos-na-br-381","tag-acidente-na-br-381","tag-acidente-na-br-381-em-bela-vista-de-minas","tag-bela-vista-de-minas","tag-ilza-barbosa","tag-ipatinga","tag-suedis-calixto-ferreira"],"yoast_head":"<!-- This site is optimized with the Yoast SEO plugin v28.3 - https:\/\/yoast.com\/product\/yoast-seo-wordpress\/ -->\n<title>Acidente envolvendo ve\u00edculo de Ipatinga deixa dois mortos na BR-381 - Aconteceu no Vale<\/title>\n<meta name=\"robots\" content=\"index, follow, max-snippet:-1, max-image-preview:large, max-video-preview:-1\" \/>\n<link rel=\"canonical\" href=\"https:\/\/aconteceunovale.com.br\/portal\/?p=76925\" \/>\n<meta property=\"og:locale\" content=\"pt_BR\" \/>\n<meta property=\"og:type\" content=\"article\" \/>\n<meta property=\"og:title\" content=\"Acidente envolvendo ve\u00edculo de Ipatinga deixa dois mortos na BR-381 - Aconteceu no Vale\" \/>\n<meta property=\"og:description\" content=\"Duas pessoas morreram no in\u00edcio da tarde deste domingo, 17 de janeiro, na altura do quil\u00f4metro 343 da BR-381, no munic\u00edpio de Bela Vista de Minas, na Regi\u00e3o Central do Estado. De acordo com informa\u00e7\u00f5es da Pol\u00edcia Rodovi\u00e1ria Federal (PRF), o condutor do Ford Focus, placa MSN-1924 de Ipatinga\/MG, perdeu o controle da dire\u00e7\u00e3o e [&hellip;]\" \/>\n<meta property=\"og:url\" content=\"https:\/\/aconteceunovale.com.br\/portal\/?p=76925\" \/>\n<meta property=\"og:site_name\" content=\"Aconteceu no Vale\" \/>\n<meta property=\"article:publisher\" content=\"https:\/\/www.facebook.com\/aconteceunovale\/\" \/>\n<meta property=\"article:published_time\" content=\"2016-01-17T22:18:30+00:00\" \/>\n<meta property=\"og:image\" content=\"https:\/\/aconteceunovale.com.br\/portal\/wp-content\/uploads\/2016\/01\/acidente_ipatinga_2.jpg\" \/>\n\t<meta property=\"og:image:width\" content=\"645\" \/>\n\t<meta property=\"og:image:height\" content=\"420\" \/>\n\t<meta property=\"og:image:type\" content=\"image\/jpeg\" \/>\n<meta name=\"author\" content=\"Aconteceu no Vale\" \/>\n<meta name=\"twitter:card\" content=\"summary_large_image\" \/>\n<meta name=\"twitter:creator\" content=\"@noticiadosvales\" \/>\n<meta name=\"twitter:site\" content=\"@noticiadosvales\" \/>\n<meta name=\"twitter:label1\" content=\"Escrito por\" \/>\n\t<meta name=\"twitter:data1\" content=\"Aconteceu no Vale\" \/>\n\t<meta name=\"twitter:label2\" content=\"Est. tempo de leitura\" \/>\n\t<meta name=\"twitter:data2\" content=\"1 minuto\" \/>\n<script type=\"application\/ld+json\" class=\"yoast-schema-graph\">{\"@context\":\"https:\\\/\\\/schema.org\",\"@graph\":[{\"@type\":\"Article\",\"@id\":\"https:\\\/\\\/aconteceunovale.com.br\\\/portal\\\/?p=76925#article\",\"isPartOf\":{\"@id\":\"https:\\\/\\\/aconteceunovale.com.br\\\/portal\\\/?p=76925\"},\"author\":{\"name\":\"Aconteceu no Vale\",\"@id\":\"https:\\\/\\\/aconteceunovale.com.br\\\/portal\\\/#\\\/schema\\\/person\\\/633529146f2c94272bef50ac2953d589\"},\"headline\":\"Acidente envolvendo ve\u00edculo de Ipatinga deixa dois mortos na BR-381\",\"datePublished\":\"2016-01-17T22:18:30+00:00\",\"mainEntityOfPage\":{\"@id\":\"https:\\\/\\\/aconteceunovale.com.br\\\/portal\\\/?p=76925\"},\"wordCount\":192,\"commentCount\":0,\"image\":{\"@id\":\"https:\\\/\\\/aconteceunovale.com.br\\\/portal\\\/?p=76925#primaryimage\"},\"thumbnailUrl\":\"https:\\\/\\\/aconteceunovale.com.br\\\/portal\\\/wp-content\\\/uploads\\\/2016\\\/01\\\/acidente_ipatinga_2.jpg\",\"keywords\":[\"acidente com carro de ipatinga\",\"acidente com fam\u00edlia de ipatinga\",\"acidente com focus de ipatinga\",\"acidente com pessoas de Ipatinga\",\"acidente com ve\u00edculo de Ipatinga\",\"acidente em Bela Vista de Minas\",\"Acidente envolvendo ve\u00edculo de Ipatinga\",\"Acidente envolvendo ve\u00edculo de Ipatinga deixa dois mortos na BR-381\",\"acidente na BR-381\",\"acidente na br-381 em Bela Vista de Minas\",\"Bela Vista de Minas\",\"Ilza Barbosa\",\"Ipatinga\",\"Suedis Calixto Ferreira\"],\"articleSection\":[\"Leste de Minas\"],\"inLanguage\":\"pt-BR\",\"potentialAction\":[{\"@type\":\"CommentAction\",\"name\":\"Comment\",\"target\":[\"https:\\\/\\\/aconteceunovale.com.br\\\/portal\\\/?p=76925#respond\"]}]},{\"@type\":\"WebPage\",\"@id\":\"https:\\\/\\\/aconteceunovale.com.br\\\/portal\\\/?p=76925\",\"url\":\"https:\\\/\\\/aconteceunovale.com.br\\\/portal\\\/?p=76925\",\"name\":\"Acidente envolvendo ve\u00edculo de Ipatinga deixa dois mortos na BR-381 - Aconteceu no Vale\",\"isPartOf\":{\"@id\":\"https:\\\/\\\/aconteceunovale.com.br\\\/portal\\\/#website\"},\"primaryImageOfPage\":{\"@id\":\"https:\\\/\\\/aconteceunovale.com.br\\\/portal\\\/?p=76925#primaryimage\"},\"image\":{\"@id\":\"https:\\\/\\\/aconteceunovale.com.br\\\/portal\\\/?p=76925#primaryimage\"},\"thumbnailUrl\":\"https:\\\/\\\/aconteceunovale.com.br\\\/portal\\\/wp-content\\\/uploads\\\/2016\\\/01\\\/acidente_ipatinga_2.jpg\",\"datePublished\":\"2016-01-17T22:18:30+00:00\",\"author\":{\"@id\":\"https:\\\/\\\/aconteceunovale.com.br\\\/portal\\\/#\\\/schema\\\/person\\\/633529146f2c94272bef50ac2953d589\"},\"breadcrumb\":{\"@id\":\"https:\\\/\\\/aconteceunovale.com.br\\\/portal\\\/?p=76925#breadcrumb\"},\"inLanguage\":\"pt-BR\",\"potentialAction\":[{\"@type\":\"ReadAction\",\"target\":[\"https:\\\/\\\/aconteceunovale.com.br\\\/portal\\\/?p=76925\"]}]},{\"@type\":\"ImageObject\",\"inLanguage\":\"pt-BR\",\"@id\":\"https:\\\/\\\/aconteceunovale.com.br\\\/portal\\\/?p=76925#primaryimage\",\"url\":\"https:\\\/\\\/aconteceunovale.com.br\\\/portal\\\/wp-content\\\/uploads\\\/2016\\\/01\\\/acidente_ipatinga_2.jpg\",\"contentUrl\":\"https:\\\/\\\/aconteceunovale.com.br\\\/portal\\\/wp-content\\\/uploads\\\/2016\\\/01\\\/acidente_ipatinga_2.jpg\",\"width\":645,\"height\":420},{\"@type\":\"BreadcrumbList\",\"@id\":\"https:\\\/\\\/aconteceunovale.com.br\\\/portal\\\/?p=76925#breadcrumb\",\"itemListElement\":[{\"@type\":\"ListItem\",\"position\":1,\"name\":\"In\u00edcio\",\"item\":\"https:\\\/\\\/aconteceunovale.com.br\\\/portal\\\/\"},{\"@type\":\"ListItem\",\"position\":2,\"name\":\"Acidente envolvendo ve\u00edculo de Ipatinga deixa dois mortos na BR-381\"}]},{\"@type\":\"WebSite\",\"@id\":\"https:\\\/\\\/aconteceunovale.com.br\\\/portal\\\/#website\",\"url\":\"https:\\\/\\\/aconteceunovale.com.br\\\/portal\\\/\",\"name\":\"Aconteceu no Vale\",\"description\":\"Portal de Not\u00edcias\",\"potentialAction\":[{\"@type\":\"SearchAction\",\"target\":{\"@type\":\"EntryPoint\",\"urlTemplate\":\"https:\\\/\\\/aconteceunovale.com.br\\\/portal\\\/?s={search_term_string}\"},\"query-input\":{\"@type\":\"PropertyValueSpecification\",\"valueRequired\":true,\"valueName\":\"search_term_string\"}}],\"inLanguage\":\"pt-BR\"},{\"@type\":\"Person\",\"@id\":\"https:\\\/\\\/aconteceunovale.com.br\\\/portal\\\/#\\\/schema\\\/person\\\/633529146f2c94272bef50ac2953d589\",\"name\":\"Aconteceu no Vale\",\"description\":\"Equipe de reportagem do Aconteceu no Vale, portal de not\u00edcias do Vale do Jequitinhonha, em Minas Gerais. Cobrimos as 51 cidades do Vale desde 2013. Sugest\u00f5es de pauta e pedidos de corre\u00e7\u00e3o: contato@aconteceunovale.com.br\",\"sameAs\":[\"http:\\\/\\\/www.aconteceunovale.com.br\"],\"url\":\"https:\\\/\\\/aconteceunovale.com.br\\\/portal\\\/?author=1\"}]}<\/script>\n<!-- \/ Yoast SEO plugin. -->","yoast_head_json":{"title":"Acidente envolvendo ve\u00edculo de Ipatinga deixa dois mortos na BR-381 - Aconteceu no Vale","robots":{"index":"index","follow":"follow","max-snippet":"max-snippet:-1","max-image-preview":"max-image-preview:large","max-video-preview":"max-video-preview:-1"},"canonical":"https:\/\/aconteceunovale.com.br\/portal\/?p=76925","og_locale":"pt_BR","og_type":"article","og_title":"Acidente envolvendo ve\u00edculo de Ipatinga deixa dois mortos na BR-381 - Aconteceu no Vale","og_description":"Duas pessoas morreram no in\u00edcio da tarde deste domingo, 17 de janeiro, na altura do quil\u00f4metro 343 da BR-381, no munic\u00edpio de Bela Vista de Minas, na Regi\u00e3o Central do Estado. De acordo com informa\u00e7\u00f5es da Pol\u00edcia Rodovi\u00e1ria Federal (PRF), o condutor do Ford Focus, placa MSN-1924 de Ipatinga\/MG, perdeu o controle da dire\u00e7\u00e3o e [&hellip;]","og_url":"https:\/\/aconteceunovale.com.br\/portal\/?p=76925","og_site_name":"Aconteceu no Vale","article_publisher":"https:\/\/www.facebook.com\/aconteceunovale\/","article_published_time":"2016-01-17T22:18:30+00:00","og_image":[{"width":645,"height":420,"url":"https:\/\/aconteceunovale.com.br\/portal\/wp-content\/uploads\/2016\/01\/acidente_ipatinga_2.jpg","type":"image\/jpeg"}],"author":"Aconteceu no Vale","twitter_card":"summary_large_image","twitter_creator":"@noticiadosvales","twitter_site":"@noticiadosvales","twitter_misc":{"Escrito por":"Aconteceu no Vale","Est. tempo de leitura":"1 minuto"},"schema":{"@context":"https:\/\/schema.org","@graph":[{"@type":"Article","@id":"https:\/\/aconteceunovale.com.br\/portal\/?p=76925#article","isPartOf":{"@id":"https:\/\/aconteceunovale.com.br\/portal\/?p=76925"},"author":{"name":"Aconteceu no Vale","@id":"https:\/\/aconteceunovale.com.br\/portal\/#\/schema\/person\/633529146f2c94272bef50ac2953d589"},"headline":"Acidente envolvendo ve\u00edculo de Ipatinga deixa dois mortos na BR-381","datePublished":"2016-01-17T22:18:30+00:00","mainEntityOfPage":{"@id":"https:\/\/aconteceunovale.com.br\/portal\/?p=76925"},"wordCount":192,"commentCount":0,"image":{"@id":"https:\/\/aconteceunovale.com.br\/portal\/?p=76925#primaryimage"},"thumbnailUrl":"https:\/\/aconteceunovale.com.br\/portal\/wp-content\/uploads\/2016\/01\/acidente_ipatinga_2.jpg","keywords":["acidente com carro de ipatinga","acidente com fam\u00edlia de ipatinga","acidente com focus de ipatinga","acidente com pessoas de Ipatinga","acidente com ve\u00edculo de Ipatinga","acidente em Bela Vista de Minas","Acidente envolvendo ve\u00edculo de Ipatinga","Acidente envolvendo ve\u00edculo de Ipatinga deixa dois mortos na BR-381","acidente na BR-381","acidente na br-381 em Bela Vista de Minas","Bela Vista de Minas","Ilza Barbosa","Ipatinga","Suedis Calixto Ferreira"],"articleSection":["Leste de Minas"],"inLanguage":"pt-BR","potentialAction":[{"@type":"CommentAction","name":"Comment","target":["https:\/\/aconteceunovale.com.br\/portal\/?p=76925#respond"]}]},{"@type":"WebPage","@id":"https:\/\/aconteceunovale.com.br\/portal\/?p=76925","url":"https:\/\/aconteceunovale.com.br\/portal\/?p=76925","name":"Acidente envolvendo ve\u00edculo de Ipatinga deixa dois mortos na BR-381 - Aconteceu no Vale","isPartOf":{"@id":"https:\/\/aconteceunovale.com.br\/portal\/#website"},"primaryImageOfPage":{"@id":"https:\/\/aconteceunovale.com.br\/portal\/?p=76925#primaryimage"},"image":{"@id":"https:\/\/aconteceunovale.com.br\/portal\/?p=76925#primaryimage"},"thumbnailUrl":"https:\/\/aconteceunovale.com.br\/portal\/wp-content\/uploads\/2016\/01\/acidente_ipatinga_2.jpg","datePublished":"2016-01-17T22:18:30+00:00","author":{"@id":"https:\/\/aconteceunovale.com.br\/portal\/#\/schema\/person\/633529146f2c94272bef50ac2953d589"},"breadcrumb":{"@id":"https:\/\/aconteceunovale.com.br\/portal\/?p=76925#breadcrumb"},"inLanguage":"pt-BR","potentialAction":[{"@type":"ReadAction","target":["https:\/\/aconteceunovale.com.br\/portal\/?p=76925"]}]},{"@type":"ImageObject","inLanguage":"pt-BR","@id":"https:\/\/aconteceunovale.com.br\/portal\/?p=76925#primaryimage","url":"https:\/\/aconteceunovale.com.br\/portal\/wp-content\/uploads\/2016\/01\/acidente_ipatinga_2.jpg","contentUrl":"https:\/\/aconteceunovale.com.br\/portal\/wp-content\/uploads\/2016\/01\/acidente_ipatinga_2.jpg","width":645,"height":420},{"@type":"BreadcrumbList","@id":"https:\/\/aconteceunovale.com.br\/portal\/?p=76925#breadcrumb","itemListElement":[{"@type":"ListItem","position":1,"name":"In\u00edcio","item":"https:\/\/aconteceunovale.com.br\/portal\/"},{"@type":"ListItem","position":2,"name":"Acidente envolvendo ve\u00edculo de Ipatinga deixa dois mortos na BR-381"}]},{"@type":"WebSite","@id":"https:\/\/aconteceunovale.com.br\/portal\/#website","url":"https:\/\/aconteceunovale.com.br\/portal\/","name":"Aconteceu no Vale","description":"Portal de Not\u00edcias","potentialAction":[{"@type":"SearchAction","target":{"@type":"EntryPoint","urlTemplate":"https:\/\/aconteceunovale.com.br\/portal\/?s={search_term_string}"},"query-input":{"@type":"PropertyValueSpecification","valueRequired":true,"valueName":"search_term_string"}}],"inLanguage":"pt-BR"},{"@type":"Person","@id":"https:\/\/aconteceunovale.com.br\/portal\/#\/schema\/person\/633529146f2c94272bef50ac2953d589","name":"Aconteceu no Vale","description":"Equipe de reportagem do Aconteceu no Vale, portal de not\u00edcias do Vale do Jequitinhonha, em Minas Gerais. Cobrimos as 51 cidades do Vale desde 2013. Sugest\u00f5es de pauta e pedidos de corre\u00e7\u00e3o: contato@aconteceunovale.com.br","sameAs":["http:\/\/www.aconteceunovale.com.br"],"url":"https:\/\/aconteceunovale.com.br\/portal\/?author=1"}]}},"_links":{"self":[{"href":"https:\/\/aconteceunovale.com.br\/portal\/index.php?rest_route=\/wp\/v2\/posts\/76925","targetHints":{"allow":["GET"]}}],"collection":[{"href":"https:\/\/aconteceunovale.com.br\/portal\/index.php?rest_route=\/wp\/v2\/posts"}],"about":[{"href":"https:\/\/aconteceunovale.com.br\/portal\/index.php?rest_route=\/wp\/v2\/types\/post"}],"author":[{"embeddable":true,"href":"https:\/\/aconteceunovale.com.br\/portal\/index.php?rest_route=\/wp\/v2\/users\/1"}],"replies":[{"embeddable":true,"href":"https:\/\/aconteceunovale.com.br\/portal\/index.php?rest_route=%2Fwp%2Fv2%2Fcomments&post=76925"}],"version-history":[{"count":0,"href":"https:\/\/aconteceunovale.com.br\/portal\/index.php?rest_route=\/wp\/v2\/posts\/76925\/revisions"}],"wp:featuredmedia":[{"embeddable":true,"href":"https:\/\/aconteceunovale.com.br\/portal\/index.php?rest_route=\/wp\/v2\/media\/76927"}],"wp:attachment":[{"href":"https:\/\/aconteceunovale.com.br\/portal\/index.php?rest_route=%2Fwp%2Fv2%2Fmedia&parent=76925"}],"wp:term":[{"taxonomy":"category","embeddable":true,"href":"https:\/\/aconteceunovale.com.br\/portal\/index.php?rest_route=%2Fwp%2Fv2%2Fcategories&post=76925"},{"taxonomy":"post_tag","embeddable":true,"href":"https:\/\/aconteceunovale.com.br\/portal\/index.php?rest_route=%2Fwp%2Fv2%2Ftags&post=76925"}],"curies":[{"name":"wp","href":"https:\/\/api.w.org\/{rel}","templated":true}]}}