{"id":76901,"date":"2016-01-17T13:04:16","date_gmt":"2016-01-17T16:04:16","guid":{"rendered":"http:\/\/aconteceunovale.com.br\/portal\/?p=76901"},"modified":"2016-01-17T13:04:16","modified_gmt":"2016-01-17T16:04:16","slug":"noivos-se-casam-a-luz-de-velas-em-montes-claros","status":"publish","type":"post","link":"https:\/\/aconteceunovale.com.br\/portal\/?p=76901","title":{"rendered":"Noivos se casam \u00e0 luz de velas em Montes Claros"},"content":{"rendered":"<p>\u00c0 luz de velas; assim foi realizado o casamento de Renato Adriano Nunes e C\u00e2ndida Gon\u00e7alves Freitas, neste s\u00e1bado (16\/01) na igreja dos Morrinhos, em Montes Claros, no Norte de Minas. A falta de luz foi causada por um corte de energia, que teria sido feito dias antes da cerim\u00f4nia.<\/p>\n<p>Segundo o Padre Gilmar Soares Martins, o problema foi percebido h\u00e1 dois dias. \u201cDesde quinta-feira (14) estamos tentando resolver. Primeiro tentamos descobrir onde estava a causa do problema, ach\u00e1vamos que a luz tinha ido embora. Somente hoje descobrimos o corte no poste. Assim que descobrimos, buscamos solu\u00e7\u00f5es; ligamos para a Cemig. para que reestabelecesse a energia, pelo menos para o evento de hoje, o que n\u00e3o foi poss\u00edvel\u201d, conta.<\/p>\n<p>O noivo, Adriano Nunes, conta como ficou sabendo do ocorrido. \u201cEu estava em casa quando o pessoal do cerimonial me avisou que a igreja estava sem energia. Eles chamaram um eletricista, e, quando ele veio, disse que a luz estava cortada no poste\u201d, lembra.<\/p>\n<p><img decoding=\"async\" src=\"http:\/\/aconteceunovale.com.br\/portal\/wp-content\/uploads\/2016\/01\/casamento_sem_luz_moc_1.jpg\" alt=\"\" \/><em>Igreja estava sem energia e foi iluminada por velas (Foto: Taislaine Antunes \/ G1)<\/em><br \/>\n<\/br><\/p>\n<p>O padre Gilmar ressalta ainda que a par\u00f3quia n\u00e3o \u00e9 respons\u00e1vel pelo pagamento da conta. \u201cN\u00e3o sei porque cortaram a luz, n\u00f3s vamos em busca de respostas. O fato \u00e9 que essa conta n\u00e3o \u00e9 de responsabilidade da igreja, nem da par\u00f3quia. Esse \u00e9 um patrim\u00f4nio hist\u00f3rico do munic\u00edpio, por isso n\u00e3o est\u00e1 em nossas m\u00e3os\u201d, afirma.<\/p>\n<p>De acordo com uma das filhas de C\u00e2ndida, J\u00falia Gon\u00e7alves, o casal mora junto h\u00e1 seis anos e o casamento era o sonho da m\u00e3e dela. \u201c\u00c9 um sonho da minha m\u00e3e casar na igreja, eles viveram muito tempo juntos para depois realizar o sonho dela, e agora acontece isso aqui. Ela sempre sonhou em ver a igreja toda iluminada para a chegada dela\u201d, pontua.<\/p>\n<p>Assim que soube do problema, Renato buscou v\u00e1rias solu\u00e7\u00f5es para tentar conseguir uma ilumina\u00e7\u00e3o, mas nada deu certo. Ele fala da frustra\u00e7\u00e3o de n\u00e3o poder contar com a ilumina\u00e7\u00e3o desejada. \u201c\u00c9 uma situa\u00e7\u00e3o muito constrangedora. Voc\u00ea faz um planejamento, e acontece esse tipo de coisa. O sentimento n\u00e3o \u00e9 pelo financeiro, e sim pelo sentimental. Planejamos esse momento h\u00e1 muito tempo\u201d, desabafa.<\/p>\n<p>A cerim\u00f4nia come\u00e7ou com 40 minutos de atraso. A noiva, C\u00e2ndida Gon\u00e7alves, foi comunicada sobre o imprevisto na porta da igreja, e afirmou que o problema n\u00e3o iria atrapalhar a realiza\u00e7\u00e3o do sonho dela.<\/p>\n<p>\u201cN\u00e3o tem problema, imprevistos acontecem, levo tudo como uma gra\u00e7a. O importante \u00e9 casar, e eu vou casar \u00e0 luz de velas. \u00c9 uma situa\u00e7\u00e3o chata, mas n\u00e3o tem como controlar, vamos casar assim mesmo. Toda mulher sonha com isso e chegou o meu momento, e que tudo d\u00ea certo\u201d, torce.<\/p>\n<p>Cerca de uma hora depois, a noiva comemora. \u201cGra\u00e7as a Deus casei. \u00c0 luz de velas, um cen\u00e1rio muito rom\u00e2ntico e com o homem da minha vida. Fomos iluminados por velas e por Deus\u201d, declara a noiva.<\/p>\n<p><strong>O que diz a Cemig<\/strong><\/p>\n<p>Por telefone, a assessoria da Cemig, companhia respons\u00e1vel pela distribui\u00e7\u00e3o de energia de Minas Gerais, confirmou que houve o corte de energia por falta de pagamento, que seria de responsabilidade do munic\u00edpio. Ainda segundo a assessoria, uma equipe foi mandada ao local para reestabelecer a energia, mas at\u00e9 o fim da cerim\u00f4nia, nenhum representante havia chegado ao local.<\/p>\n<p><img decoding=\"async\" src=\"http:\/\/aconteceunovale.com.br\/portal\/wp-content\/uploads\/2016\/01\/casamento_sem_luz_moc_2.jpg\" alt=\"\" \/><em>Apesar do imprevisto, casamento \u00e9 realizado  (Foto: Taislaine Antunes \/ G1)<\/em><br \/>\n<\/br><\/p>\n<p><em>(Fonte: Inter TV Grande Minas \/ G1)<\/em><\/p>\n","protected":false},"excerpt":{"rendered":"<p>\u00c0 luz de velas; assim foi realizado o casamento de Renato Adriano Nunes e C\u00e2ndida Gon\u00e7alves Freitas, neste s\u00e1bado (16\/01) na igreja dos Morrinhos, em Montes Claros, no Norte de Minas. A falta de luz foi causada por um corte de energia, que teria sido feito dias antes da cerim\u00f4nia. Segundo o Padre Gilmar Soares [&hellip;]<\/p>\n","protected":false},"author":1,"featured_media":76902,"comment_status":"open","ping_status":"closed","sticky":false,"template":"","format":"standard","meta":{"amp_status":"","footnotes":""},"categories":[1236],"tags":[74038,74032,74034,74035,74036,210,74040,74039,74037,74031,74033],"class_list":["post-76901","post","type-post","status-publish","format-standard","has-post-thumbnail","hentry","category-norte_de_minas","tag-apagao-em-montes-claros","tag-candida-goncalves-freitas","tag-casamento-de-renato-adriano-nunes-e-candida-goncalves-freitas","tag-casamento-montes-claros","tag-falta-de-energia-em-montes-claros","tag-montes-claros","tag-noivos-se-casam-a-luz-de-velas-em-montes-claros","tag-padre-gilmar-soares-martins","tag-queda-de-energia-em-montes-claros","tag-renato-adriano-nunes","tag-renato-adriano-nunes-e-candida-goncalves-freitas"],"yoast_head":"<!-- This site is optimized with the Yoast SEO plugin v28.3 - https:\/\/yoast.com\/product\/yoast-seo-wordpress\/ -->\n<title>Noivos se casam \u00e0 luz de velas em Montes Claros - Aconteceu no Vale<\/title>\n<meta name=\"robots\" content=\"index, follow, max-snippet:-1, max-image-preview:large, max-video-preview:-1\" \/>\n<link rel=\"canonical\" href=\"https:\/\/aconteceunovale.com.br\/portal\/?p=76901\" \/>\n<meta property=\"og:locale\" content=\"pt_BR\" \/>\n<meta property=\"og:type\" content=\"article\" \/>\n<meta property=\"og:title\" content=\"Noivos se casam \u00e0 luz de velas em Montes Claros - Aconteceu no Vale\" \/>\n<meta property=\"og:description\" content=\"\u00c0 luz de velas; assim foi realizado o casamento de Renato Adriano Nunes e C\u00e2ndida Gon\u00e7alves Freitas, neste s\u00e1bado (16\/01) na igreja dos Morrinhos, em Montes Claros, no Norte de Minas. A falta de luz foi causada por um corte de energia, que teria sido feito dias antes da cerim\u00f4nia. Segundo o Padre Gilmar Soares [&hellip;]\" \/>\n<meta property=\"og:url\" content=\"https:\/\/aconteceunovale.com.br\/portal\/?p=76901\" \/>\n<meta property=\"og:site_name\" content=\"Aconteceu no Vale\" \/>\n<meta property=\"article:publisher\" content=\"https:\/\/www.facebook.com\/aconteceunovale\/\" \/>\n<meta property=\"article:published_time\" content=\"2016-01-17T16:04:16+00:00\" \/>\n<meta property=\"og:image\" content=\"https:\/\/aconteceunovale.com.br\/portal\/wp-content\/uploads\/2016\/01\/casamento_sem_luz_moc_1.jpg\" \/>\n\t<meta property=\"og:image:width\" content=\"600\" \/>\n\t<meta property=\"og:image:height\" content=\"450\" \/>\n\t<meta property=\"og:image:type\" content=\"image\/jpeg\" \/>\n<meta name=\"author\" content=\"Aconteceu no Vale\" \/>\n<meta name=\"twitter:card\" content=\"summary_large_image\" \/>\n<meta name=\"twitter:creator\" content=\"@noticiadosvales\" \/>\n<meta name=\"twitter:site\" content=\"@noticiadosvales\" \/>\n<meta name=\"twitter:label1\" content=\"Escrito por\" \/>\n\t<meta name=\"twitter:data1\" content=\"Aconteceu no Vale\" \/>\n\t<meta name=\"twitter:label2\" content=\"Est. tempo de leitura\" \/>\n\t<meta name=\"twitter:data2\" content=\"3 minutos\" \/>\n<script type=\"application\/ld+json\" class=\"yoast-schema-graph\">{\"@context\":\"https:\\\/\\\/schema.org\",\"@graph\":[{\"@type\":\"Article\",\"@id\":\"https:\\\/\\\/aconteceunovale.com.br\\\/portal\\\/?p=76901#article\",\"isPartOf\":{\"@id\":\"https:\\\/\\\/aconteceunovale.com.br\\\/portal\\\/?p=76901\"},\"author\":{\"name\":\"Aconteceu no Vale\",\"@id\":\"https:\\\/\\\/aconteceunovale.com.br\\\/portal\\\/#\\\/schema\\\/person\\\/633529146f2c94272bef50ac2953d589\"},\"headline\":\"Noivos se casam \u00e0 luz de velas em Montes Claros\",\"datePublished\":\"2016-01-17T16:04:16+00:00\",\"mainEntityOfPage\":{\"@id\":\"https:\\\/\\\/aconteceunovale.com.br\\\/portal\\\/?p=76901\"},\"wordCount\":604,\"commentCount\":0,\"image\":{\"@id\":\"https:\\\/\\\/aconteceunovale.com.br\\\/portal\\\/?p=76901#primaryimage\"},\"thumbnailUrl\":\"https:\\\/\\\/aconteceunovale.com.br\\\/portal\\\/wp-content\\\/uploads\\\/2016\\\/01\\\/casamento_sem_luz_moc_1.jpg\",\"keywords\":[\"apag\u00e3o em Montes Claros\",\"C\u00e2ndida Gon\u00e7alves Freitas\",\"casamento de Renato Adriano Nunes e C\u00e2ndida Gon\u00e7alves Freitas\",\"casamento Montes Claros\",\"falta de energia em Montes Claros\",\"Montes Claros\",\"Noivos se casam \u00e0 luz de velas em Montes Claros\",\"Padre Gilmar Soares Martins\",\"queda de energia em Montes Claros\",\"Renato Adriano Nunes\",\"Renato Adriano Nunes e C\u00e2ndida Gon\u00e7alves Freitas\"],\"articleSection\":[\"Norte de Minas\"],\"inLanguage\":\"pt-BR\",\"potentialAction\":[{\"@type\":\"CommentAction\",\"name\":\"Comment\",\"target\":[\"https:\\\/\\\/aconteceunovale.com.br\\\/portal\\\/?p=76901#respond\"]}]},{\"@type\":\"WebPage\",\"@id\":\"https:\\\/\\\/aconteceunovale.com.br\\\/portal\\\/?p=76901\",\"url\":\"https:\\\/\\\/aconteceunovale.com.br\\\/portal\\\/?p=76901\",\"name\":\"Noivos se casam \u00e0 luz de velas em Montes Claros - Aconteceu no Vale\",\"isPartOf\":{\"@id\":\"https:\\\/\\\/aconteceunovale.com.br\\\/portal\\\/#website\"},\"primaryImageOfPage\":{\"@id\":\"https:\\\/\\\/aconteceunovale.com.br\\\/portal\\\/?p=76901#primaryimage\"},\"image\":{\"@id\":\"https:\\\/\\\/aconteceunovale.com.br\\\/portal\\\/?p=76901#primaryimage\"},\"thumbnailUrl\":\"https:\\\/\\\/aconteceunovale.com.br\\\/portal\\\/wp-content\\\/uploads\\\/2016\\\/01\\\/casamento_sem_luz_moc_1.jpg\",\"datePublished\":\"2016-01-17T16:04:16+00:00\",\"author\":{\"@id\":\"https:\\\/\\\/aconteceunovale.com.br\\\/portal\\\/#\\\/schema\\\/person\\\/633529146f2c94272bef50ac2953d589\"},\"breadcrumb\":{\"@id\":\"https:\\\/\\\/aconteceunovale.com.br\\\/portal\\\/?p=76901#breadcrumb\"},\"inLanguage\":\"pt-BR\",\"potentialAction\":[{\"@type\":\"ReadAction\",\"target\":[\"https:\\\/\\\/aconteceunovale.com.br\\\/portal\\\/?p=76901\"]}]},{\"@type\":\"ImageObject\",\"inLanguage\":\"pt-BR\",\"@id\":\"https:\\\/\\\/aconteceunovale.com.br\\\/portal\\\/?p=76901#primaryimage\",\"url\":\"https:\\\/\\\/aconteceunovale.com.br\\\/portal\\\/wp-content\\\/uploads\\\/2016\\\/01\\\/casamento_sem_luz_moc_1.jpg\",\"contentUrl\":\"https:\\\/\\\/aconteceunovale.com.br\\\/portal\\\/wp-content\\\/uploads\\\/2016\\\/01\\\/casamento_sem_luz_moc_1.jpg\",\"width\":600,\"height\":450},{\"@type\":\"BreadcrumbList\",\"@id\":\"https:\\\/\\\/aconteceunovale.com.br\\\/portal\\\/?p=76901#breadcrumb\",\"itemListElement\":[{\"@type\":\"ListItem\",\"position\":1,\"name\":\"In\u00edcio\",\"item\":\"https:\\\/\\\/aconteceunovale.com.br\\\/portal\\\/\"},{\"@type\":\"ListItem\",\"position\":2,\"name\":\"Noivos se casam \u00e0 luz de velas em Montes Claros\"}]},{\"@type\":\"WebSite\",\"@id\":\"https:\\\/\\\/aconteceunovale.com.br\\\/portal\\\/#website\",\"url\":\"https:\\\/\\\/aconteceunovale.com.br\\\/portal\\\/\",\"name\":\"Aconteceu no Vale\",\"description\":\"Portal de Not\u00edcias\",\"potentialAction\":[{\"@type\":\"SearchAction\",\"target\":{\"@type\":\"EntryPoint\",\"urlTemplate\":\"https:\\\/\\\/aconteceunovale.com.br\\\/portal\\\/?s={search_term_string}\"},\"query-input\":{\"@type\":\"PropertyValueSpecification\",\"valueRequired\":true,\"valueName\":\"search_term_string\"}}],\"inLanguage\":\"pt-BR\"},{\"@type\":\"Person\",\"@id\":\"https:\\\/\\\/aconteceunovale.com.br\\\/portal\\\/#\\\/schema\\\/person\\\/633529146f2c94272bef50ac2953d589\",\"name\":\"Aconteceu no Vale\",\"description\":\"Equipe de reportagem do Aconteceu no Vale, portal de not\u00edcias do Vale do Jequitinhonha, em Minas Gerais. Cobrimos as 51 cidades do Vale desde 2013. Sugest\u00f5es de pauta e pedidos de corre\u00e7\u00e3o: contato@aconteceunovale.com.br\",\"sameAs\":[\"http:\\\/\\\/www.aconteceunovale.com.br\"],\"url\":\"https:\\\/\\\/aconteceunovale.com.br\\\/portal\\\/?author=1\"}]}<\/script>\n<!-- \/ Yoast SEO plugin. -->","yoast_head_json":{"title":"Noivos se casam \u00e0 luz de velas em Montes Claros - Aconteceu no Vale","robots":{"index":"index","follow":"follow","max-snippet":"max-snippet:-1","max-image-preview":"max-image-preview:large","max-video-preview":"max-video-preview:-1"},"canonical":"https:\/\/aconteceunovale.com.br\/portal\/?p=76901","og_locale":"pt_BR","og_type":"article","og_title":"Noivos se casam \u00e0 luz de velas em Montes Claros - Aconteceu no Vale","og_description":"\u00c0 luz de velas; assim foi realizado o casamento de Renato Adriano Nunes e C\u00e2ndida Gon\u00e7alves Freitas, neste s\u00e1bado (16\/01) na igreja dos Morrinhos, em Montes Claros, no Norte de Minas. A falta de luz foi causada por um corte de energia, que teria sido feito dias antes da cerim\u00f4nia. Segundo o Padre Gilmar Soares [&hellip;]","og_url":"https:\/\/aconteceunovale.com.br\/portal\/?p=76901","og_site_name":"Aconteceu no Vale","article_publisher":"https:\/\/www.facebook.com\/aconteceunovale\/","article_published_time":"2016-01-17T16:04:16+00:00","og_image":[{"width":600,"height":450,"url":"https:\/\/aconteceunovale.com.br\/portal\/wp-content\/uploads\/2016\/01\/casamento_sem_luz_moc_1.jpg","type":"image\/jpeg"}],"author":"Aconteceu no Vale","twitter_card":"summary_large_image","twitter_creator":"@noticiadosvales","twitter_site":"@noticiadosvales","twitter_misc":{"Escrito por":"Aconteceu no Vale","Est. tempo de leitura":"3 minutos"},"schema":{"@context":"https:\/\/schema.org","@graph":[{"@type":"Article","@id":"https:\/\/aconteceunovale.com.br\/portal\/?p=76901#article","isPartOf":{"@id":"https:\/\/aconteceunovale.com.br\/portal\/?p=76901"},"author":{"name":"Aconteceu no Vale","@id":"https:\/\/aconteceunovale.com.br\/portal\/#\/schema\/person\/633529146f2c94272bef50ac2953d589"},"headline":"Noivos se casam \u00e0 luz de velas em Montes Claros","datePublished":"2016-01-17T16:04:16+00:00","mainEntityOfPage":{"@id":"https:\/\/aconteceunovale.com.br\/portal\/?p=76901"},"wordCount":604,"commentCount":0,"image":{"@id":"https:\/\/aconteceunovale.com.br\/portal\/?p=76901#primaryimage"},"thumbnailUrl":"https:\/\/aconteceunovale.com.br\/portal\/wp-content\/uploads\/2016\/01\/casamento_sem_luz_moc_1.jpg","keywords":["apag\u00e3o em Montes Claros","C\u00e2ndida Gon\u00e7alves Freitas","casamento de Renato Adriano Nunes e C\u00e2ndida Gon\u00e7alves Freitas","casamento Montes Claros","falta de energia em Montes Claros","Montes Claros","Noivos se casam \u00e0 luz de velas em Montes Claros","Padre Gilmar Soares Martins","queda de energia em Montes Claros","Renato Adriano Nunes","Renato Adriano Nunes e C\u00e2ndida Gon\u00e7alves Freitas"],"articleSection":["Norte de Minas"],"inLanguage":"pt-BR","potentialAction":[{"@type":"CommentAction","name":"Comment","target":["https:\/\/aconteceunovale.com.br\/portal\/?p=76901#respond"]}]},{"@type":"WebPage","@id":"https:\/\/aconteceunovale.com.br\/portal\/?p=76901","url":"https:\/\/aconteceunovale.com.br\/portal\/?p=76901","name":"Noivos se casam \u00e0 luz de velas em Montes Claros - Aconteceu no Vale","isPartOf":{"@id":"https:\/\/aconteceunovale.com.br\/portal\/#website"},"primaryImageOfPage":{"@id":"https:\/\/aconteceunovale.com.br\/portal\/?p=76901#primaryimage"},"image":{"@id":"https:\/\/aconteceunovale.com.br\/portal\/?p=76901#primaryimage"},"thumbnailUrl":"https:\/\/aconteceunovale.com.br\/portal\/wp-content\/uploads\/2016\/01\/casamento_sem_luz_moc_1.jpg","datePublished":"2016-01-17T16:04:16+00:00","author":{"@id":"https:\/\/aconteceunovale.com.br\/portal\/#\/schema\/person\/633529146f2c94272bef50ac2953d589"},"breadcrumb":{"@id":"https:\/\/aconteceunovale.com.br\/portal\/?p=76901#breadcrumb"},"inLanguage":"pt-BR","potentialAction":[{"@type":"ReadAction","target":["https:\/\/aconteceunovale.com.br\/portal\/?p=76901"]}]},{"@type":"ImageObject","inLanguage":"pt-BR","@id":"https:\/\/aconteceunovale.com.br\/portal\/?p=76901#primaryimage","url":"https:\/\/aconteceunovale.com.br\/portal\/wp-content\/uploads\/2016\/01\/casamento_sem_luz_moc_1.jpg","contentUrl":"https:\/\/aconteceunovale.com.br\/portal\/wp-content\/uploads\/2016\/01\/casamento_sem_luz_moc_1.jpg","width":600,"height":450},{"@type":"BreadcrumbList","@id":"https:\/\/aconteceunovale.com.br\/portal\/?p=76901#breadcrumb","itemListElement":[{"@type":"ListItem","position":1,"name":"In\u00edcio","item":"https:\/\/aconteceunovale.com.br\/portal\/"},{"@type":"ListItem","position":2,"name":"Noivos se casam \u00e0 luz de velas em Montes Claros"}]},{"@type":"WebSite","@id":"https:\/\/aconteceunovale.com.br\/portal\/#website","url":"https:\/\/aconteceunovale.com.br\/portal\/","name":"Aconteceu no Vale","description":"Portal de Not\u00edcias","potentialAction":[{"@type":"SearchAction","target":{"@type":"EntryPoint","urlTemplate":"https:\/\/aconteceunovale.com.br\/portal\/?s={search_term_string}"},"query-input":{"@type":"PropertyValueSpecification","valueRequired":true,"valueName":"search_term_string"}}],"inLanguage":"pt-BR"},{"@type":"Person","@id":"https:\/\/aconteceunovale.com.br\/portal\/#\/schema\/person\/633529146f2c94272bef50ac2953d589","name":"Aconteceu no Vale","description":"Equipe de reportagem do Aconteceu no Vale, portal de not\u00edcias do Vale do Jequitinhonha, em Minas Gerais. Cobrimos as 51 cidades do Vale desde 2013. Sugest\u00f5es de pauta e pedidos de corre\u00e7\u00e3o: contato@aconteceunovale.com.br","sameAs":["http:\/\/www.aconteceunovale.com.br"],"url":"https:\/\/aconteceunovale.com.br\/portal\/?author=1"}]}},"_links":{"self":[{"href":"https:\/\/aconteceunovale.com.br\/portal\/index.php?rest_route=\/wp\/v2\/posts\/76901","targetHints":{"allow":["GET"]}}],"collection":[{"href":"https:\/\/aconteceunovale.com.br\/portal\/index.php?rest_route=\/wp\/v2\/posts"}],"about":[{"href":"https:\/\/aconteceunovale.com.br\/portal\/index.php?rest_route=\/wp\/v2\/types\/post"}],"author":[{"embeddable":true,"href":"https:\/\/aconteceunovale.com.br\/portal\/index.php?rest_route=\/wp\/v2\/users\/1"}],"replies":[{"embeddable":true,"href":"https:\/\/aconteceunovale.com.br\/portal\/index.php?rest_route=%2Fwp%2Fv2%2Fcomments&post=76901"}],"version-history":[{"count":0,"href":"https:\/\/aconteceunovale.com.br\/portal\/index.php?rest_route=\/wp\/v2\/posts\/76901\/revisions"}],"wp:featuredmedia":[{"embeddable":true,"href":"https:\/\/aconteceunovale.com.br\/portal\/index.php?rest_route=\/wp\/v2\/media\/76902"}],"wp:attachment":[{"href":"https:\/\/aconteceunovale.com.br\/portal\/index.php?rest_route=%2Fwp%2Fv2%2Fmedia&parent=76901"}],"wp:term":[{"taxonomy":"category","embeddable":true,"href":"https:\/\/aconteceunovale.com.br\/portal\/index.php?rest_route=%2Fwp%2Fv2%2Fcategories&post=76901"},{"taxonomy":"post_tag","embeddable":true,"href":"https:\/\/aconteceunovale.com.br\/portal\/index.php?rest_route=%2Fwp%2Fv2%2Ftags&post=76901"}],"curies":[{"name":"wp","href":"https:\/\/api.w.org\/{rel}","templated":true}]}}