{"id":76895,"date":"2016-01-17T12:49:03","date_gmt":"2016-01-17T15:49:03","guid":{"rendered":"http:\/\/aconteceunovale.com.br\/portal\/?p=76895"},"modified":"2016-01-17T12:49:03","modified_gmt":"2016-01-17T15:49:03","slug":"quatro-pessoas-da-mesma-familia-morrem-em-acidente-na-br-265-entre-barbacena-e-barroso","status":"publish","type":"post","link":"https:\/\/aconteceunovale.com.br\/portal\/?p=76895","title":{"rendered":"Quatro pessoas da mesma fam\u00edlia morrem em acidente na BR-265, entre Barbacena e Barroso"},"content":{"rendered":"<p>Quatro pessoas da mesma fam\u00edlia morreram carbonizadas em um acidente na tarde desse s\u00e1bado, 16 de janeiro, na altura do quil\u00f4metro 224 da BR-265, entre Barbacena e Barroso, na Mesorregi\u00e3o Campos das Vertentes, em Minas Gerais. Um casal, o filho e o av\u00f4 da crian\u00e7a ficaram presos \u00e0s ferragens. Chovia no momento da colis\u00e3o.<\/p>\n<p>Conforme a Pol\u00edcia Rodovi\u00e1ria, a caminhonete Ranger (placa NWA-8524 de Tiradentes\/MG) em que estavam \u00e0s v\u00edtimas invadiu a contram\u00e3o em uma curva e bateu de frente com um caminh\u00e3o (placa FYM-4633 de Embu\/SP). Com a for\u00e7a do impacto, os ve\u00edculos pegaram fogo. O motorista do caminh\u00e3o saiu ileso. Ele passou pelo teste do baf\u00f4metro, que deu negativo para ingest\u00e3o de \u00e1lcool.<\/p>\n<p>O condutor da caminhonete, Alexandre de Oliveira, de 33 anos; a mulher, Aline de Oliveira Coelho, de 29 anos; o filho deles, R.A.O, de 2 anos e o av\u00f4, Vicente Coelho, de 53 anos, tiveram morte instant\u00e2nea. Eles eram membros da mesma fam\u00edlia e naturais de Senhora dos Rem\u00e9dios\/MG. Os corpos foram encaminhados para o Instituto M\u00e9dico Legal de S\u00e3o Jo\u00e3o Del-Rei, cidade da mesma regi\u00e3o.<\/p>\n<p>Ainda segundo a Pol\u00edcia, a rodovia ficou parcialmente interditada durante os trabalhos da per\u00edcia e reboque dos ve\u00edculos.<\/p>\n<p><img decoding=\"async\" src=\"http:\/\/aconteceunovale.com.br\/portal\/wp-content\/uploads\/2016\/01\/acidente_barroso_1.jpg\" alt=\"\" \/><em>Acidente aconteceu no km 224 da BR-265 &#8211; Foto: Divulga\u00e7\u00e3o \/ Corpo de Bombeiros<\/em><br \/>\n<\/br><\/p>\n<p><img decoding=\"async\" src=\"http:\/\/aconteceunovale.com.br\/portal\/wp-content\/uploads\/2016\/01\/acidente_barroso_2.jpg\" alt=\"\" \/><em>Acidente aconteceu no km 224 da BR-265 &#8211; Foto: Divulga\u00e7\u00e3o \/ Corpo de Bombeiros<\/em><br \/>\n<\/br><\/p>\n<p><img decoding=\"async\" src=\"http:\/\/aconteceunovale.com.br\/portal\/wp-content\/uploads\/2016\/01\/acidente_barroso_3.jpg\" alt=\"\" \/><em>Acidente aconteceu no km 224 da BR-265 &#8211; Foto: Jornal Barroso em Dia<\/em><br \/>\n<\/br><\/p>\n<p><img decoding=\"async\" src=\"http:\/\/aconteceunovale.com.br\/portal\/wp-content\/uploads\/2016\/01\/acidente_barroso_4.jpg\" alt=\"\" \/><em>Acidente aconteceu no km 224 da BR-265 &#8211; Foto: Jornal Barroso em Dia<\/em><br \/>\n<\/br><\/p>\n<p><em>(Fonte: O Tempo \/ Rep\u00f3rter: Gustavo Lameira)<\/em><\/p>\n","protected":false},"excerpt":{"rendered":"<p>Quatro pessoas da mesma fam\u00edlia morreram carbonizadas em um acidente na tarde desse s\u00e1bado, 16 de janeiro, na altura do quil\u00f4metro 224 da BR-265, entre Barbacena e Barroso, na Mesorregi\u00e3o Campos das Vertentes, em Minas Gerais. Um casal, o filho e o av\u00f4 da crian\u00e7a ficaram presos \u00e0s ferragens. Chovia no momento da colis\u00e3o. Conforme [&hellip;]<\/p>\n","protected":false},"author":1,"featured_media":76899,"comment_status":"open","ping_status":"closed","sticky":false,"template":"","format":"standard","meta":{"amp_status":"","footnotes":""},"categories":[123],"tags":[74022,74019,74023,74020,74018,74017,74016,27505,74024,74025,193,6945,74021,74028,74027,74030,74029,43361,711,74026],"class_list":["post-76895","post","type-post","status-publish","format-standard","has-post-thumbnail","hentry","category-gerais","tag-acidente-com-caminhao-de-embu","tag-acidente-com-caminhonete-de-tiradentes","tag-acidente-com-familia-de-senhora-dos-remedios","tag-acidente-com-familia-de-tiradentes","tag-acidente-com-ranger-de-tiradentes","tag-acidente-em-barroso","tag-acidente-entre-barbacena-e-barroso","tag-acidente-na-br-265","tag-alexandre-de-oliveira","tag-aline-de-oliveira-coelho","tag-barbacena","tag-barroso","tag-embu","tag-entre-barbacena-e-barroso","tag-quatro-pessoas-da-mesma-familia-morrem-em-acidente-na-br-265","tag-quatro-pessoas-da-mesma-familia-morrem-em-acidente-na-br-265-em-barroso","tag-quatro-pessoas-da-mesma-familia-morrem-em-acidente-na-br-265-entre-barbacena-e-barroso","tag-senhora-dos-remedios","tag-tiradentes","tag-vicente-coelho"],"yoast_head":"<!-- This site is optimized with the Yoast SEO plugin v28.3 - https:\/\/yoast.com\/product\/yoast-seo-wordpress\/ -->\n<title>Quatro pessoas da mesma fam\u00edlia morrem em acidente na BR-265, entre Barbacena e Barroso - Aconteceu no Vale<\/title>\n<meta name=\"robots\" content=\"index, follow, max-snippet:-1, max-image-preview:large, max-video-preview:-1\" \/>\n<link rel=\"canonical\" href=\"https:\/\/aconteceunovale.com.br\/portal\/?p=76895\" \/>\n<meta property=\"og:locale\" content=\"pt_BR\" \/>\n<meta property=\"og:type\" content=\"article\" \/>\n<meta property=\"og:title\" content=\"Quatro pessoas da mesma fam\u00edlia morrem em acidente na BR-265, entre Barbacena e Barroso - Aconteceu no Vale\" \/>\n<meta property=\"og:description\" content=\"Quatro pessoas da mesma fam\u00edlia morreram carbonizadas em um acidente na tarde desse s\u00e1bado, 16 de janeiro, na altura do quil\u00f4metro 224 da BR-265, entre Barbacena e Barroso, na Mesorregi\u00e3o Campos das Vertentes, em Minas Gerais. Um casal, o filho e o av\u00f4 da crian\u00e7a ficaram presos \u00e0s ferragens. Chovia no momento da colis\u00e3o. Conforme [&hellip;]\" \/>\n<meta property=\"og:url\" content=\"https:\/\/aconteceunovale.com.br\/portal\/?p=76895\" \/>\n<meta property=\"og:site_name\" content=\"Aconteceu no Vale\" \/>\n<meta property=\"article:publisher\" content=\"https:\/\/www.facebook.com\/aconteceunovale\/\" \/>\n<meta property=\"article:published_time\" content=\"2016-01-17T15:49:03+00:00\" \/>\n<meta property=\"og:image\" content=\"https:\/\/aconteceunovale.com.br\/portal\/wp-content\/uploads\/2016\/01\/acidente_barroso_4.jpg\" \/>\n\t<meta property=\"og:image:width\" content=\"678\" \/>\n\t<meta property=\"og:image:height\" content=\"430\" \/>\n\t<meta property=\"og:image:type\" content=\"image\/jpeg\" \/>\n<meta name=\"author\" content=\"Aconteceu no Vale\" \/>\n<meta name=\"twitter:card\" content=\"summary_large_image\" \/>\n<meta name=\"twitter:creator\" content=\"@noticiadosvales\" \/>\n<meta name=\"twitter:site\" content=\"@noticiadosvales\" \/>\n<meta name=\"twitter:label1\" content=\"Escrito por\" \/>\n\t<meta name=\"twitter:data1\" content=\"Aconteceu no Vale\" \/>\n\t<meta name=\"twitter:label2\" content=\"Est. tempo de leitura\" \/>\n\t<meta name=\"twitter:data2\" content=\"1 minuto\" \/>\n<script type=\"application\/ld+json\" class=\"yoast-schema-graph\">{\"@context\":\"https:\\\/\\\/schema.org\",\"@graph\":[{\"@type\":\"Article\",\"@id\":\"https:\\\/\\\/aconteceunovale.com.br\\\/portal\\\/?p=76895#article\",\"isPartOf\":{\"@id\":\"https:\\\/\\\/aconteceunovale.com.br\\\/portal\\\/?p=76895\"},\"author\":{\"name\":\"Aconteceu no Vale\",\"@id\":\"https:\\\/\\\/aconteceunovale.com.br\\\/portal\\\/#\\\/schema\\\/person\\\/633529146f2c94272bef50ac2953d589\"},\"headline\":\"Quatro pessoas da mesma fam\u00edlia morrem em acidente na BR-265, entre Barbacena e Barroso\",\"datePublished\":\"2016-01-17T15:49:03+00:00\",\"mainEntityOfPage\":{\"@id\":\"https:\\\/\\\/aconteceunovale.com.br\\\/portal\\\/?p=76895\"},\"wordCount\":296,\"commentCount\":0,\"image\":{\"@id\":\"https:\\\/\\\/aconteceunovale.com.br\\\/portal\\\/?p=76895#primaryimage\"},\"thumbnailUrl\":\"https:\\\/\\\/aconteceunovale.com.br\\\/portal\\\/wp-content\\\/uploads\\\/2016\\\/01\\\/acidente_barroso_4.jpg\",\"keywords\":[\"acidente com caminh\u00e3o de embu\",\"acidente com caminhonete de tiradentes\",\"acidente com fam\u00edlia de senhora dos rem\u00e9dios\",\"acidente com fam\u00edlia de tiradentes\",\"acidente com ranger de tiradentes\",\"acidente em barroso\",\"acidente entre Barbacena e Barroso\",\"acidente na br 265\",\"Alexandre de Oliveira\",\"Aline de Oliveira Coelho\",\"Barbacena\",\"Barroso\",\"embu\",\"entre Barbacena e Barroso\",\"Quatro pessoas da mesma fam\u00edlia morrem em acidente na BR-265\",\"Quatro pessoas da mesma fam\u00edlia morrem em acidente na BR-265 em Barroso\",\"Quatro pessoas da mesma fam\u00edlia morrem em acidente na BR-265 entre Barbacena e Barroso\",\"Senhora dos Rem\u00e9dios\",\"Tiradentes\",\"Vicente Coelho\"],\"articleSection\":[\"Minas Gerais\"],\"inLanguage\":\"pt-BR\",\"potentialAction\":[{\"@type\":\"CommentAction\",\"name\":\"Comment\",\"target\":[\"https:\\\/\\\/aconteceunovale.com.br\\\/portal\\\/?p=76895#respond\"]}]},{\"@type\":\"WebPage\",\"@id\":\"https:\\\/\\\/aconteceunovale.com.br\\\/portal\\\/?p=76895\",\"url\":\"https:\\\/\\\/aconteceunovale.com.br\\\/portal\\\/?p=76895\",\"name\":\"Quatro pessoas da mesma fam\u00edlia morrem em acidente na BR-265, entre Barbacena e Barroso - Aconteceu no Vale\",\"isPartOf\":{\"@id\":\"https:\\\/\\\/aconteceunovale.com.br\\\/portal\\\/#website\"},\"primaryImageOfPage\":{\"@id\":\"https:\\\/\\\/aconteceunovale.com.br\\\/portal\\\/?p=76895#primaryimage\"},\"image\":{\"@id\":\"https:\\\/\\\/aconteceunovale.com.br\\\/portal\\\/?p=76895#primaryimage\"},\"thumbnailUrl\":\"https:\\\/\\\/aconteceunovale.com.br\\\/portal\\\/wp-content\\\/uploads\\\/2016\\\/01\\\/acidente_barroso_4.jpg\",\"datePublished\":\"2016-01-17T15:49:03+00:00\",\"author\":{\"@id\":\"https:\\\/\\\/aconteceunovale.com.br\\\/portal\\\/#\\\/schema\\\/person\\\/633529146f2c94272bef50ac2953d589\"},\"breadcrumb\":{\"@id\":\"https:\\\/\\\/aconteceunovale.com.br\\\/portal\\\/?p=76895#breadcrumb\"},\"inLanguage\":\"pt-BR\",\"potentialAction\":[{\"@type\":\"ReadAction\",\"target\":[\"https:\\\/\\\/aconteceunovale.com.br\\\/portal\\\/?p=76895\"]}]},{\"@type\":\"ImageObject\",\"inLanguage\":\"pt-BR\",\"@id\":\"https:\\\/\\\/aconteceunovale.com.br\\\/portal\\\/?p=76895#primaryimage\",\"url\":\"https:\\\/\\\/aconteceunovale.com.br\\\/portal\\\/wp-content\\\/uploads\\\/2016\\\/01\\\/acidente_barroso_4.jpg\",\"contentUrl\":\"https:\\\/\\\/aconteceunovale.com.br\\\/portal\\\/wp-content\\\/uploads\\\/2016\\\/01\\\/acidente_barroso_4.jpg\",\"width\":678,\"height\":430},{\"@type\":\"BreadcrumbList\",\"@id\":\"https:\\\/\\\/aconteceunovale.com.br\\\/portal\\\/?p=76895#breadcrumb\",\"itemListElement\":[{\"@type\":\"ListItem\",\"position\":1,\"name\":\"In\u00edcio\",\"item\":\"https:\\\/\\\/aconteceunovale.com.br\\\/portal\\\/\"},{\"@type\":\"ListItem\",\"position\":2,\"name\":\"Quatro pessoas da mesma fam\u00edlia morrem em acidente na BR-265, entre Barbacena e Barroso\"}]},{\"@type\":\"WebSite\",\"@id\":\"https:\\\/\\\/aconteceunovale.com.br\\\/portal\\\/#website\",\"url\":\"https:\\\/\\\/aconteceunovale.com.br\\\/portal\\\/\",\"name\":\"Aconteceu no Vale\",\"description\":\"Portal de Not\u00edcias\",\"potentialAction\":[{\"@type\":\"SearchAction\",\"target\":{\"@type\":\"EntryPoint\",\"urlTemplate\":\"https:\\\/\\\/aconteceunovale.com.br\\\/portal\\\/?s={search_term_string}\"},\"query-input\":{\"@type\":\"PropertyValueSpecification\",\"valueRequired\":true,\"valueName\":\"search_term_string\"}}],\"inLanguage\":\"pt-BR\"},{\"@type\":\"Person\",\"@id\":\"https:\\\/\\\/aconteceunovale.com.br\\\/portal\\\/#\\\/schema\\\/person\\\/633529146f2c94272bef50ac2953d589\",\"name\":\"Aconteceu no Vale\",\"description\":\"Equipe de reportagem do Aconteceu no Vale, portal de not\u00edcias do Vale do Jequitinhonha, em Minas Gerais. Cobrimos as 51 cidades do Vale desde 2013. Sugest\u00f5es de pauta e pedidos de corre\u00e7\u00e3o: contato@aconteceunovale.com.br\",\"sameAs\":[\"http:\\\/\\\/www.aconteceunovale.com.br\"],\"url\":\"https:\\\/\\\/aconteceunovale.com.br\\\/portal\\\/?author=1\"}]}<\/script>\n<!-- \/ Yoast SEO plugin. -->","yoast_head_json":{"title":"Quatro pessoas da mesma fam\u00edlia morrem em acidente na BR-265, entre Barbacena e Barroso - Aconteceu no Vale","robots":{"index":"index","follow":"follow","max-snippet":"max-snippet:-1","max-image-preview":"max-image-preview:large","max-video-preview":"max-video-preview:-1"},"canonical":"https:\/\/aconteceunovale.com.br\/portal\/?p=76895","og_locale":"pt_BR","og_type":"article","og_title":"Quatro pessoas da mesma fam\u00edlia morrem em acidente na BR-265, entre Barbacena e Barroso - Aconteceu no Vale","og_description":"Quatro pessoas da mesma fam\u00edlia morreram carbonizadas em um acidente na tarde desse s\u00e1bado, 16 de janeiro, na altura do quil\u00f4metro 224 da BR-265, entre Barbacena e Barroso, na Mesorregi\u00e3o Campos das Vertentes, em Minas Gerais. Um casal, o filho e o av\u00f4 da crian\u00e7a ficaram presos \u00e0s ferragens. Chovia no momento da colis\u00e3o. Conforme [&hellip;]","og_url":"https:\/\/aconteceunovale.com.br\/portal\/?p=76895","og_site_name":"Aconteceu no Vale","article_publisher":"https:\/\/www.facebook.com\/aconteceunovale\/","article_published_time":"2016-01-17T15:49:03+00:00","og_image":[{"width":678,"height":430,"url":"https:\/\/aconteceunovale.com.br\/portal\/wp-content\/uploads\/2016\/01\/acidente_barroso_4.jpg","type":"image\/jpeg"}],"author":"Aconteceu no Vale","twitter_card":"summary_large_image","twitter_creator":"@noticiadosvales","twitter_site":"@noticiadosvales","twitter_misc":{"Escrito por":"Aconteceu no Vale","Est. tempo de leitura":"1 minuto"},"schema":{"@context":"https:\/\/schema.org","@graph":[{"@type":"Article","@id":"https:\/\/aconteceunovale.com.br\/portal\/?p=76895#article","isPartOf":{"@id":"https:\/\/aconteceunovale.com.br\/portal\/?p=76895"},"author":{"name":"Aconteceu no Vale","@id":"https:\/\/aconteceunovale.com.br\/portal\/#\/schema\/person\/633529146f2c94272bef50ac2953d589"},"headline":"Quatro pessoas da mesma fam\u00edlia morrem em acidente na BR-265, entre Barbacena e Barroso","datePublished":"2016-01-17T15:49:03+00:00","mainEntityOfPage":{"@id":"https:\/\/aconteceunovale.com.br\/portal\/?p=76895"},"wordCount":296,"commentCount":0,"image":{"@id":"https:\/\/aconteceunovale.com.br\/portal\/?p=76895#primaryimage"},"thumbnailUrl":"https:\/\/aconteceunovale.com.br\/portal\/wp-content\/uploads\/2016\/01\/acidente_barroso_4.jpg","keywords":["acidente com caminh\u00e3o de embu","acidente com caminhonete de tiradentes","acidente com fam\u00edlia de senhora dos rem\u00e9dios","acidente com fam\u00edlia de tiradentes","acidente com ranger de tiradentes","acidente em barroso","acidente entre Barbacena e Barroso","acidente na br 265","Alexandre de Oliveira","Aline de Oliveira Coelho","Barbacena","Barroso","embu","entre Barbacena e Barroso","Quatro pessoas da mesma fam\u00edlia morrem em acidente na BR-265","Quatro pessoas da mesma fam\u00edlia morrem em acidente na BR-265 em Barroso","Quatro pessoas da mesma fam\u00edlia morrem em acidente na BR-265 entre Barbacena e Barroso","Senhora dos Rem\u00e9dios","Tiradentes","Vicente Coelho"],"articleSection":["Minas Gerais"],"inLanguage":"pt-BR","potentialAction":[{"@type":"CommentAction","name":"Comment","target":["https:\/\/aconteceunovale.com.br\/portal\/?p=76895#respond"]}]},{"@type":"WebPage","@id":"https:\/\/aconteceunovale.com.br\/portal\/?p=76895","url":"https:\/\/aconteceunovale.com.br\/portal\/?p=76895","name":"Quatro pessoas da mesma fam\u00edlia morrem em acidente na BR-265, entre Barbacena e Barroso - Aconteceu no Vale","isPartOf":{"@id":"https:\/\/aconteceunovale.com.br\/portal\/#website"},"primaryImageOfPage":{"@id":"https:\/\/aconteceunovale.com.br\/portal\/?p=76895#primaryimage"},"image":{"@id":"https:\/\/aconteceunovale.com.br\/portal\/?p=76895#primaryimage"},"thumbnailUrl":"https:\/\/aconteceunovale.com.br\/portal\/wp-content\/uploads\/2016\/01\/acidente_barroso_4.jpg","datePublished":"2016-01-17T15:49:03+00:00","author":{"@id":"https:\/\/aconteceunovale.com.br\/portal\/#\/schema\/person\/633529146f2c94272bef50ac2953d589"},"breadcrumb":{"@id":"https:\/\/aconteceunovale.com.br\/portal\/?p=76895#breadcrumb"},"inLanguage":"pt-BR","potentialAction":[{"@type":"ReadAction","target":["https:\/\/aconteceunovale.com.br\/portal\/?p=76895"]}]},{"@type":"ImageObject","inLanguage":"pt-BR","@id":"https:\/\/aconteceunovale.com.br\/portal\/?p=76895#primaryimage","url":"https:\/\/aconteceunovale.com.br\/portal\/wp-content\/uploads\/2016\/01\/acidente_barroso_4.jpg","contentUrl":"https:\/\/aconteceunovale.com.br\/portal\/wp-content\/uploads\/2016\/01\/acidente_barroso_4.jpg","width":678,"height":430},{"@type":"BreadcrumbList","@id":"https:\/\/aconteceunovale.com.br\/portal\/?p=76895#breadcrumb","itemListElement":[{"@type":"ListItem","position":1,"name":"In\u00edcio","item":"https:\/\/aconteceunovale.com.br\/portal\/"},{"@type":"ListItem","position":2,"name":"Quatro pessoas da mesma fam\u00edlia morrem em acidente na BR-265, entre Barbacena e Barroso"}]},{"@type":"WebSite","@id":"https:\/\/aconteceunovale.com.br\/portal\/#website","url":"https:\/\/aconteceunovale.com.br\/portal\/","name":"Aconteceu no Vale","description":"Portal de Not\u00edcias","potentialAction":[{"@type":"SearchAction","target":{"@type":"EntryPoint","urlTemplate":"https:\/\/aconteceunovale.com.br\/portal\/?s={search_term_string}"},"query-input":{"@type":"PropertyValueSpecification","valueRequired":true,"valueName":"search_term_string"}}],"inLanguage":"pt-BR"},{"@type":"Person","@id":"https:\/\/aconteceunovale.com.br\/portal\/#\/schema\/person\/633529146f2c94272bef50ac2953d589","name":"Aconteceu no Vale","description":"Equipe de reportagem do Aconteceu no Vale, portal de not\u00edcias do Vale do Jequitinhonha, em Minas Gerais. Cobrimos as 51 cidades do Vale desde 2013. Sugest\u00f5es de pauta e pedidos de corre\u00e7\u00e3o: contato@aconteceunovale.com.br","sameAs":["http:\/\/www.aconteceunovale.com.br"],"url":"https:\/\/aconteceunovale.com.br\/portal\/?author=1"}]}},"_links":{"self":[{"href":"https:\/\/aconteceunovale.com.br\/portal\/index.php?rest_route=\/wp\/v2\/posts\/76895","targetHints":{"allow":["GET"]}}],"collection":[{"href":"https:\/\/aconteceunovale.com.br\/portal\/index.php?rest_route=\/wp\/v2\/posts"}],"about":[{"href":"https:\/\/aconteceunovale.com.br\/portal\/index.php?rest_route=\/wp\/v2\/types\/post"}],"author":[{"embeddable":true,"href":"https:\/\/aconteceunovale.com.br\/portal\/index.php?rest_route=\/wp\/v2\/users\/1"}],"replies":[{"embeddable":true,"href":"https:\/\/aconteceunovale.com.br\/portal\/index.php?rest_route=%2Fwp%2Fv2%2Fcomments&post=76895"}],"version-history":[{"count":0,"href":"https:\/\/aconteceunovale.com.br\/portal\/index.php?rest_route=\/wp\/v2\/posts\/76895\/revisions"}],"wp:featuredmedia":[{"embeddable":true,"href":"https:\/\/aconteceunovale.com.br\/portal\/index.php?rest_route=\/wp\/v2\/media\/76899"}],"wp:attachment":[{"href":"https:\/\/aconteceunovale.com.br\/portal\/index.php?rest_route=%2Fwp%2Fv2%2Fmedia&parent=76895"}],"wp:term":[{"taxonomy":"category","embeddable":true,"href":"https:\/\/aconteceunovale.com.br\/portal\/index.php?rest_route=%2Fwp%2Fv2%2Fcategories&post=76895"},{"taxonomy":"post_tag","embeddable":true,"href":"https:\/\/aconteceunovale.com.br\/portal\/index.php?rest_route=%2Fwp%2Fv2%2Ftags&post=76895"}],"curies":[{"name":"wp","href":"https:\/\/api.w.org\/{rel}","templated":true}]}}