{"id":76851,"date":"2016-01-16T17:22:31","date_gmt":"2016-01-16T20:22:31","guid":{"rendered":"http:\/\/aconteceunovale.com.br\/portal\/?p=76851"},"modified":"2016-01-16T17:22:31","modified_gmt":"2016-01-16T20:22:31","slug":"membros-da-liga-camponesa-ocupam-fazenda-onde-lider-foi-morto-no-norte-de-minas","status":"publish","type":"post","link":"https:\/\/aconteceunovale.com.br\/portal\/?p=76851","title":{"rendered":"Membros da Liga Camponesa ocupam fazenda onde l\u00edder foi morto no Norte de Minas"},"content":{"rendered":"<p>Membros da Liga dos Camponeses Pobres do Norte de Minas e Bahia ocuparam nessa quinta-feira (14\/01) as terras da Fazenda S\u00e3o Jo\u00e3o, em Pedras de Maria da Cruz (MG). De acordo com o Comit\u00ea de Apoio \u00e0 Luta pela Terra, 35 fam\u00edlias j\u00e1 vivem em 50 hectares desta fazenda e aguardam, desde 2008, a regulariza\u00e7\u00e3o destas terras.<\/p>\n<p>Outro motivo cobrado durante a nova ocupa\u00e7\u00e3o \u00e9 a puni\u00e7\u00e3o dos mandantes do assassinato do l\u00edder campon\u00eas Cleomar Rodrigues, morto em outubro de 2014. \u201cDois pistoleiros foram presos e hoje respondem em liberdade, mas os mandantes ainda n\u00e3o receberam nenhuma puni\u00e7\u00e3o\u201d, lamenta um representante do Comit\u00ea, que n\u00e3o quis se identificar.<\/p>\n<p>Os ocupantes estenderam faixas com homenagens \u00e0 Cleomar Rodrigues pr\u00f3xima ao local onde ele foi encontrado ca\u00eddo.<\/p>\n<p>A PM foi chamada pelo diretor da fazenda, e, no local, os ocupantes disseram \u00e0 pol\u00edcia que n\u00e3o tinha nenhum lider que pudesse falar pelo grupo. O diretor da fazenda, Ant\u00f4nio Vinagre, informou a imprensa que a ocupa\u00e7\u00e3o \u00e9 pac\u00edfica e eles seguem negociando.<\/p>\n<p>Ainda de acordo com o Comit\u00ea de Apoio \u00e0 Luta pela Terra, o grupo permanece no local.<\/p>\n<p><strong>Morte Cleomar<\/strong><\/p>\n<p>O dirigente da Liga dos Camponeses Pobres do Norte de Minas e Bahia, Cleomar Rodrigues, de 49 anos, foi morto com um tiro no dia 22 de outubrio de 2014. Ele foi encontrado na MG-161, no KM-8, perto de uma cancela, na zona rural de  Pedras de Maria da Cruz (MG).<\/p>\n<p>Duas semanas depois, Marcos Ribeiro Gusm\u00e3o, gerente de uma fazenda, e Marco Aur\u00e9lio da Cruz Silva, servidor p\u00fablico, foram apresentados pela Pol\u00edcia Civil de Janu\u00e1ria como os principais suspeitos da morte do l\u00edder do assentamento Unidos com Deus Venceremos.<\/p>\n<p><img decoding=\"async\" src=\"http:\/\/aconteceunovale.com.br\/portal\/wp-content\/uploads\/2016\/01\/lpc_nm.jpg\" alt=\"\" \/><em>Grupo estendeu faixas em homenagem a Cleomar Rodrigues (Foto: Divulga\u00e7\u00e3o \/ LCP)<\/em><br \/>\n<\/br><\/p>\n<p><em>(Fonte: Inter TV Grande Minas \/ G1)<\/em><\/p>\n","protected":false},"excerpt":{"rendered":"<p>Membros da Liga dos Camponeses Pobres do Norte de Minas e Bahia ocuparam nessa quinta-feira (14\/01) as terras da Fazenda S\u00e3o Jo\u00e3o, em Pedras de Maria da Cruz (MG). De acordo com o Comit\u00ea de Apoio \u00e0 Luta pela Terra, 35 fam\u00edlias j\u00e1 vivem em 50 hectares desta fazenda e aguardam, desde 2008, a regulariza\u00e7\u00e3o [&hellip;]<\/p>\n","protected":false},"author":1,"featured_media":76852,"comment_status":"open","ping_status":"closed","sticky":false,"template":"","format":"standard","meta":{"amp_status":"","footnotes":""},"categories":[1236],"tags":[20038,73898,205,20037,21297,21298,73899,73897,3723],"class_list":["post-76851","post","type-post","status-publish","format-standard","has-post-thumbnail","hentry","category-norte_de_minas","tag-cleomar-rodrigues","tag-fazenda-sao-joao","tag-januaria","tag-liga-dos-camponeses-pobres-do-norte-de-minas-e-bahia","tag-marco-aurelio-da-cruz-silva","tag-marcos-ribeiro-gusmao","tag-membros-da-liga-camponesa-ocupam-fazenda-onde-lider-foi-morto-em-pedras-de-maria-da-cruz","tag-membros-da-liga-camponesa-ocupam-fazenda-onde-lider-foi-morto-no-norte-de-minas","tag-pedras-de-maria-da-cruz"],"_links":{"self":[{"href":"https:\/\/aconteceunovale.com.br\/portal\/index.php?rest_route=\/wp\/v2\/posts\/76851","targetHints":{"allow":["GET"]}}],"collection":[{"href":"https:\/\/aconteceunovale.com.br\/portal\/index.php?rest_route=\/wp\/v2\/posts"}],"about":[{"href":"https:\/\/aconteceunovale.com.br\/portal\/index.php?rest_route=\/wp\/v2\/types\/post"}],"author":[{"embeddable":true,"href":"https:\/\/aconteceunovale.com.br\/portal\/index.php?rest_route=\/wp\/v2\/users\/1"}],"replies":[{"embeddable":true,"href":"https:\/\/aconteceunovale.com.br\/portal\/index.php?rest_route=%2Fwp%2Fv2%2Fcomments&post=76851"}],"version-history":[{"count":0,"href":"https:\/\/aconteceunovale.com.br\/portal\/index.php?rest_route=\/wp\/v2\/posts\/76851\/revisions"}],"wp:featuredmedia":[{"embeddable":true,"href":"https:\/\/aconteceunovale.com.br\/portal\/index.php?rest_route=\/wp\/v2\/media\/76852"}],"wp:attachment":[{"href":"https:\/\/aconteceunovale.com.br\/portal\/index.php?rest_route=%2Fwp%2Fv2%2Fmedia&parent=76851"}],"wp:term":[{"taxonomy":"category","embeddable":true,"href":"https:\/\/aconteceunovale.com.br\/portal\/index.php?rest_route=%2Fwp%2Fv2%2Fcategories&post=76851"},{"taxonomy":"post_tag","embeddable":true,"href":"https:\/\/aconteceunovale.com.br\/portal\/index.php?rest_route=%2Fwp%2Fv2%2Ftags&post=76851"}],"curies":[{"name":"wp","href":"https:\/\/api.w.org\/{rel}","templated":true}]}}