{"id":76815,"date":"2016-01-15T20:29:17","date_gmt":"2016-01-15T23:29:17","guid":{"rendered":"http:\/\/aconteceunovale.com.br\/portal\/?p=76815"},"modified":"2016-01-15T20:29:17","modified_gmt":"2016-01-15T23:29:17","slug":"estudantes-sao-assaltadas-dentro-do-campus-sao-joao-evangelista-do-ifmg","status":"publish","type":"post","link":"https:\/\/aconteceunovale.com.br\/portal\/?p=76815","title":{"rendered":"Estudantes s\u00e3o assaltadas dentro do Campus S\u00e3o Jo\u00e3o Evangelista do IFMG"},"content":{"rendered":"<p>Duas alunas do Curso Superior de Licenciatura em Matem\u00e1tica foram assaltadas na noite dessa quinta-feira, 14 de janeiro, dentro do Campus S\u00e3o Jo\u00e3o Evangelista do Instituto Federal de Minas Gerais (IFMG). O crime aconteceu por volta das 21 horas e um dos autores foi preso pela Pol\u00edcia Militar (PM).<\/p>\n<p>As v\u00edtimas retornavam para casa, quando foram abordadas por dois indiv\u00edduos encapuzados e armados com facas nas proximidades do campo de futebol da institui\u00e7\u00e3o. Os criminosos subtra\u00edram dois telefones celulares e uma quantia em dinheiro. Uma das estudantes, que est\u00e1 gr\u00e1vida de sete meses, ficou muito nervosa e foi encaminhada para o hospital local.<\/p>\n<p><strong>Pol\u00edcia prendeu um dos autores<\/strong><\/p>\n<p>A Pol\u00edcia Militar foi acionada para registro da ocorr\u00eancia e imediatamente iniciou rastreamentos com intuito de localizar os autores. Ainda na noite de ontem, militares prenderam um suspeito, que foi reconhecido pelas v\u00edtimas. Segundo informa\u00e7\u00f5es, o rapaz reside em Governador Valadares e estaria visitando familiares em S\u00e3o Jo\u00e3o Evangelista.<\/p>\n<p>O suspeito foi conduzido \u00e0 Delegacia de Pol\u00edcia Civil para demais provid\u00eancias. O comparsa ainda n\u00e3o foi localizado pela Pol\u00edcia. <\/p>\n","protected":false},"excerpt":{"rendered":"<p>Duas alunas do Curso Superior de Licenciatura em Matem\u00e1tica foram assaltadas na noite dessa quinta-feira, 14 de janeiro, dentro do Campus S\u00e3o Jo\u00e3o Evangelista do Instituto Federal de Minas Gerais (IFMG). O crime aconteceu por volta das 21 horas e um dos autores foi preso pela Pol\u00edcia Militar (PM). As v\u00edtimas retornavam para casa, quando [&hellip;]<\/p>\n","protected":false},"author":1,"featured_media":71442,"comment_status":"open","ping_status":"closed","sticky":false,"template":"","format":"standard","meta":{"amp_status":"","footnotes":""},"categories":[121],"tags":[31053,73830,73836,37410,73833,73829,73832,73834,73831,73835],"class_list":["post-76815","post","type-post","status-publish","format-standard","has-post-thumbnail","hentry","category-leste","tag-assalto-em-sao-joao-evangelista","tag-assalto-no-campus-sao-joao-evangelista-do-ifmg","tag-assalto-no-ifmg-sao-joao-evangelista","tag-campus-sao-joao-evangelista-do-ifmg","tag-de-roubo-a-mao-armada-dentro-do-campus-do-ifmg-em-sao-joao-evangelista","tag-estudantes-sao-assaltadas-dentro-do-campus-sao-joao-evangelista-do-ifmg","tag-estudantes-sao-vitimas-de-roubo-a-mao-armada-dentro-do-campus-do-ifmg-em-sao-joao-evangelista","tag-roubo-em-sao-joao-evangelista","tag-roubo-no-campus-sao-joao-evangelista-do-ifmg","tag-roubo-no-ifmg-sao-joao-evangelista"],"_links":{"self":[{"href":"https:\/\/aconteceunovale.com.br\/portal\/index.php?rest_route=\/wp\/v2\/posts\/76815","targetHints":{"allow":["GET"]}}],"collection":[{"href":"https:\/\/aconteceunovale.com.br\/portal\/index.php?rest_route=\/wp\/v2\/posts"}],"about":[{"href":"https:\/\/aconteceunovale.com.br\/portal\/index.php?rest_route=\/wp\/v2\/types\/post"}],"author":[{"embeddable":true,"href":"https:\/\/aconteceunovale.com.br\/portal\/index.php?rest_route=\/wp\/v2\/users\/1"}],"replies":[{"embeddable":true,"href":"https:\/\/aconteceunovale.com.br\/portal\/index.php?rest_route=%2Fwp%2Fv2%2Fcomments&post=76815"}],"version-history":[{"count":0,"href":"https:\/\/aconteceunovale.com.br\/portal\/index.php?rest_route=\/wp\/v2\/posts\/76815\/revisions"}],"wp:featuredmedia":[{"embeddable":true,"href":"https:\/\/aconteceunovale.com.br\/portal\/index.php?rest_route=\/wp\/v2\/media\/71442"}],"wp:attachment":[{"href":"https:\/\/aconteceunovale.com.br\/portal\/index.php?rest_route=%2Fwp%2Fv2%2Fmedia&parent=76815"}],"wp:term":[{"taxonomy":"category","embeddable":true,"href":"https:\/\/aconteceunovale.com.br\/portal\/index.php?rest_route=%2Fwp%2Fv2%2Fcategories&post=76815"},{"taxonomy":"post_tag","embeddable":true,"href":"https:\/\/aconteceunovale.com.br\/portal\/index.php?rest_route=%2Fwp%2Fv2%2Ftags&post=76815"}],"curies":[{"name":"wp","href":"https:\/\/api.w.org\/{rel}","templated":true}]}}