{"id":76789,"date":"2016-01-15T16:23:35","date_gmt":"2016-01-15T19:23:35","guid":{"rendered":"http:\/\/aconteceunovale.com.br\/portal\/?p=76789"},"modified":"2016-01-15T16:23:35","modified_gmt":"2016-01-15T19:23:35","slug":"ministerio-publico-de-minas-gerais-vai-investigar-destino-das-doacoes-as-vitimas-de-mariana","status":"publish","type":"post","link":"https:\/\/aconteceunovale.com.br\/portal\/?p=76789","title":{"rendered":"Minist\u00e9rio P\u00fablico de Minas Gerais vai investigar destino das doa\u00e7\u00f5es \u00e0s v\u00edtimas de Mariana"},"content":{"rendered":"<p>O Minist\u00e9rio P\u00fablico de Minas Gerais abriu inqu\u00e9rito nessa quinta-feira (14) para fiscalizar a origem e a destina\u00e7\u00e3o dos valores doados para as v\u00edtimas do rompimento da Barragem de Fund\u00e3o, no dia 5 de novembro, em Mariana.<\/p>\n<p>Um conselho \u2013 formado por representantes das comunidades, da Ordem dos Advogados do Brasil, Arquidiocese de Mariana, Associa\u00e7\u00e3o Comercial, prefeitura e do Instituto Federal de Minas Gerais \u2013 definiu que o valor de R$ 1.025.000,00 ser\u00e1 dividido em cotas iguais entre as fam\u00edlias atingidas.<\/p>\n<p>O conselho definiu ainda que qualquer import\u00e2ncia arrecadada, de agora em diante, ser\u00e1 destinada \u00e0s crian\u00e7as v\u00edtimas da trag\u00e9dia, por meio de um fundo de amparo de longo prazo, a que os benefici\u00e1rios ter\u00e3o acesso ao atingir a maioridade.<\/p>\n<p>Segundo a prefeitura de Mariana, o conselho publicar\u00e1 nos pr\u00f3ximos dias um edital com o nome do respons\u00e1vel por cada fam\u00edlia beneficiada. Al\u00e9m disso, ser\u00e1 aberto prazo para a impugna\u00e7\u00e3o do nome ou acr\u00e9scimo de outro que n\u00e3o tenha sido inclu\u00eddo.<\/p>\n<p>O cadastro das fam\u00edlias foi feito pela Mineradora Samarco quando, em a\u00e7\u00e3o judicial, ocorrida em 23 de dezembro de 2015, concedeu antecipa\u00e7\u00e3o de indeniza\u00e7\u00e3o aos atingidos. Aquelas fam\u00edlias, reconhecidas em ju\u00edzo como afetadas pela trag\u00e9dia, ter\u00e3o direito \u00e0 cota da distribui\u00e7\u00e3o.<\/p>\n<p>A prefeitura informou que todas as doa\u00e7\u00f5es foram recebidas de pessoas f\u00edsicas, empres\u00e1rios e um banco privado, que todas as doa\u00e7\u00f5es ser\u00e3o comprovadas e as contas prestadas depois de destinadas \u00e0s fam\u00edlias. (Ag\u00eancia Brasil)<\/p>\n","protected":false},"excerpt":{"rendered":"<p>O Minist\u00e9rio P\u00fablico de Minas Gerais abriu inqu\u00e9rito nessa quinta-feira (14) para fiscalizar a origem e a destina\u00e7\u00e3o dos valores doados para as v\u00edtimas do rompimento da Barragem de Fund\u00e3o, no dia 5 de novembro, em Mariana. Um conselho \u2013 formado por representantes das comunidades, da Ordem dos Advogados do Brasil, Arquidiocese de Mariana, Associa\u00e7\u00e3o [&hellip;]<\/p>\n","protected":false},"author":1,"featured_media":76790,"comment_status":"open","ping_status":"closed","sticky":false,"template":"","format":"standard","meta":{"amp_status":"","footnotes":""},"categories":[123],"tags":[65330,59520,73775,24411,73776,47659,7363,27655,73774,65597,32642,65289,65291,65288,65333],"class_list":["post-76789","post","type-post","status-publish","format-standard","has-post-thumbnail","hentry","category-gerais","tag-barragem","tag-bento-rodrigues","tag-destino-das-doacoes-as-vitimas-de-mariana","tag-doacoes","tag-doacoes-as-vitimas-de-mariana","tag-investigacao","tag-mariana","tag-ministerio-publico","tag-ministerio-publico-de-minas-gerais-vai-investigar-destino-das-doacoes-as-vitimas-de-mariana","tag-rompimento","tag-samarco","tag-tragedia-bento-rodrigues","tag-tragedia-mariana","tag-tragedia-samarco","tag-vitimas"],"_links":{"self":[{"href":"https:\/\/aconteceunovale.com.br\/portal\/index.php?rest_route=\/wp\/v2\/posts\/76789","targetHints":{"allow":["GET"]}}],"collection":[{"href":"https:\/\/aconteceunovale.com.br\/portal\/index.php?rest_route=\/wp\/v2\/posts"}],"about":[{"href":"https:\/\/aconteceunovale.com.br\/portal\/index.php?rest_route=\/wp\/v2\/types\/post"}],"author":[{"embeddable":true,"href":"https:\/\/aconteceunovale.com.br\/portal\/index.php?rest_route=\/wp\/v2\/users\/1"}],"replies":[{"embeddable":true,"href":"https:\/\/aconteceunovale.com.br\/portal\/index.php?rest_route=%2Fwp%2Fv2%2Fcomments&post=76789"}],"version-history":[{"count":0,"href":"https:\/\/aconteceunovale.com.br\/portal\/index.php?rest_route=\/wp\/v2\/posts\/76789\/revisions"}],"wp:featuredmedia":[{"embeddable":true,"href":"https:\/\/aconteceunovale.com.br\/portal\/index.php?rest_route=\/wp\/v2\/media\/76790"}],"wp:attachment":[{"href":"https:\/\/aconteceunovale.com.br\/portal\/index.php?rest_route=%2Fwp%2Fv2%2Fmedia&parent=76789"}],"wp:term":[{"taxonomy":"category","embeddable":true,"href":"https:\/\/aconteceunovale.com.br\/portal\/index.php?rest_route=%2Fwp%2Fv2%2Fcategories&post=76789"},{"taxonomy":"post_tag","embeddable":true,"href":"https:\/\/aconteceunovale.com.br\/portal\/index.php?rest_route=%2Fwp%2Fv2%2Ftags&post=76789"}],"curies":[{"name":"wp","href":"https:\/\/api.w.org\/{rel}","templated":true}]}}