{"id":76784,"date":"2016-01-15T15:55:37","date_gmt":"2016-01-15T18:55:37","guid":{"rendered":"http:\/\/aconteceunovale.com.br\/portal\/?p=76784"},"modified":"2016-01-15T15:55:37","modified_gmt":"2016-01-15T18:55:37","slug":"governo-de-minas-vai-parcelar-salarios-de-servidores-que-ganham-acima-de-r-3-mil","status":"publish","type":"post","link":"https:\/\/aconteceunovale.com.br\/portal\/?p=76784","title":{"rendered":"Governo de Minas vai parcelar sal\u00e1rios de servidores que ganham acima de R$ 3 mil"},"content":{"rendered":"<p>Os secret\u00e1rios de Estado de Planejamento e Gest\u00e3o, Helv\u00e9cio Magalh\u00e3es, e de Fazenda, Jos\u00e9 Afonso Bicalho, se reuniram nesta sexta-feira (15\/1) com representantes de cerca de 40 sindicatos e associa\u00e7\u00f5es que representam os servidores estaduais para anunciar o calend\u00e1rio de pagamento do funcionalismo referente aos meses de janeiro, fevereiro e mar\u00e7o.<\/p>\n<p>Os sal\u00e1rios referentes aos meses de janeiro, fevereiro e mar\u00e7o ser\u00e3o pagos em parcelas para os servidores que recebem mais de R$ 3.000 de sal\u00e1rio l\u00edquido, ou seja, descontando a contribui\u00e7\u00e3o previdenci\u00e1ria e o imposto de renda.<\/p>\n<p>Assim, os servidores que ganham at\u00e9 R$ 3 mil, o que representa 75% do funcionalismo p\u00fablico (477 mil servidores estaduais), receber\u00e3o normalmente \u2013 e integralmente &#8211; no quinto dia \u00fatil (5 de fevereiro, 7 de mar\u00e7o e 7 de abril).<\/p>\n<p>Quem tem sal\u00e1rio de at\u00e9 R$ 6 mil, que corresponde a 17% do funcionalismo, vai receber R$ 3 mil no dia 5 de fevereiro e o restante no dia 12. Em mar\u00e7o, os pagamentos ser\u00e3o feitos nos dias 7 e 11. Em abril, os vencimentos ser\u00e3o em 7 e 12.<\/p>\n<p>Os servidores que t\u00eam o sal\u00e1rio maior que R$ 6 mil, que correspondem a 8% do funcionalismo, v\u00e3o receber R$ 3 mil no dia 5 de fevereiro, R$ 3 mil em 12 e o restante no dia 16. Em mar\u00e7o, os pagamentos ser\u00e3o nos dias 7, 11 e 16. Em abril, os servidores v\u00e3o receber nos dias 7, 12 e 15.<\/p>\n<p>Dessa forma, os servidores com at\u00e9 R$ 3 mil de sal\u00e1rio l\u00edquido receber\u00e3o o sal\u00e1rio integral em parcela \u00fanica, at\u00e9 R$ 6 mil parcelado em duas vezes e acima de R$ 6 mil parcelado em tr\u00eas vezes.<\/p>\n<p>Os secret\u00e1rios esclareceram tamb\u00e9m os esfor\u00e7os que est\u00e3o sendo feitos para controlar as despesas, estimular a arrecada\u00e7\u00e3o de tributos e implementar mudan\u00e7as administrativas, a fim de superar as atuais dificuldades financeiras e, principalmente, garantir a folha de remunera\u00e7\u00f5es dos servidores estaduais.<\/p>\n<p>Em fevereiro, no in\u00edcio do ano legislativo, ser\u00e1 enviado para a Assembleia Legislativa de Minas Gerais um projeto de reforma administrativa com medidas de conten\u00e7\u00e3o de gastos que ser\u00e3o anunciadas na ocasi\u00e3o.<\/p>\n<p>Os secret\u00e1rios lembraram que o Governo de Minas Gerais j\u00e1 est\u00e1 reduzindo gastos para equilibrar a situa\u00e7\u00e3o financeira. Entre as a\u00e7\u00f5es j\u00e1 tomadas, destacam-se:<\/p>\n<p>&#8211; 39,9% de redu\u00e7\u00e3o de despesas com a m\u00e1quina p\u00fablica;<\/p>\n<p>&#8211; Quase R$ 3 milh\u00f5es economizados com redu\u00e7\u00e3o de energia el\u00e9trica;<\/p>\n<p>&#8211; Mais de R$ 17 milh\u00f5es economizados com redu\u00e7\u00e3o do consumo de \u00e1gua;<\/p>\n<p>&#8211; 51,14% de redu\u00e7\u00e3o nos valores gastos com di\u00e1rias;<\/p>\n<p>&#8211; 56,21% de redu\u00e7\u00e3o nos valores gastos com passagens;<\/p>\n<p>&#8211; Quase R$ 1 milh\u00e3o de economia com revis\u00e3o de contratos com fornecedores;<\/p>\n<p>&#8211; Quase R$ 1 milh\u00e3o de economia com implanta\u00e7\u00e3o de gest\u00e3o de documentos;<\/p>\n<p>&#8211; Redu\u00e7\u00e3o de 112 para 55 ve\u00edculos na frota que atende \u00e0 Cidade Administrativa;<\/p>\n<p>&#8211; R$ 18 milh\u00f5es em economia com redu\u00e7\u00e3o de consumo de combust\u00edvel;<\/p>\n<p>&#8211; Economia de R$ 4 milh\u00f5es na implanta\u00e7\u00e3o de controle informatizado de manuten\u00e7\u00e3o<\/p>\n<p>H\u00e9lv\u00e9cio Magalh\u00e3es e Jos\u00e9 Afonso Bicalho esclareceram que a atual gest\u00e3o j\u00e1 encontrou o governo com d\u00e9ficit nas contas p\u00fablicas. Em 2013, o d\u00e9ficit foi de R$ 900 milh\u00f5es; em 2014, de R$ 2,2 bilh\u00f5es. Para este ano, o d\u00e9ficit previsto \u00e9 de praticamente R$ 9 bilh\u00f5es.<\/p>\n<p>\u201cO Governo de Minas Gerais est\u00e1 trabalhando, em todas suas \u00e1reas, para buscar solu\u00e7\u00f5es que equilibrem as finan\u00e7as e amenizem o impacto deste cen\u00e1rio para os servidores p\u00fablicos estaduais. Os canais de di\u00e1logo com os representantes dos servidores est\u00e3o abertos\u201d, ressaltou o secret\u00e1rio de Planejamento, Helv\u00e9cio Magalh\u00e3es.<\/p>\n<p>Segundo o secret\u00e1rio, o governo vai aguardar o resultado de todas estas a\u00e7\u00f5es \u2013 incluindo a reforma administrativa \u2013 e o desempenho das finan\u00e7as do Estado para definir como ficar\u00e3o as escalas de pagamento a partir de abril. (Ag\u00eancia Minas)<\/p>\n","protected":false},"excerpt":{"rendered":"<p>Os secret\u00e1rios de Estado de Planejamento e Gest\u00e3o, Helv\u00e9cio Magalh\u00e3es, e de Fazenda, Jos\u00e9 Afonso Bicalho, se reuniram nesta sexta-feira (15\/1) com representantes de cerca de 40 sindicatos e associa\u00e7\u00f5es que representam os servidores estaduais para anunciar o calend\u00e1rio de pagamento do funcionalismo referente aos meses de janeiro, fevereiro e mar\u00e7o. Os sal\u00e1rios referentes aos [&hellip;]<\/p>\n","protected":false},"author":1,"featured_media":75621,"comment_status":"open","ping_status":"closed","sticky":false,"template":"","format":"standard","meta":{"amp_status":"","footnotes":""},"categories":[123],"tags":[72613,73766,73760,73759,73765,73761,73762,73763,73764,73767],"class_list":["post-76784","post","type-post","status-publish","format-standard","has-post-thumbnail","hentry","category-gerais","tag-crise-em-minas-gerais","tag-crise-governo-de-minas","tag-governo-de-minas-vai-parcelar-salarios-de-servidores","tag-governo-de-minas-vai-parcelar-salarios-de-servidores-que-ganham-acima-de-r-3-mil","tag-pagamento-salario-servidores-governo-de-minas","tag-pagamento-servidores-do-estado-de-minas","tag-pagamentos-governo-de-minas","tag-parcelamento-salario-governo-de-minas","tag-parcelamento-salario-servidores-governo-de-minas","tag-salarios-governo-de-minas"],"_links":{"self":[{"href":"https:\/\/aconteceunovale.com.br\/portal\/index.php?rest_route=\/wp\/v2\/posts\/76784","targetHints":{"allow":["GET"]}}],"collection":[{"href":"https:\/\/aconteceunovale.com.br\/portal\/index.php?rest_route=\/wp\/v2\/posts"}],"about":[{"href":"https:\/\/aconteceunovale.com.br\/portal\/index.php?rest_route=\/wp\/v2\/types\/post"}],"author":[{"embeddable":true,"href":"https:\/\/aconteceunovale.com.br\/portal\/index.php?rest_route=\/wp\/v2\/users\/1"}],"replies":[{"embeddable":true,"href":"https:\/\/aconteceunovale.com.br\/portal\/index.php?rest_route=%2Fwp%2Fv2%2Fcomments&post=76784"}],"version-history":[{"count":0,"href":"https:\/\/aconteceunovale.com.br\/portal\/index.php?rest_route=\/wp\/v2\/posts\/76784\/revisions"}],"wp:featuredmedia":[{"embeddable":true,"href":"https:\/\/aconteceunovale.com.br\/portal\/index.php?rest_route=\/wp\/v2\/media\/75621"}],"wp:attachment":[{"href":"https:\/\/aconteceunovale.com.br\/portal\/index.php?rest_route=%2Fwp%2Fv2%2Fmedia&parent=76784"}],"wp:term":[{"taxonomy":"category","embeddable":true,"href":"https:\/\/aconteceunovale.com.br\/portal\/index.php?rest_route=%2Fwp%2Fv2%2Fcategories&post=76784"},{"taxonomy":"post_tag","embeddable":true,"href":"https:\/\/aconteceunovale.com.br\/portal\/index.php?rest_route=%2Fwp%2Fv2%2Ftags&post=76784"}],"curies":[{"name":"wp","href":"https:\/\/api.w.org\/{rel}","templated":true}]}}