{"id":76720,"date":"2016-01-14T15:12:09","date_gmt":"2016-01-14T18:12:09","guid":{"rendered":"http:\/\/aconteceunovale.com.br\/portal\/?p=76720"},"modified":"2016-01-14T20:46:49","modified_gmt":"2016-01-14T23:46:49","slug":"cachoeira-das-tres-barras-interditada-por-tempo-indeterminado-em-conceicao-do-mato-dentro","status":"publish","type":"post","link":"https:\/\/aconteceunovale.com.br\/portal\/?p=76720","title":{"rendered":"Cachoeira das Tr\u00eas Barras interditada por tempo indeterminado em Concei\u00e7\u00e3o do Mato Dentro"},"content":{"rendered":"<p>Desde o dia 22 de dezembro, a Cachoeira das Tr\u00eas Barras, uma das mais conhecidas de Concei\u00e7\u00e3o do Mato Dentro, est\u00e1 interditada. A medida foi tomada pelos propriet\u00e1rios do terreno para conter a polui\u00e7\u00e3o e a degrada\u00e7\u00e3o do local. De f\u00e1cil acesso, a cachoeira \u00e9 muito procurada inclusive em dias de semana.<\/p>\n<p>\u201cO respeito \u00e0 natureza deve existir sempre, independente se estamos numa \u00e1rea particular ou n\u00e3o. \u00c9 um paradoxo lament\u00e1vel saber que muitos que admiram nossos patrim\u00f4nios naturais n\u00e3o cuidam deles\u201d, disse a secret\u00e1ria municipal de Turismo, Rejane Ottoni, reconhecendo que o mesmo acontece nos atrativos municipais, em especial nos mais pr\u00f3ximos \u00e0 cidade.<\/p>\n<p>Rejane explica que, em ambientes de dom\u00ednio p\u00fablico, a Prefeitura realiza a\u00e7\u00f5es sazonais para limpeza dos locais. \u201cFazemos nosso trabalho, mas o mais importante \u00e9 a conscientiza\u00e7\u00e3o dos visitantes. Aos que chegam at\u00e9 a nossa secretaria, orientamos a carregar o seu lixo na volta e damos ecobag e lixo car para incentivar a boa pr\u00e1tica\u201d.<\/p>\n<p>Sobre a interdi\u00e7\u00e3o da Cachoeira das Tr\u00eas Barras, a secret\u00e1ria diz n\u00e3o se opor. \u201cEles est\u00e3o protegendo esse patrim\u00f4nio. Sabemos que a inten\u00e7\u00e3o n\u00e3o \u00e9 acabar com o atrativo, mas mant\u00ea-lo e prepar\u00e1-lo para futuramente receber os visitantes com mais respaldo\u201d. Segundo ela, os propriet\u00e1rios sinalizam o interesse de implantar um receptivo tur\u00edstico no local.<\/p>\n<p>Os propriet\u00e1rios solicitam ao Minist\u00e9rio P\u00fablico um Termo de Ajustamento de Conduta (TAC) e a inser\u00e7\u00e3o do atrativo no Programa de Recupera\u00e7\u00e3o de \u00c1reas Degradadas. Com isso, ser\u00e1 poss\u00edvel a reconstitui\u00e7\u00e3o do terreno por meio de reflorestamento com mudas do cerrado e da mata atl\u00e2ntica, vegeta\u00e7\u00f5es prejudicadas pelo mau uso do territ\u00f3rio.<\/p>\n<p><img decoding=\"async\" src=\"http:\/\/aconteceunovale.com.br\/portal\/wp-content\/uploads\/2016\/01\/cachoeira_tres_barras_cmd.jpg\" alt=\"\" \/><em>Cachoeira \u00e9 uma das mais visitadas em Concei\u00e7\u00e3o &#8211; Foto: Ascom \/ PMCMD<\/em><br \/>\n<\/br><\/p>\n<p><em>(Fonte: Ascom PMCMD \/ Via Defato)<\/em><\/p>\n","protected":false},"excerpt":{"rendered":"<p>Desde o dia 22 de dezembro, a Cachoeira das Tr\u00eas Barras, uma das mais conhecidas de Concei\u00e7\u00e3o do Mato Dentro, est\u00e1 interditada. A medida foi tomada pelos propriet\u00e1rios do terreno para conter a polui\u00e7\u00e3o e a degrada\u00e7\u00e3o do local. De f\u00e1cil acesso, a cachoeira \u00e9 muito procurada inclusive em dias de semana. \u201cO respeito \u00e0 [&hellip;]<\/p>\n","protected":false},"author":1,"featured_media":76721,"comment_status":"open","ping_status":"closed","sticky":false,"template":"","format":"standard","meta":{"amp_status":"","footnotes":""},"categories":[123],"tags":[32347,73662,73665,73663,73666,628,1018,73664,32349],"class_list":["post-76720","post","type-post","status-publish","format-standard","has-post-thumbnail","hentry","category-gerais","tag-cachoeira-das-tres-barras","tag-cachoeira-das-tres-barras-conceicao-do-mato-dentro","tag-cachoeira-das-tres-barras-interdicao","tag-cachoeira-das-tres-barras-interditada","tag-cachoeira-das-tres-barras-interditada-por-tempo-indeterminado-em-conceicao-do-mato-dentro","tag-conceicao-do-mato-dentro","tag-destaque","tag-interdicao-da-cachoeira-das-tres-barras","tag-rejane-ottoni"],"_links":{"self":[{"href":"https:\/\/aconteceunovale.com.br\/portal\/index.php?rest_route=\/wp\/v2\/posts\/76720","targetHints":{"allow":["GET"]}}],"collection":[{"href":"https:\/\/aconteceunovale.com.br\/portal\/index.php?rest_route=\/wp\/v2\/posts"}],"about":[{"href":"https:\/\/aconteceunovale.com.br\/portal\/index.php?rest_route=\/wp\/v2\/types\/post"}],"author":[{"embeddable":true,"href":"https:\/\/aconteceunovale.com.br\/portal\/index.php?rest_route=\/wp\/v2\/users\/1"}],"replies":[{"embeddable":true,"href":"https:\/\/aconteceunovale.com.br\/portal\/index.php?rest_route=%2Fwp%2Fv2%2Fcomments&post=76720"}],"version-history":[{"count":0,"href":"https:\/\/aconteceunovale.com.br\/portal\/index.php?rest_route=\/wp\/v2\/posts\/76720\/revisions"}],"wp:featuredmedia":[{"embeddable":true,"href":"https:\/\/aconteceunovale.com.br\/portal\/index.php?rest_route=\/wp\/v2\/media\/76721"}],"wp:attachment":[{"href":"https:\/\/aconteceunovale.com.br\/portal\/index.php?rest_route=%2Fwp%2Fv2%2Fmedia&parent=76720"}],"wp:term":[{"taxonomy":"category","embeddable":true,"href":"https:\/\/aconteceunovale.com.br\/portal\/index.php?rest_route=%2Fwp%2Fv2%2Fcategories&post=76720"},{"taxonomy":"post_tag","embeddable":true,"href":"https:\/\/aconteceunovale.com.br\/portal\/index.php?rest_route=%2Fwp%2Fv2%2Ftags&post=76720"}],"curies":[{"name":"wp","href":"https:\/\/api.w.org\/{rel}","templated":true}]}}