{"id":76716,"date":"2016-01-14T10:43:00","date_gmt":"2016-01-14T13:43:00","guid":{"rendered":"http:\/\/aconteceunovale.com.br\/portal\/?p=76716"},"modified":"2016-01-14T10:43:00","modified_gmt":"2016-01-14T13:43:00","slug":"policia-detem-mais-15-suspeitos-de-envolvimento-com-o-crime-organizado-em-medina","status":"publish","type":"post","link":"https:\/\/aconteceunovale.com.br\/portal\/?p=76716","title":{"rendered":"Pol\u00edcia det\u00e9m mais 15 suspeitos de envolvimento com o crime organizado em Medina"},"content":{"rendered":"<p>A Pol\u00edcia Civil (PC) de Medina, com apoio da Pol\u00edcia Militar (PM), prendeu mais 11 pessoas e apreendeu 4 adolescentes, nessa quarta-feira (13\/01), que seriam alvos da Opera\u00e7\u00e3o &#8220;Leviat\u00e3&#8221;, realizada na ter\u00e7a-feira (12\/01), de combate ao tr\u00e1fico de drogas. Segundo a PC, com os criminosos, foram apreendidos dois rev\u00f3lveres, muni\u00e7\u00f5es, um fac\u00e3o, dinheiro, uma faca, dois canivetes, celulares e ve\u00edculos.<\/p>\n<p>Uma den\u00fancia an\u00f4nima teria informado o paradeiro dos suspeitos que foram vistos no distrito de Caju, em Jequitinhonha, \u00e0 procura de Adilson Camilo de Souza, vulgo &#8220;Bisson&#8221;, apontado como chefe da fac\u00e7\u00e3o criminosa &#8220;Primeiro Comando do Beira Rio&#8221;. <\/p>\n<p>Bisson \u00e9 v\u00edtima de um suposto sequestro ocorrido na tarde de segunda-feira (11\/01), em que quatro indiv\u00edduos armados com submetralhadora e pistolas, usando coletes bal\u00edsticos e se passando por policiais civis, o levaram em um HB20 prata. Ele era o principal alvo da &#8220;Opera\u00e7\u00e3o Leviat\u00e3&#8221;.<\/p>\n<p>Eles foram presos na BR-116, pr\u00f3ximo a Medina, em um cerco montado pela PC, com o apoio da Pol\u00edcia Militar e da Pol\u00edcia Rodovi\u00e1ria de Pedra Azul (MG). As armas e o material apreendido foram encontrados nos ve\u00edculos utilizados pelos suspeitos.<\/p>\n<p>Todos os envolvidos foram encaminhados \u00e0 Delegacia de Medina. Segundo a pol\u00edcia, os 11 integrantes do grupo v\u00e3o responder por porte ilegal de armas e corrup\u00e7\u00e3o de menores. Eles devem ser encaminhados, ainda nesta quinta-feira (14\/01), para o pres\u00eddio de Itaobim (MG).<\/p>\n<p><strong>&#8220;Opera\u00e7\u00e3o Leviat\u00e3&#8221;<\/strong><\/p>\n<p>Cinquenta policiais civis participaram da &#8216;Opera\u00e7\u00e3o Leviat\u00e3&#8217; na ter\u00e7a-feira (12\/01). O objetivo da a\u00e7\u00e3o era cumprir mandados de pris\u00e3o e combater o tr\u00e1fico de drogas em Medina. Na ocasi\u00e3o, cinco pessoas foram presas e cinco adolescentes detidos.<\/p>\n<p>Parte do grupo integrava uma gangue que teria cometido um homic\u00eddio na cidade em dezembro de 2015. As investiga\u00e7\u00f5es come\u00e7aram depois que alguns dos suspeitos postaram fotos com armas em uma rede social.<\/p>\n<p><img decoding=\"async\" src=\"http:\/\/aconteceunovale.com.br\/portal\/wp-content\/uploads\/2016\/01\/operacao_medina_prisao_1.jpg\" alt=\"\" \/><em>Pol\u00edcia apreendeu rev\u00f3lveres, celulares, dinheiro e ve\u00edculos (Foto: Divulga\u00e7\u00e3o \/ PCMG)<\/em><br \/>\n<\/br><\/p>\n<p><img decoding=\"async\" src=\"http:\/\/aconteceunovale.com.br\/portal\/wp-content\/uploads\/2016\/01\/operacao_medina_prisao_2.jpg\" alt=\"\" \/><em>Policiais que participaram da opera\u00e7\u00e3o em Medina (Foto: Divulga\u00e7\u00e3o \/ PCMG)<\/em><br \/>\n<\/br><\/p>\n<p><em>(Fonte: PCMG \/ Inter TV dos Vales \/ G1)<\/em><\/p>\n","protected":false},"excerpt":{"rendered":"<p>A Pol\u00edcia Civil (PC) de Medina, com apoio da Pol\u00edcia Militar (PM), prendeu mais 11 pessoas e apreendeu 4 adolescentes, nessa quarta-feira (13\/01), que seriam alvos da Opera\u00e7\u00e3o &#8220;Leviat\u00e3&#8221;, realizada na ter\u00e7a-feira (12\/01), de combate ao tr\u00e1fico de drogas. Segundo a PC, com os criminosos, foram apreendidos dois rev\u00f3lveres, muni\u00e7\u00f5es, um fac\u00e3o, dinheiro, uma faca, [&hellip;]<\/p>\n","protected":false},"author":1,"featured_media":76718,"comment_status":"open","ping_status":"closed","sticky":false,"template":"","format":"standard","meta":{"amp_status":"","footnotes":""},"categories":[120],"tags":[73659,73658,73655,73661,73654,73385,73656,73387,73660,73657,13312],"class_list":["post-76716","post","type-post","status-publish","format-standard","has-post-thumbnail","hentry","category-jequi","tag-adilson-camilo-de-souza","tag-crime-organizado-em-medina","tag-medina-operacao-leviata","tag-operacao-em-medina","tag-operacao-leviata","tag-operacao-leviata-medina","tag-policia-detem-mais-15-suspeitos-de-envolvimento-com-o-crime-organizado-em-medina","tag-presos-em-medina","tag-primeiro-comando-do-beira-rio","tag-suspeitos-de-envolvimento-com-o-crime-organizado-em-medina","tag-violencia-em-medina"],"_links":{"self":[{"href":"https:\/\/aconteceunovale.com.br\/portal\/index.php?rest_route=\/wp\/v2\/posts\/76716","targetHints":{"allow":["GET"]}}],"collection":[{"href":"https:\/\/aconteceunovale.com.br\/portal\/index.php?rest_route=\/wp\/v2\/posts"}],"about":[{"href":"https:\/\/aconteceunovale.com.br\/portal\/index.php?rest_route=\/wp\/v2\/types\/post"}],"author":[{"embeddable":true,"href":"https:\/\/aconteceunovale.com.br\/portal\/index.php?rest_route=\/wp\/v2\/users\/1"}],"replies":[{"embeddable":true,"href":"https:\/\/aconteceunovale.com.br\/portal\/index.php?rest_route=%2Fwp%2Fv2%2Fcomments&post=76716"}],"version-history":[{"count":0,"href":"https:\/\/aconteceunovale.com.br\/portal\/index.php?rest_route=\/wp\/v2\/posts\/76716\/revisions"}],"wp:featuredmedia":[{"embeddable":true,"href":"https:\/\/aconteceunovale.com.br\/portal\/index.php?rest_route=\/wp\/v2\/media\/76718"}],"wp:attachment":[{"href":"https:\/\/aconteceunovale.com.br\/portal\/index.php?rest_route=%2Fwp%2Fv2%2Fmedia&parent=76716"}],"wp:term":[{"taxonomy":"category","embeddable":true,"href":"https:\/\/aconteceunovale.com.br\/portal\/index.php?rest_route=%2Fwp%2Fv2%2Fcategories&post=76716"},{"taxonomy":"post_tag","embeddable":true,"href":"https:\/\/aconteceunovale.com.br\/portal\/index.php?rest_route=%2Fwp%2Fv2%2Ftags&post=76716"}],"curies":[{"name":"wp","href":"https:\/\/api.w.org\/{rel}","templated":true}]}}