{"id":76714,"date":"2016-01-14T10:05:52","date_gmt":"2016-01-14T13:05:52","guid":{"rendered":"http:\/\/aconteceunovale.com.br\/portal\/?p=76714"},"modified":"2016-01-14T10:05:52","modified_gmt":"2016-01-14T13:05:52","slug":"termina-nesta-quinta-feira-o-prazo-para-se-inscrever-no-sisu","status":"publish","type":"post","link":"https:\/\/aconteceunovale.com.br\/portal\/?p=76714","title":{"rendered":"Termina nesta quinta-feira o prazo para se inscrever no Sisu"},"content":{"rendered":"<p>Hoje (14\/01) \u00e9 o \u00faltimo dia para se inscrever no Sistema de Sele\u00e7\u00e3o Unificada (Sisu). O sistema receber\u00e1 inscri\u00e7\u00f5es at\u00e9 as 23h59, no hor\u00e1rio de Bras\u00edlia. At\u00e9 a noite de ontem (13), 2.217.738 estudantes haviam feito a inscri\u00e7\u00e3o, segundo o \u00faltimo balan\u00e7o do Minist\u00e9rio da Educa\u00e7\u00e3o (MEC).<\/p>\n<p>Pode se inscrever o estudante que participou da edi\u00e7\u00e3o de 2015 do Exame Nacional do Ensino M\u00e9dio (Enem) e obteve nota acima de 0 na prova de reda\u00e7\u00e3o. \u00c9 necess\u00e1rio informar o n\u00famero de inscri\u00e7\u00e3o e a senha usados no Enem. As inscri\u00e7\u00f5es s\u00e3o feitas exclusivamente pela internet, no <a href=\"http:\/\/sisu.mec.gov.br\/\" target=\"_blank\">site do Sisu (www.sisu.mec.gov.br)<\/a>. Nesta edi\u00e7\u00e3o, s\u00e3o ofertadas 228 mil vagas em 131 institui\u00e7\u00f5es p\u00fablicas de educa\u00e7\u00e3o superior.<\/p>\n<p>O resultado da chamada regular ser\u00e1 divulgado no dia 18 de janeiro. Os selecionados dever\u00e3o fazer a matr\u00edcula na institui\u00e7\u00e3o nos dias 22, 25 e 26 de janeiro. Assim como na edi\u00e7\u00e3o anterior, s\u00f3 haver\u00e1 uma chamada regular.<\/p>\n<p>Quem n\u00e3o foi selecionado ou foi selecionado apenas para a segunda op\u00e7\u00e3o de curso pode aderir \u00e0 lista de espera que estar\u00e1 dispon\u00edvel na p\u00e1gina do Sisu na internet de 18 a 29 de janeiro.<\/p>\n<p>O Sisu \u00e9 o sistema informatizado do MEC por meio do qual os estudantes participantes do Enem concorrem a vagas de ensino superior em institui\u00e7\u00f5es p\u00fablicas. As notas do exame foram divulgadas no dia 8 de janeiro. Mais de 5,8 milh\u00f5es fizeram o Enem no ano passado.<\/p>\n<p><strong>\u00daltimas notas de corte<\/strong><\/p>\n<p>Nesta quinta-feira, os candidatos t\u00eam acesso \u00e0s \u00faltimas notas de corte, que s\u00e3o as menores para ficar entre os potencialmente selecionados para o curso. A nota de corte \u00e9 calculada com base no n\u00famero de vagas dispon\u00edveis e no total de candidatos inscritos para aquele curso.<\/p>\n<p>O candidato que j\u00e1 fez a inscri\u00e7\u00e3o poder\u00e1 consultar tamb\u00e9m, pela \u00faltima vez, a pr\u00f3pria classifica\u00e7\u00e3o parcial na op\u00e7\u00e3o de curso escolhida.<\/p>\n<p>O MEC alerta que essas informa\u00e7\u00f5es devem servir apenas de refer\u00eancia para ajudar o participante no monitoramento da inscri\u00e7\u00e3o, n\u00e3o sendo garantia de sele\u00e7\u00e3o para a vaga. O candidato pode trocar a op\u00e7\u00e3o de curso at\u00e9 o fim do prazo de inscri\u00e7\u00e3o, valer\u00e1 a \u00faltima inscri\u00e7\u00e3o confirmada. (Ag\u00eancia Brasil)<\/p>\n","protected":false},"excerpt":{"rendered":"<p>Hoje (14\/01) \u00e9 o \u00faltimo dia para se inscrever no Sistema de Sele\u00e7\u00e3o Unificada (Sisu). O sistema receber\u00e1 inscri\u00e7\u00f5es at\u00e9 as 23h59, no hor\u00e1rio de Bras\u00edlia. At\u00e9 a noite de ontem (13), 2.217.738 estudantes haviam feito a inscri\u00e7\u00e3o, segundo o \u00faltimo balan\u00e7o do Minist\u00e9rio da Educa\u00e7\u00e3o (MEC). Pode se inscrever o estudante que participou da [&hellip;]<\/p>\n","protected":false},"author":1,"featured_media":76547,"comment_status":"open","ping_status":"closed","sticky":false,"template":"","format":"standard","meta":{"amp_status":"","footnotes":""},"categories":[6,40238],"tags":[524,46811,71741,28879,1168,22390,73652,20123,73651,2323,45080,73650,73653],"class_list":["post-76714","post","type-post","status-publish","format-standard","has-post-thumbnail","hentry","category-br","category-educacao-2","tag-enem","tag-inscrever-no-sisu","tag-inscricao-no-sisu","tag-inscricoes","tag-mec","tag-ministerio-da-educacao","tag-notas-de-corte","tag-prazo","tag-prazo-para-se-inscrever-no-sisu","tag-sisu","tag-sisu-2016","tag-termina-nesta-quinta-feira-o-prazo-para-se-inscrever-no-sisu","tag-ultimas-notas-de-corte-do-sisu"],"_links":{"self":[{"href":"https:\/\/aconteceunovale.com.br\/portal\/index.php?rest_route=\/wp\/v2\/posts\/76714","targetHints":{"allow":["GET"]}}],"collection":[{"href":"https:\/\/aconteceunovale.com.br\/portal\/index.php?rest_route=\/wp\/v2\/posts"}],"about":[{"href":"https:\/\/aconteceunovale.com.br\/portal\/index.php?rest_route=\/wp\/v2\/types\/post"}],"author":[{"embeddable":true,"href":"https:\/\/aconteceunovale.com.br\/portal\/index.php?rest_route=\/wp\/v2\/users\/1"}],"replies":[{"embeddable":true,"href":"https:\/\/aconteceunovale.com.br\/portal\/index.php?rest_route=%2Fwp%2Fv2%2Fcomments&post=76714"}],"version-history":[{"count":0,"href":"https:\/\/aconteceunovale.com.br\/portal\/index.php?rest_route=\/wp\/v2\/posts\/76714\/revisions"}],"wp:featuredmedia":[{"embeddable":true,"href":"https:\/\/aconteceunovale.com.br\/portal\/index.php?rest_route=\/wp\/v2\/media\/76547"}],"wp:attachment":[{"href":"https:\/\/aconteceunovale.com.br\/portal\/index.php?rest_route=%2Fwp%2Fv2%2Fmedia&parent=76714"}],"wp:term":[{"taxonomy":"category","embeddable":true,"href":"https:\/\/aconteceunovale.com.br\/portal\/index.php?rest_route=%2Fwp%2Fv2%2Fcategories&post=76714"},{"taxonomy":"post_tag","embeddable":true,"href":"https:\/\/aconteceunovale.com.br\/portal\/index.php?rest_route=%2Fwp%2Fv2%2Ftags&post=76714"}],"curies":[{"name":"wp","href":"https:\/\/api.w.org\/{rel}","templated":true}]}}