{"id":76647,"date":"2016-01-13T19:04:16","date_gmt":"2016-01-13T22:04:16","guid":{"rendered":"http:\/\/aconteceunovale.com.br\/portal\/?p=76647"},"modified":"2016-01-14T20:47:32","modified_gmt":"2016-01-14T23:47:32","slug":"estudante-de-montes-claros-tira-nota-maxima-na-redacao-do-enem","status":"publish","type":"post","link":"https:\/\/aconteceunovale.com.br\/portal\/?p=76647","title":{"rendered":"Estudante de Montes Claros tira nota m\u00e1xima na reda\u00e7\u00e3o do Enem"},"content":{"rendered":"<p>Um estudante de Montes Claros, na regi\u00e3o Norte de Minas Gerais, tirou nota m\u00e1xima na reda\u00e7\u00e3o do Exame Nacional do Ensino M\u00e9dio (Enem) de 2015. O resultado foi divulgado pelo Minist\u00e9rio da Educa\u00e7\u00e3o (MEC) na \u00faltima sexta-feira (08\/01\/2016).<\/p>\n<p>Quase seis milh\u00f5es de candidatos fizeram as provas, e o jovem Samir Almeida Prates, de 17 anos, se destaca entre essa multid\u00e3o por fazer parte de um pequeno grupo de 104 estudantes que tiraram mil na reda\u00e7\u00e3o do Enem do ano passado. N\u00famero inferior ao \u00edndice da edi\u00e7\u00e3o de 2014, onde 250 participantes conseguiram nota m\u00e1xima. O tema da reda\u00e7\u00e3o foi a persist\u00eancia da viol\u00eancia contra as mulheres.<\/p>\n<p>A m\u00e3e de Samir, Maria de Lourdes Prates, fala da alegria proporcionada pelo filho. \u201c\u00c9 muita satisfa\u00e7\u00e3o saber que ele est\u00e1 chegando onde tem que chegar. Ele sempre soube o que precisava fazer, nunca precisei ficar em cima dele para estudar\u201d, lembra.<\/p>\n<p>Al\u00e9m de conquistar nota mil na reda\u00e7\u00e3o, o jovem tamb\u00e9m tirou uma nota excelente em uma das disciplinas mais temidas pelos estudantes: a matem\u00e1tica. Samir fez 889 pontos na mat\u00e9ria. Para alcan\u00e7ar o objetivo de tirar uma boa m\u00e9dia no teste, o estudante seguiu uma rotina pesada de estudos na escola. Ele, que tem bolsa integral em um col\u00e9gio particular da cidade, estudava das sete da manh\u00e3 \u00e0s dez da noite. Dedica\u00e7\u00e3o que foi recompensada.<\/p>\n<p>\u201cFico muito feliz com o resultado. Vejo que o esfor\u00e7o que eu tive valeu a pena. A \u00fanica coisa que a gente pode fazer enquanto estudante \u00e9 dar bons resultados acad\u00eamicos, e \u00e9 isso que eu busco\u201d, diz Samir.<\/p>\n<p>O professor de reda\u00e7\u00e3o de Samir, Danilo Aguiar Martins, ressalta a dificuldade de atingir o topo no Enem. \u201cA satisfa\u00e7\u00e3o \u00e9 enorme, gigantesca, principalmente porque conseguir essa pontua\u00e7\u00e3o \u00e9 dific\u00edlimo, e ele conseguiu\u201d, comemora.<\/p>\n<p>Samir ainda n\u00e3o sabe qual ser\u00e1 o seu futuro, mas o primeiro passo j\u00e1 foi dado. &#8220;N\u00e3o tenho certeza sobre qual carreira vou seguir, pois isso depende muito das possibilidades que vou ter daqui para frente. Mas, uma das minhas vontades \u00e9 ser reconhecido como um bom profissional&#8221;, encerra.<\/p>\n<p><img decoding=\"async\" src=\"http:\/\/aconteceunovale.com.br\/portal\/wp-content\/uploads\/2016\/01\/nota_mil.jpg\" alt=\"\" \/><em>Samir Almeida tirou nota m\u00e1xima na reda\u00e7\u00e3o do Enem (Foto: Reprodu\u00e7\u00e3o \/ Inter TV Grande Minas)<\/em><br \/>\n<\/br><\/p>\n<p><em>(Fonte: Inter TV Grande Minas \/ G1)<\/em><\/p>\n","protected":false},"excerpt":{"rendered":"<p>Um estudante de Montes Claros, na regi\u00e3o Norte de Minas Gerais, tirou nota m\u00e1xima na reda\u00e7\u00e3o do Exame Nacional do Ensino M\u00e9dio (Enem) de 2015. O resultado foi divulgado pelo Minist\u00e9rio da Educa\u00e7\u00e3o (MEC) na \u00faltima sexta-feira (08\/01\/2016). Quase seis milh\u00f5es de candidatos fizeram as provas, e o jovem Samir Almeida Prates, de 17 anos, [&hellip;]<\/p>\n","protected":false},"author":1,"featured_media":76648,"comment_status":"open","ping_status":"closed","sticky":false,"template":"","format":"standard","meta":{"amp_status":"","footnotes":""},"categories":[40238,1236],"tags":[73549,1018,524,44847,73550,19776,63567,73548,210,73547],"class_list":["post-76647","post","type-post","status-publish","format-standard","has-post-thumbnail","hentry","category-educacao-2","category-norte_de_minas","tag-danilo-aguiar-martins","tag-destaque","tag-enem","tag-enem-2015","tag-estudante-de-montes-claros-tira-nota-maxima-na-redacao-do-enem","tag-exame-nacional-do-ensino-medio","tag-exame-nacional-do-ensino-medio-2015","tag-maria-de-lourdes-prates","tag-montes-claros","tag-samir-almeida-prates"],"_links":{"self":[{"href":"https:\/\/aconteceunovale.com.br\/portal\/index.php?rest_route=\/wp\/v2\/posts\/76647","targetHints":{"allow":["GET"]}}],"collection":[{"href":"https:\/\/aconteceunovale.com.br\/portal\/index.php?rest_route=\/wp\/v2\/posts"}],"about":[{"href":"https:\/\/aconteceunovale.com.br\/portal\/index.php?rest_route=\/wp\/v2\/types\/post"}],"author":[{"embeddable":true,"href":"https:\/\/aconteceunovale.com.br\/portal\/index.php?rest_route=\/wp\/v2\/users\/1"}],"replies":[{"embeddable":true,"href":"https:\/\/aconteceunovale.com.br\/portal\/index.php?rest_route=%2Fwp%2Fv2%2Fcomments&post=76647"}],"version-history":[{"count":0,"href":"https:\/\/aconteceunovale.com.br\/portal\/index.php?rest_route=\/wp\/v2\/posts\/76647\/revisions"}],"wp:featuredmedia":[{"embeddable":true,"href":"https:\/\/aconteceunovale.com.br\/portal\/index.php?rest_route=\/wp\/v2\/media\/76648"}],"wp:attachment":[{"href":"https:\/\/aconteceunovale.com.br\/portal\/index.php?rest_route=%2Fwp%2Fv2%2Fmedia&parent=76647"}],"wp:term":[{"taxonomy":"category","embeddable":true,"href":"https:\/\/aconteceunovale.com.br\/portal\/index.php?rest_route=%2Fwp%2Fv2%2Fcategories&post=76647"},{"taxonomy":"post_tag","embeddable":true,"href":"https:\/\/aconteceunovale.com.br\/portal\/index.php?rest_route=%2Fwp%2Fv2%2Ftags&post=76647"}],"curies":[{"name":"wp","href":"https:\/\/api.w.org\/{rel}","templated":true}]}}