{"id":76643,"date":"2016-01-13T18:10:46","date_gmt":"2016-01-13T21:10:46","guid":{"rendered":"http:\/\/aconteceunovale.com.br\/portal\/?p=76643"},"modified":"2016-01-13T18:10:46","modified_gmt":"2016-01-13T21:10:46","slug":"divulgada-a-programacao-do-carnaval-de-pecanha","status":"publish","type":"post","link":"https:\/\/aconteceunovale.com.br\/portal\/?p=76643","title":{"rendered":"Divulgada a programa\u00e7\u00e3o do Carnaval de Pe\u00e7anha"},"content":{"rendered":"<p><img decoding=\"async\" src=\"http:\/\/aconteceunovale.com.br\/portal\/wp-content\/uploads\/2016\/01\/carnaval_pecanha_2016_1.jpg\" alt=\"\" \/><br \/>\n<\/br><\/p>\n<p>06\/02 (S\u00e1bado):<br \/>\n&#8211; 22h00 -> Banda V\u00edrus | Local: Pra\u00e7a do Coreto<\/p>\n<p>07\/02 (Domingo):<br \/>\n&#8211; 16h00 -> Banda V\u00edrus | Local: Pra\u00e7a da Igreja<br \/>\n&#8211; 22h00 -> Fuget\u00e3o Baiano | Local: Pra\u00e7a do Coreto<\/p>\n<p>08\/02 (Segunda-feira):<br \/>\n&#8211; 16h00 -> Rafael Mendes &#038; Banda | Local: Pra\u00e7a da Igreja<br \/>\n&#8211; 22h00 -> Jo\u00e3o Lucas &#038; Diogo e Boca El\u00e9trico | Local: Pra\u00e7a do Coreto<\/p>\n<p>06\/02 (Ter\u00e7a-feira):<br \/>\n&#8211; 22h00 -> Rafael Mendes &#038; Banda | Local: Pra\u00e7a do Coreto<\/p>\n","protected":false},"excerpt":{"rendered":"<p>06\/02 (S\u00e1bado): &#8211; 22h00 -> Banda V\u00edrus | Local: Pra\u00e7a do Coreto 07\/02 (Domingo): &#8211; 16h00 -> Banda V\u00edrus | Local: Pra\u00e7a da Igreja &#8211; 22h00 -> Fuget\u00e3o Baiano | Local: Pra\u00e7a do Coreto 08\/02 (Segunda-feira): &#8211; 16h00 -> Rafael Mendes &#038; Banda | Local: Pra\u00e7a da Igreja &#8211; 22h00 -> Jo\u00e3o Lucas &#038; Diogo [&hellip;]<\/p>\n","protected":false},"author":1,"featured_media":76645,"comment_status":"open","ping_status":"closed","sticky":false,"template":"","format":"standard","meta":{"amp_status":"","footnotes":""},"categories":[125],"tags":[73543,73544,73545,73546,4963,73540,73539,306,31898,73541,31899,73542],"class_list":["post-76643","post","type-post","status-publish","format-standard","has-post-thumbnail","hentry","category-noticias","tag-atracoes-do-carnaval-de-pecanha","tag-atracoes-do-carnaval-de-pecanha-2016","tag-bandas-do-carnaval-de-pecanha","tag-bandas-do-carnaval-de-pecanha-2016","tag-carnaval-de-pecanha","tag-carnaval-de-pecanha-2016","tag-divulgada-a-programacao-do-carnaval-de-pecanha","tag-pecanha","tag-programacao-do-carnaval-de-pecanha","tag-programacao-do-carnaval-de-pecanha-2016","tag-shows-do-carnaval-de-pecanha","tag-shows-do-carnaval-de-pecanha-2016"],"_links":{"self":[{"href":"https:\/\/aconteceunovale.com.br\/portal\/index.php?rest_route=\/wp\/v2\/posts\/76643","targetHints":{"allow":["GET"]}}],"collection":[{"href":"https:\/\/aconteceunovale.com.br\/portal\/index.php?rest_route=\/wp\/v2\/posts"}],"about":[{"href":"https:\/\/aconteceunovale.com.br\/portal\/index.php?rest_route=\/wp\/v2\/types\/post"}],"author":[{"embeddable":true,"href":"https:\/\/aconteceunovale.com.br\/portal\/index.php?rest_route=\/wp\/v2\/users\/1"}],"replies":[{"embeddable":true,"href":"https:\/\/aconteceunovale.com.br\/portal\/index.php?rest_route=%2Fwp%2Fv2%2Fcomments&post=76643"}],"version-history":[{"count":0,"href":"https:\/\/aconteceunovale.com.br\/portal\/index.php?rest_route=\/wp\/v2\/posts\/76643\/revisions"}],"wp:featuredmedia":[{"embeddable":true,"href":"https:\/\/aconteceunovale.com.br\/portal\/index.php?rest_route=\/wp\/v2\/media\/76645"}],"wp:attachment":[{"href":"https:\/\/aconteceunovale.com.br\/portal\/index.php?rest_route=%2Fwp%2Fv2%2Fmedia&parent=76643"}],"wp:term":[{"taxonomy":"category","embeddable":true,"href":"https:\/\/aconteceunovale.com.br\/portal\/index.php?rest_route=%2Fwp%2Fv2%2Fcategories&post=76643"},{"taxonomy":"post_tag","embeddable":true,"href":"https:\/\/aconteceunovale.com.br\/portal\/index.php?rest_route=%2Fwp%2Fv2%2Ftags&post=76643"}],"curies":[{"name":"wp","href":"https:\/\/api.w.org\/{rel}","templated":true}]}}