{"id":76640,"date":"2016-01-13T17:34:25","date_gmt":"2016-01-13T20:34:25","guid":{"rendered":"http:\/\/aconteceunovale.com.br\/portal\/?p=76640"},"modified":"2016-01-13T17:34:25","modified_gmt":"2016-01-13T20:34:25","slug":"producao-de-frutas-vermelhas-surge-como-fonte-de-renda-em-municipio-mineiro","status":"publish","type":"post","link":"https:\/\/aconteceunovale.com.br\/portal\/?p=76640","title":{"rendered":"Produ\u00e7\u00e3o de frutas vermelhas surge como fonte de renda em munic\u00edpio mineiro"},"content":{"rendered":"<p>A produ\u00e7\u00e3o de frutas vermelhas \u00e9 uma atividade em expans\u00e3o no munic\u00edpio de Bocaina de Minas, no Sul do estado. A atividade come\u00e7ou por volta de 2010 e hoje \u00e9 desenvolvida por seis agricultores, com uma produ\u00e7\u00e3o anual de 25 toneladas. Entre as principais frutas cultivadas est\u00e3o a amora preta, framboesa e morango. A produ\u00e7\u00e3o \u00e9 vendida na regi\u00e3o e na cidade do Rio de Janeiro.<\/p>\n<p>Maria Lu\u00edza Barreira e Romero Martins produzem e vendem frutas vermelhas in natura e congeladas. Eles mudaram do Rio de Janeiro para Minas Gerais h\u00e1 2 anos. A primeira coisa que fizeram foi verificar qual seria a melhor atividade para desenvolver em Bocaina de Minas. \u201cDepois de pesquisarmos, de conversarmos com a Emater-MG e outras entidades, chegamos \u00e0 conclus\u00e3o de que o melhor era investir em frutas vermelhas\u201d, diz o produtor.<\/p>\n<p>O casal \u00e9 o principal produtor de frutas vermelhas do munic\u00edpio de Bocaina de Minas. Com um detalhe: \u00e9 tudo org\u00e2nico e certificado. A propriedade deles produz 20 toneladas anualmente. A amora \u00e9 o carro-chefe. S\u00e3o 15 toneladas por ano numa \u00e1rea plantada de um hectare.<\/p>\n<p>Pensando em impulsionar a atividade, o casal decidiu implantar uma unidade de processamento. Os recursos vieram do Programa de Fortalecimento da Agricultura Familiar (Pronaf) e a orienta\u00e7\u00e3o t\u00e9cnica \u00e9 da Emater-MG.<\/p>\n<p>Lu\u00edza e Romero financiaram do Pronaf cerca de R$ 100 mil. O dinheiro est\u00e1 sendo utilizado na constru\u00e7\u00e3o do pr\u00e9dio da unidade e na compra de equipamentos. A Emater foi respons\u00e1vel por elaborar projeto t\u00e9cnico necess\u00e1rio para a libera\u00e7\u00e3o dos recursos.<\/p>\n<p>\u201c\u00c9 uma ajuda e tanto. Se fosse pra fazer com o nosso dinheiro, n\u00e3o conseguir\u00edamos. Com o Pronaf isso \u00e9 poss\u00edvel\u201d, afirma Romero Martins. A agroind\u00fastria est\u00e1 quase pronta. Com a unidade, o casal n\u00e3o ficar\u00e1 limitado \u00e0 venda de frutas in natura e congeladas. Eles esperam ampliar a pequena produ\u00e7\u00e3o de geleia, vinho e frutas desidratadas. \u201cVai ser mais r\u00e1pido e o volume de produ\u00e7\u00e3o ser\u00e1 maior. Esperamos aumentar em cinco vezes a nossa produ\u00e7\u00e3o\u201d, diz  o produtor.<\/p>\n<p><img decoding=\"async\" src=\"http:\/\/aconteceunovale.com.br\/portal\/wp-content\/uploads\/2016\/01\/Amoras_frescas_peq.jpg\" alt=\"\" \/><em>Em Bocaina de Minas, o destaque \u00e9 a amora &#8211; Foto: Divulga\u00e7\u00e3o\/Emater<\/em><br \/>\n<\/br><\/p>\n<p><strong>Empreendedorismo<\/strong><\/p>\n<p>Para este ano, com a implanta\u00e7\u00e3o da unidade de processamento, o casal aumentou em 30% a lavoura de amora. Eles investiram tamb\u00e9m na cultura do morango. A \u00e1rea plantada triplicou e a fruta passou a ser cultivada no sistema semi-hidrop\u00f4nico.<\/p>\n<p>Nesse m\u00e9todo, a lavoura fica dentro de uma estufa, que protege as plantas das a\u00e7\u00f5es clim\u00e1ticas, e a fruta \u00e9 cultivada em bancadas, n\u00e3o tendo contato com o solo. O resultado, segundo especialistas, \u00e9 a redu\u00e7\u00e3o de pragas e doen\u00e7as.\u201cCom a agroind\u00fastria, podemos aumentar a nossa produ\u00e7\u00e3o bastante e ampliar o nosso mercado. Teremos capacidade para atender \u00e0 demanda o ano inteiro\u201d, diz Romero.<\/p>\n<p>Segundo o t\u00e9cnico da Emater-MG, Marcelo Rodrigues Vilela, aos poucos a produ\u00e7\u00e3o de frutas vermelhas tem ganhado espa\u00e7o no munic\u00edpio. \u201c\u00c9 uma nova atividade econ\u00f4mica com grande potencial de desenvolvimento\u201d, diz.<\/p>\n<p><strong>Pronaf em Minas<\/strong><\/p>\n<p>Um contrato assinado em 2015 entre a Emater-MG e o Banco do Brasil ir\u00e1 agilizar o processo de libera\u00e7\u00e3o de cr\u00e9dito rural para o produtor. Com o acordo, o interessado apresentar\u00e1 sua proposta de cr\u00e9dito diretamente nos escrit\u00f3rios da Emater-MG, indo ao banco somente para a assinatura do contrato. Na safra 2014\/2015 foram assinados 208 mil contratos e aplicados R$ 2,8 bilh\u00f5es. Para a safra 2015\/2016 o governo federal destinou R$ 4,4 bilh\u00f5es para Minas Gerais. (Ag\u00eancia Minas)<\/p>\n","protected":false},"excerpt":{"rendered":"<p>A produ\u00e7\u00e3o de frutas vermelhas \u00e9 uma atividade em expans\u00e3o no munic\u00edpio de Bocaina de Minas, no Sul do estado. A atividade come\u00e7ou por volta de 2010 e hoje \u00e9 desenvolvida por seis agricultores, com uma produ\u00e7\u00e3o anual de 25 toneladas. Entre as principais frutas cultivadas est\u00e3o a amora preta, framboesa e morango. A produ\u00e7\u00e3o [&hellip;]<\/p>\n","protected":false},"author":1,"featured_media":76641,"comment_status":"open","ping_status":"closed","sticky":false,"template":"","format":"standard","meta":{"amp_status":"","footnotes":""},"categories":[123],"tags":[73529,73530,73528,1018,25775,73531,73536,73533,73532,73525,73527,73526,73538,73537,32992,73535,73534],"class_list":["post-76640","post","type-post","status-publish","format-standard","has-post-thumbnail","hentry","category-gerais","tag-amora-preta","tag-amora-preta-minas-gerais","tag-bocaina-de-minas","tag-destaque","tag-emater-mg","tag-framboesa-minas-gerais","tag-marcelo-rodrigues-vilela","tag-maria-luiza-barreira","tag-morango-minas-gerais","tag-producao-de-frutas-vermelhas","tag-producao-de-frutas-vermelhas-em-bocaina-de-minas","tag-producao-de-frutas-vermelhas-em-minas-gerais","tag-producao-de-frutas-vermelhas-surge-como-fonte-de-renda-em-bocaina-de-minas","tag-producao-de-frutas-vermelhas-surge-como-fonte-de-renda-em-municipio-mineiro","tag-pronaf","tag-pronaf-em-minas","tag-romero-martins"],"_links":{"self":[{"href":"https:\/\/aconteceunovale.com.br\/portal\/index.php?rest_route=\/wp\/v2\/posts\/76640","targetHints":{"allow":["GET"]}}],"collection":[{"href":"https:\/\/aconteceunovale.com.br\/portal\/index.php?rest_route=\/wp\/v2\/posts"}],"about":[{"href":"https:\/\/aconteceunovale.com.br\/portal\/index.php?rest_route=\/wp\/v2\/types\/post"}],"author":[{"embeddable":true,"href":"https:\/\/aconteceunovale.com.br\/portal\/index.php?rest_route=\/wp\/v2\/users\/1"}],"replies":[{"embeddable":true,"href":"https:\/\/aconteceunovale.com.br\/portal\/index.php?rest_route=%2Fwp%2Fv2%2Fcomments&post=76640"}],"version-history":[{"count":0,"href":"https:\/\/aconteceunovale.com.br\/portal\/index.php?rest_route=\/wp\/v2\/posts\/76640\/revisions"}],"wp:featuredmedia":[{"embeddable":true,"href":"https:\/\/aconteceunovale.com.br\/portal\/index.php?rest_route=\/wp\/v2\/media\/76641"}],"wp:attachment":[{"href":"https:\/\/aconteceunovale.com.br\/portal\/index.php?rest_route=%2Fwp%2Fv2%2Fmedia&parent=76640"}],"wp:term":[{"taxonomy":"category","embeddable":true,"href":"https:\/\/aconteceunovale.com.br\/portal\/index.php?rest_route=%2Fwp%2Fv2%2Fcategories&post=76640"},{"taxonomy":"post_tag","embeddable":true,"href":"https:\/\/aconteceunovale.com.br\/portal\/index.php?rest_route=%2Fwp%2Fv2%2Ftags&post=76640"}],"curies":[{"name":"wp","href":"https:\/\/api.w.org\/{rel}","templated":true}]}}