{"id":76636,"date":"2016-01-13T17:27:29","date_gmt":"2016-01-13T20:27:29","guid":{"rendered":"http:\/\/aconteceunovale.com.br\/portal\/?p=76636"},"modified":"2016-01-13T17:27:43","modified_gmt":"2016-01-13T20:27:43","slug":"colegiado-executivo-do-vale-do-rio-doce-e-instalado-em-governador-valadares","status":"publish","type":"post","link":"https:\/\/aconteceunovale.com.br\/portal\/?p=76636","title":{"rendered":"Colegiado Executivo do Vale do Rio Doce \u00e9 instalado em Governador Valadares"},"content":{"rendered":"<p>O Colegiado Executivo do Territ\u00f3rio Vale do Rio Doce foi instalado nessa ter\u00e7a-feira (12\/1), durante a etapa devolutiva dos\u00a0F\u00f3runs Regionais de Governo, realizada em Governador Valadares. Al\u00e9m de dar posse aos representantes do territ\u00f3rio, essa fase tem o objetivo de apresentar quais necessidades apontadas pela popula\u00e7\u00e3o foram priorizadas pelo Governo Estadual no Plano Plurianual de A\u00e7\u00e3o Governamental (PPAG).\u00a0Neste primeiro momento, foram discutidas as propostas das categorias Gest\u00e3o e Custeio. Ainda no primeiro semestre de 2016 ser\u00e3o apresentadas as de Investimento e Pessoal.<\/p>\n<p>A reuni\u00e3o teve a ades\u00e3o de cerca de 120 pessoas entre os membros titulares e suplentes do Colegiado, al\u00e9m de servidores que vieram de todos os microterrit\u00f3rios para o dia de atividades. Sociedade civil, prefeitos, vereadores e representantes de \u00f3rg\u00e3os p\u00fablicos receberam da coordena\u00e7\u00e3o dos F\u00f3runs certificados que oficializaram suas participa\u00e7\u00f5es como representantes territoriais.<\/p>\n<p>Logo no in\u00edcio do encontro o secret\u00e1rio executivo do Territ\u00f3rio Vale do Rio Doce, F\u00e1bio Brasileiro, destacou os trabalhos do Comit\u00ea de Crise, que est\u00e1 em atividade na regi\u00e3o, desde o rompimento da barragem de rejeitos da mineradora Samarco, ocorrido no munic\u00edpio de Mariana em 5 de novembro de 2015.<\/p>\n<p>A trag\u00e9dia teve forte impacto sobre o cotidiano dos moradores do entorno da Bacia do Rio Doce. F\u00e1bio conta que \u201co acidente foi muito bruto e muito r\u00e1pido, o que nos obrigou a agir tamb\u00e9m de forma muito r\u00e1pida\u201d.<\/p>\n<p>Al\u00e9m do Comit\u00ea de Crise, que atua em Valadares e regi\u00e3o, atua na recupera\u00e7\u00e3o dos munic\u00edpios atingidos pelo rompimento da barragem uma for\u00e7a-tarefa criada pelo governador Fernando Pimentel, que centralizou o levantamento de danos e vai propor medidas corretivas e restauradoras ao longo da Bacia do Rio Doce.<\/p>\n<p>Entre os principais desdobramentos da for\u00e7a-tarefa est\u00e1 a proposta de cria\u00e7\u00e3o de um Fundo de Revitaliza\u00e7\u00e3o da Bacia do Rio Doce, por meio da a\u00e7\u00e3o civil p\u00fablica impetrada pela Uni\u00e3o e estados de Minas Gerais e Esp\u00edrito Santo, cujo montante de R$ 20 bilh\u00f5es dever\u00e1 ser gerido por um fundo p\u00fablico de direito privado.<\/p>\n<p>A prefeita de Governador Valadares, Elisa Costa, afirma que essa trag\u00e9dia marcou um dos momentos mais dif\u00edceis da hist\u00f3ria da cidade. \u201cAl\u00e9m da escassez h\u00eddrica, agora vivemos o drama da lama. Vai demorar um bom tempo ainda at\u00e9 superarmos essa fase\u201d, lamenta.<\/p>\n<p>Sobre os F\u00f3runs, a prefeita diz que o processo de participa\u00e7\u00e3o popular tem o poder de mudar a forma como se faz pol\u00edtica em Minas Gerais e que o programa \u00e9 o eixo forte do atual Governo. \u201cOs F\u00f3runs fortalecem a sociedade civil como um todo, pois possibilitam que o Governo tome decis\u00f5es com o aux\u00edlio de pessoas que querem dar a sua contribui\u00e7\u00e3o\u201d, explica a prefeita.<\/p>\n<p>Elisa n\u00e3o foi a \u00fanica a mencionar a quest\u00e3o h\u00eddrica como um dos temas centrais para o territ\u00f3rio. O deputado federal, Leonardo Monteiro, falou sobre a import\u00e2ncia da chegada do Instituto de Desenvolvimento do Norte e Nordeste de Minas Gerais (Idene) ao Territ\u00f3rio para, entre outras importantes tarefas, tratar do tema da falta d\u2019\u00e1gua para a potencializa\u00e7\u00e3o do desenvolvimento local.<\/p>\n<p>\u201cO Idene pode unificar os \u00f3rg\u00e3os governamentais em uma regi\u00e3o como a nossa, que passa por um processo de desertifica\u00e7\u00e3o. Nossa agricultura est\u00e1 adormecida e precisa de for\u00e7a\u201d, explica o deputado.<\/p>\n<p>Anderson Pereira \u00e9 um dos representantes da sociedade civil no Colegiado Executivo do Territ\u00f3rio Vale do Rio Doce. Ele faz parte da Associa\u00e7\u00e3o Comunit\u00e1ria do pequeno munic\u00edpio de Gonzaga, que tem cerca de 7 mil habitantes. Segundo Pereira, a cidade carece de servi\u00e7os de sa\u00fade e comunica\u00e7\u00e3o. \u201cAt\u00e9 hoje n\u00e3o temos redes telef\u00f4nica em nossa comunidade e a televis\u00e3o pega apenas um canal. Nossa luta \u00e9 para que as pessoas de nossa comunidade n\u00e3o fiquem isoladas, alheias \u00e0s coisas que acontecem no resto do mundo\u201d, protesta.<\/p>\n<p>Pereira v\u00ea nos F\u00f3runs uma oportunidade de opinar e cobrar do Governo respostas para os problemas da popula\u00e7\u00e3o mineira. \u201cEssa etapa devolutiva \u00e9 uma primeira demonstra\u00e7\u00e3o mais clara de que o trabalho est\u00e1 sendo efetivo\u201d, comenta Anderson.<\/p>\n<p><img decoding=\"async\" src=\"http:\/\/aconteceunovale.com.br\/portal\/wp-content\/uploads\/2016\/01\/Vale_do_Rio_Doce_-_foto_Tamas_Bodolay.jpg\" alt=\"\" \/><em>Reuni\u00e3o teve ades\u00e3o de cerca de 120 pessoas &#8211; Foto: Tam\u00e1s Bodolay \/ Segov<\/em><br \/>\n<\/br><\/p>\n<p><strong>Custeio e Gest\u00e3o<\/strong><\/p>\n<p>O secret\u00e1rio adjunto da\u00a0Secretaria de Planejamento e Gest\u00e3o, Wieland Silberschneider, apresentou a atual situa\u00e7\u00e3o financeira e or\u00e7ament\u00e1ria do Estado. Ele explicou que o governo passado entregou o Estado com d\u00e9ficit em 2014 e com or\u00e7amento para 2015 superestimado na receita e subestimado nas despesas.<\/p>\n<p>\u201cEsse \u00e9 um dos principais motivos que inviabilizam o tratamento imediato de quest\u00f5es que envolvem investimentos no curto prazo, mas muitas outras a\u00e7\u00f5es j\u00e1 est\u00e3o ganhando corpo a partir dos F\u00f3runs. Iniciamos um processo de melhoria da presta\u00e7\u00e3o de servi\u00e7os na interlocu\u00e7\u00e3o com lideran\u00e7as de todo o estado, j\u00e1 que os investimentos s\u00e3o iniciativas que maturam no m\u00e9dio e longo prazo\u201d, afirma Wieland.<\/p>\n<p>Nesta etapa devolutiva o Governo est\u00e1 percorrendo novamente todos os territ\u00f3rios para apresentar as a\u00e7\u00f5es de Custeio e Gest\u00e3o que foram contempladas no PPAG apresentado este ano \u00e0 Assembleia Legislativa.<\/p>\n<p><strong>Diagn\u00f3stico e Metas<\/strong><\/p>\n<p>O Vale do Rio Doce foi o quarto territ\u00f3rio com maior participa\u00e7\u00e3o nas duas primeiras etapas dos F\u00f3runs Regionais, com 1.892 pessoas presentes. Foram levantados 486 problemas e necessidades, que comp\u00f5em o Diagn\u00f3stico Territorial que abarca 55 munic\u00edpios.<\/p>\n<p>F\u00e1bio Brasileiro, que j\u00e1 esteve em mais da metade desses munic\u00edpios desde que iniciou suas atividades como secret\u00e1rio executivo, relata que a principal quest\u00e3o do territ\u00f3rio \u00e9 o desenvolvimento econ\u00f4mico e social sustent\u00e1vel.<\/p>\n<p>\u201cA partir da atual divis\u00e3o territorial temos agora mais clareza para definir estrat\u00e9gias para o Vale do Rio Doce, j\u00e1 que antes os \u00edndices que t\u00ednhamos se confundiam com o de \u00e1reas mais industrializadas, como o Vale do A\u00e7o. Agora temos a oportunidade de mapear com mais precis\u00e3o as potencialidades e vetores econ\u00f4micos locais. Vamos trabalhar para nos tornarmos um polo de sa\u00fade, educa\u00e7\u00e3o e tecnologia.\u201d (Ag\u00eancia Minas)<\/p>\n","protected":false},"excerpt":{"rendered":"<p>O Colegiado Executivo do Territ\u00f3rio Vale do Rio Doce foi instalado nessa ter\u00e7a-feira (12\/1), durante a etapa devolutiva dos\u00a0F\u00f3runs Regionais de Governo, realizada em Governador Valadares. Al\u00e9m de dar posse aos representantes do territ\u00f3rio, essa fase tem o objetivo de apresentar quais necessidades apontadas pela popula\u00e7\u00e3o foram priorizadas pelo Governo Estadual no Plano Plurianual de [&hellip;]<\/p>\n","protected":false},"author":1,"featured_media":76637,"comment_status":"open","ping_status":"closed","sticky":false,"template":"","format":"standard","meta":{"amp_status":"","footnotes":""},"categories":[121],"tags":[73521,73520,73519,73522,50168,73523,247,73524,55049],"class_list":["post-76636","post","type-post","status-publish","format-standard","has-post-thumbnail","hentry","category-leste","tag-colegiado-executivo-do-territorio-vale-do-rio-doce","tag-colegiado-executivo-do-vale-do-rio-doce","tag-colegiado-executivo-do-vale-do-rio-doce-e-instalado-em-governador-valadares","tag-etapa-devolutiva-do-forum-regional-do-territorio-do-rio-doce","tag-fabio-brasileiro","tag-forum-regional-do-territorio-do-rio-doce","tag-governador-valadares","tag-secretario-executivo-do-territorio-vale-do-rio-doce","tag-territorio-vale-do-rio-doce"],"_links":{"self":[{"href":"https:\/\/aconteceunovale.com.br\/portal\/index.php?rest_route=\/wp\/v2\/posts\/76636","targetHints":{"allow":["GET"]}}],"collection":[{"href":"https:\/\/aconteceunovale.com.br\/portal\/index.php?rest_route=\/wp\/v2\/posts"}],"about":[{"href":"https:\/\/aconteceunovale.com.br\/portal\/index.php?rest_route=\/wp\/v2\/types\/post"}],"author":[{"embeddable":true,"href":"https:\/\/aconteceunovale.com.br\/portal\/index.php?rest_route=\/wp\/v2\/users\/1"}],"replies":[{"embeddable":true,"href":"https:\/\/aconteceunovale.com.br\/portal\/index.php?rest_route=%2Fwp%2Fv2%2Fcomments&post=76636"}],"version-history":[{"count":0,"href":"https:\/\/aconteceunovale.com.br\/portal\/index.php?rest_route=\/wp\/v2\/posts\/76636\/revisions"}],"wp:featuredmedia":[{"embeddable":true,"href":"https:\/\/aconteceunovale.com.br\/portal\/index.php?rest_route=\/wp\/v2\/media\/76637"}],"wp:attachment":[{"href":"https:\/\/aconteceunovale.com.br\/portal\/index.php?rest_route=%2Fwp%2Fv2%2Fmedia&parent=76636"}],"wp:term":[{"taxonomy":"category","embeddable":true,"href":"https:\/\/aconteceunovale.com.br\/portal\/index.php?rest_route=%2Fwp%2Fv2%2Fcategories&post=76636"},{"taxonomy":"post_tag","embeddable":true,"href":"https:\/\/aconteceunovale.com.br\/portal\/index.php?rest_route=%2Fwp%2Fv2%2Ftags&post=76636"}],"curies":[{"name":"wp","href":"https:\/\/api.w.org\/{rel}","templated":true}]}}