{"id":76452,"date":"2016-01-11T20:49:28","date_gmt":"2016-01-11T23:49:28","guid":{"rendered":"http:\/\/aconteceunovale.com.br\/portal\/?p=76452"},"modified":"2016-01-11T20:50:35","modified_gmt":"2016-01-11T23:50:35","slug":"carro-capota-e-crianca-morre-na-br-116-no-municipio-de-engenheiro-caldas","status":"publish","type":"post","link":"https:\/\/aconteceunovale.com.br\/portal\/?p=76452","title":{"rendered":"Crian\u00e7a de 10 anos morre ap\u00f3s ve\u00edculo capotar na BR-116, no Vale do Rio Doce"},"content":{"rendered":"<p>Uma pessoa morreu e quatro ficaram feridas em um acidente nesse domingo, 10 de janeiro, na BR-116, pr\u00f3ximo a Engenheiro Caldas, no Vale do Rio Doce. Segundo o Corpo de Bombeiros, o motorista de um Fiat Uno, com placa de Engenheiro Caldas, perdeu o controle da dire\u00e7\u00e3o na altura do quil\u00f4metro 449 e capotou. As v\u00edtimas seguiam em dire\u00e7\u00e3o a Governador Valadares, na mesma regi\u00e3o.<\/p>\n<p>J\u00falia Emanuelle Alves da Rocha, de 10 anos, ficou gravemente ferida e veio a \u00f3bito no local. Os outros ocupantes do ve\u00edculo foram socorridos e encaminhados para atendimento m\u00e9dico no Hospital Municipal de Valadares. Militares do Corpo de Bombeiros precisaram cortar o teto do ve\u00edculo para retirar uma das passageiras que estava no banco traseiro.<\/p>\n<p>A Per\u00edcia T\u00e9cnica da Pol\u00edcia Civil foi acionada e ap\u00f3s os trabalhos de praxe, o corpo da crian\u00e7a foi encaminhado para o Posto de Per\u00edcia integrada (PPI) em Governador Valadares.<\/p>\n<p><img decoding=\"async\" src=\"http:\/\/aconteceunovale.com.br\/portal\/wp-content\/uploads\/2016\/01\/acidente_engenheiro_caldas.jpg\" alt=\"\" \/><em>Ve\u00edculo capotou no km 449 da BR-116 &#8211; Foto: Divulga\u00e7\u00e3o \/ Corpo de Bombeiros<\/em><\/p>\n","protected":false},"excerpt":{"rendered":"<p>Uma pessoa morreu e quatro ficaram feridas em um acidente nesse domingo, 10 de janeiro, na BR-116, pr\u00f3ximo a Engenheiro Caldas, no Vale do Rio Doce. Segundo o Corpo de Bombeiros, o motorista de um Fiat Uno, com placa de Engenheiro Caldas, perdeu o controle da dire\u00e7\u00e3o na altura do quil\u00f4metro 449 e capotou. As [&hellip;]<\/p>\n","protected":false},"author":1,"featured_media":76510,"comment_status":"open","ping_status":"closed","sticky":false,"template":"","format":"standard","meta":{"amp_status":"","footnotes":""},"categories":[121],"tags":[72495,72494,73206,73327,73328,288,247,73207,58056],"class_list":["post-76452","post","type-post","status-publish","format-standard","has-post-thumbnail","hentry","category-leste","tag-acidente-em-engenheiro-caldas","tag-acidente-na-br-116-em-engenheiro-caldas","tag-carro-capota-e-crianca-morre-na-br-116","tag-crianca-de-10-anos-morre-apos-veiculo-capotar-na-br-116","tag-crianca-de-10-anos-morre-apos-veiculo-capotar-na-br-116-em-engenheiro-caldas","tag-engenheiro-caldas","tag-governador-valadares","tag-no-municipio-de-engenheiro-caldas","tag-no-vale-do-rio-doce"],"_links":{"self":[{"href":"https:\/\/aconteceunovale.com.br\/portal\/index.php?rest_route=\/wp\/v2\/posts\/76452","targetHints":{"allow":["GET"]}}],"collection":[{"href":"https:\/\/aconteceunovale.com.br\/portal\/index.php?rest_route=\/wp\/v2\/posts"}],"about":[{"href":"https:\/\/aconteceunovale.com.br\/portal\/index.php?rest_route=\/wp\/v2\/types\/post"}],"author":[{"embeddable":true,"href":"https:\/\/aconteceunovale.com.br\/portal\/index.php?rest_route=\/wp\/v2\/users\/1"}],"replies":[{"embeddable":true,"href":"https:\/\/aconteceunovale.com.br\/portal\/index.php?rest_route=%2Fwp%2Fv2%2Fcomments&post=76452"}],"version-history":[{"count":0,"href":"https:\/\/aconteceunovale.com.br\/portal\/index.php?rest_route=\/wp\/v2\/posts\/76452\/revisions"}],"wp:featuredmedia":[{"embeddable":true,"href":"https:\/\/aconteceunovale.com.br\/portal\/index.php?rest_route=\/wp\/v2\/media\/76510"}],"wp:attachment":[{"href":"https:\/\/aconteceunovale.com.br\/portal\/index.php?rest_route=%2Fwp%2Fv2%2Fmedia&parent=76452"}],"wp:term":[{"taxonomy":"category","embeddable":true,"href":"https:\/\/aconteceunovale.com.br\/portal\/index.php?rest_route=%2Fwp%2Fv2%2Fcategories&post=76452"},{"taxonomy":"post_tag","embeddable":true,"href":"https:\/\/aconteceunovale.com.br\/portal\/index.php?rest_route=%2Fwp%2Fv2%2Ftags&post=76452"}],"curies":[{"name":"wp","href":"https:\/\/api.w.org\/{rel}","templated":true}]}}