{"id":76446,"date":"2016-01-10T22:14:07","date_gmt":"2016-01-11T01:14:07","guid":{"rendered":"http:\/\/aconteceunovale.com.br\/portal\/?p=76446"},"modified":"2016-01-10T22:14:07","modified_gmt":"2016-01-11T01:14:07","slug":"inscricoes-para-a-primeira-edicao-de-2016-do-sisu-comecam-nesta-segunda-feira","status":"publish","type":"post","link":"https:\/\/aconteceunovale.com.br\/portal\/?p=76446","title":{"rendered":"Inscri\u00e7\u00f5es para a primeira edi\u00e7\u00e3o de 2016 do SiSU come\u00e7am nesta segunda-feira"},"content":{"rendered":"<p>Come\u00e7am nesta segunda-feira (11\/01\/2016) as inscri\u00e7\u00f5es para a primeira edi\u00e7\u00e3o de 2016 do Sistema de Sele\u00e7\u00e3o Unificada (Sisu). As inscri\u00e7\u00f5es ser\u00e3o feitas exclusivamente pela internet, no\u00a0<a href=\"http:\/\/sisu.mec.gov.br\/\" target=\"_blank\"><em>site &#8211; www.sisu.mec.gov.br<\/em>\u00a0do Sisu<\/a>, at\u00e9 as 23h59 do dia 14 de janeiro, no hor\u00e1rio de Bras\u00edlia. Nesta edi\u00e7\u00e3o, o Sisu vai oferecer 228 mil vagas em 131 institui\u00e7\u00f5es p\u00fablicas de educa\u00e7\u00e3o superior. Os candidatos j\u00e1 podem consultar as vagas dispon\u00edveis no site do programa.<\/p>\n<p>Pode se inscrever no Sisu o estudante que participou da edi\u00e7\u00e3o de 2015 do Exame Nacional do Ensino M\u00e9dio (Enem) e obteve nota acima de zero na prova de reda\u00e7\u00e3o. \u00c9 necess\u00e1rio informar o n\u00famero de inscri\u00e7\u00e3o e a senha usados no Enem de 2015.<\/p>\n<p>O resultado da chamada regular do Sisu ser\u00e1 divulgado no dia 18 de janeiro. Os selecionados dever\u00e3o fazer a matr\u00edcula na institui\u00e7\u00e3o nos dias 22, 25 e 26 de janeiro. Assim como na edi\u00e7\u00e3o anterior, s\u00f3 haver\u00e1 uma chamada regular.<\/p>\n<p>Quem n\u00e3o foi selecionado ou foi selecionado apenas para sua segunda op\u00e7\u00e3o de curso pode aderir \u00e0 lista de espera que estar\u00e1 dispon\u00edvel na p\u00e1gina do Sisu na internet de 18 de janeiro at\u00e9 as 23h59 do dia 29. O interessado s\u00f3 pode se inscrever na lista de espera para o curso que marcou como primeira op\u00e7\u00e3o na inscri\u00e7\u00e3o. A convoca\u00e7\u00e3o das institui\u00e7\u00f5es de ensino aos candidatos em lista de espera come\u00e7a a partir do 4 de fevereiro.<\/p>\n<p>O Sisu \u00e9 o sistema informatizado do Minist\u00e9rio da Educa\u00e7\u00e3o por meio do qual os estudantes participantes do Enem concorrem a vagas de ensino superior em institui\u00e7\u00f5es p\u00fablicas. As notas do Enem foram divulgadas no dia 8 de janeiro. (Ag\u00eancia Brasil)<\/p>\n","protected":false},"excerpt":{"rendered":"<p>Come\u00e7am nesta segunda-feira (11\/01\/2016) as inscri\u00e7\u00f5es para a primeira edi\u00e7\u00e3o de 2016 do Sistema de Sele\u00e7\u00e3o Unificada (Sisu). As inscri\u00e7\u00f5es ser\u00e3o feitas exclusivamente pela internet, no\u00a0site &#8211; www.sisu.mec.gov.br\u00a0do Sisu, at\u00e9 as 23h59 do dia 14 de janeiro, no hor\u00e1rio de Bras\u00edlia. Nesta edi\u00e7\u00e3o, o Sisu vai oferecer 228 mil vagas em 131 institui\u00e7\u00f5es p\u00fablicas de [&hellip;]<\/p>\n","protected":false},"author":1,"featured_media":76447,"comment_status":"open","ping_status":"closed","sticky":false,"template":"","format":"standard","meta":{"amp_status":"","footnotes":""},"categories":[6,40238],"tags":[524,73198,73196,73201,73200,2323,45080,73197,73199],"class_list":["post-76446","post","type-post","status-publish","format-standard","has-post-thumbnail","hentry","category-br","category-educacao-2","tag-enem","tag-inscrever-sisu","tag-inscricao-sisu","tag-inscricoes-para-a-primeira-edicao-de-2016-do-sisu-comecam-nesta-segunda-feira","tag-primeira-edicao-sisu-2016","tag-sisu","tag-sisu-2016","tag-site-sisu","tag-vagas-sisu"],"_links":{"self":[{"href":"https:\/\/aconteceunovale.com.br\/portal\/index.php?rest_route=\/wp\/v2\/posts\/76446","targetHints":{"allow":["GET"]}}],"collection":[{"href":"https:\/\/aconteceunovale.com.br\/portal\/index.php?rest_route=\/wp\/v2\/posts"}],"about":[{"href":"https:\/\/aconteceunovale.com.br\/portal\/index.php?rest_route=\/wp\/v2\/types\/post"}],"author":[{"embeddable":true,"href":"https:\/\/aconteceunovale.com.br\/portal\/index.php?rest_route=\/wp\/v2\/users\/1"}],"replies":[{"embeddable":true,"href":"https:\/\/aconteceunovale.com.br\/portal\/index.php?rest_route=%2Fwp%2Fv2%2Fcomments&post=76446"}],"version-history":[{"count":0,"href":"https:\/\/aconteceunovale.com.br\/portal\/index.php?rest_route=\/wp\/v2\/posts\/76446\/revisions"}],"wp:featuredmedia":[{"embeddable":true,"href":"https:\/\/aconteceunovale.com.br\/portal\/index.php?rest_route=\/wp\/v2\/media\/76447"}],"wp:attachment":[{"href":"https:\/\/aconteceunovale.com.br\/portal\/index.php?rest_route=%2Fwp%2Fv2%2Fmedia&parent=76446"}],"wp:term":[{"taxonomy":"category","embeddable":true,"href":"https:\/\/aconteceunovale.com.br\/portal\/index.php?rest_route=%2Fwp%2Fv2%2Fcategories&post=76446"},{"taxonomy":"post_tag","embeddable":true,"href":"https:\/\/aconteceunovale.com.br\/portal\/index.php?rest_route=%2Fwp%2Fv2%2Ftags&post=76446"}],"curies":[{"name":"wp","href":"https:\/\/api.w.org\/{rel}","templated":true}]}}