{"id":76432,"date":"2016-01-10T20:12:45","date_gmt":"2016-01-10T23:12:45","guid":{"rendered":"http:\/\/aconteceunovale.com.br\/portal\/?p=76432"},"modified":"2016-01-10T20:12:45","modified_gmt":"2016-01-10T23:12:45","slug":"zona-franca-do-semi-arido-sera-a-redencao-economica-e-social-do-vale-do-jequitinhonha-diz-a-ubam","status":"publish","type":"post","link":"https:\/\/aconteceunovale.com.br\/portal\/?p=76432","title":{"rendered":"Zona Franca do Semi-\u00c1rido ser\u00e1 a reden\u00e7\u00e3o econ\u00f4mica e social do Vale do Jequitinhonha, diz a UBAM"},"content":{"rendered":"<h4><strong><em>\u201cO Vale do Jequitinhonha se transformar\u00e1 um grande centro industrial, o que vai transformar totalmente os 75 munic\u00edpios pertencentes \u00e0 regi\u00e3o, os quais sofrem com a falta de recursos e aten\u00e7\u00e3o do governo\u201d. <\/em><\/strong><\/h4>\n<p>O presidente da Uni\u00e3o Brasileira de Munic\u00edpios (UBAM), Leonardo Santana, destacou a import\u00e2ncia da proposta de sua autoria, para a cria\u00e7\u00e3o e instala\u00e7\u00e3o da Zona Franca do Semi-\u00c1rido, lan\u00e7ada desde 2008, que tramita no congresso nacional, atrav\u00e9s de uma Proposta de Emenda Constitucional, a PEC 19\/2011.<\/p>\n<p>J\u00e1 aprovada na Comiss\u00e3o de Constitui\u00e7\u00e3o e Justi\u00e7a (CCJ) da C\u00e2mara dos Deputados, a proposta seguir\u00e1 ainda este ano para ser votada em plen\u00e1rio, garantiu o dirigente municipalista.<\/p>\n<p>Ele informou que um dos maiores objetivos da Zona Franca do Semi-\u00c1rido \u00e9 a interioriza\u00e7\u00e3o do desenvolvimento, considerando que o projeto prev\u00ea a instala\u00e7\u00e3o de nove p\u00f3los industriais em cidades com localiza\u00e7\u00e3o estrat\u00e9gica, em \u00e1reas distantes das capitais, devendo as mesmas expandirem os investimentos para todos os pequenos e esquecidos Munic\u00edpios.<\/p>\n<p><img decoding=\"async\" src=\"http:\/\/aconteceunovale.com.br\/portal\/wp-content\/uploads\/2016\/01\/presidente_uban.jpg\" alt=\"\" \/><em>Leonardo Santana, presidente da UBAN &#8211; Foto: Divulga\u00e7\u00e3o<\/em><br \/>\n<\/br><\/p>\n<p><strong>Minas Gerais<\/strong><\/p>\n<p>Cada Estado contar\u00e1 com um P\u00f3lo Industrial, contendo 50 ind\u00fastrias, que v\u00e3o gerar mais de 50 mil novos empregos. <\/p>\n<p>Para o dirigente municipalista, o Vale do Jequitinhonha se transformar\u00e1 um grande centro industrial, o que vai transformar totalmente os 75 munic\u00edpios pertencentes ao Vale, os quais sofrem com a falta de recursos e aten\u00e7\u00e3o do governo. <\/p>\n<p><strong>Vale do Jequitinhonha e a Zona Franca<\/strong><\/p>\n<p>Quando se fala em Vale do Jequitinhonha logo se pensa na seca e na pobreza. Os elevados \u00edndices de pobreza, desnutri\u00e7\u00e3o, mortalidade, analfabetismo, desemprego e infra-estrutura s\u00f3cio-econ\u00f4mica apresentados pela regi\u00e3o ocasiona \u00eaxodo rural para os grandes centros urbanos e um esvaziamento demogr\u00e1fico persistente o que leva a regi\u00e3o a ser considerada  em v\u00e1rios estudos como &#8220;regi\u00e3o deprimida&#8221;. Somado a isso ainda existe a car\u00eancia de investimentos p\u00fablicos e privados na regi\u00e3o.<\/p>\n<p>Com a proposta, a UBAM objetiva a reden\u00e7\u00e3o econ\u00f4mica e social de todas as cidades que comp\u00f5em o Vale.<\/p>\n<p>Situado no nordeste de Minas, banhado pelo Rio Jequitinhonha, o Vale do Jequitinhonha ocupa uma \u00e1rea de 79mil km2, com uma popula\u00e7\u00e3o de aproximadamente 980mil habitantes onde mais de dois ter\u00e7os dela vive na zona rural. \u00c9 composto, hoje, por 75 munic\u00edpios, dos quais 52 est\u00e3o organizados nas microrregi\u00f5es Alto, M\u00e9dio e Baixo Jequitinhonha, e 23 est\u00e3o integrados \u00e0 antiga \u00e1rea mineira da SUDENE e mais de dois ter\u00e7os dela vive na zona rural. V\u00e1rios diagn\u00f3sticos convergem em assinalar que as restri\u00e7\u00f5es h\u00eddricas e as secas peri\u00f3dicas s\u00e3o fatores cruciais para o baixo desempenho da agropecu\u00e1ria, que mesmo assim ainda responde por 30% do PIB regional. (Ascom UBAM)<\/p>\n","protected":false},"excerpt":{"rendered":"<p>\u201cO Vale do Jequitinhonha se transformar\u00e1 um grande centro industrial, o que vai transformar totalmente os 75 munic\u00edpios pertencentes \u00e0 regi\u00e3o, os quais sofrem com a falta de recursos e aten\u00e7\u00e3o do governo\u201d. O presidente da Uni\u00e3o Brasileira de Munic\u00edpios (UBAM), Leonardo Santana, destacou a import\u00e2ncia da proposta de sua autoria, para a cria\u00e7\u00e3o e [&hellip;]<\/p>\n","protected":false},"author":1,"featured_media":76433,"comment_status":"open","ping_status":"closed","sticky":false,"template":"","format":"standard","meta":{"amp_status":"","footnotes":""},"categories":[120],"tags":[71283,73167,73165,71282,71281,73168,73166,71274,73164,73162,73163],"class_list":["post-76432","post","type-post","status-publish","format-standard","has-post-thumbnail","hentry","category-jequi","tag-leonardo-santana","tag-pec-192011","tag-redencao-economica-e-social-do-vale-do-jequitinhonha","tag-ubam","tag-uniao-brasileira-de-municipios","tag-vale-do-jequitinhonha-e-a-zona-franca-do-semi-arido","tag-vale-do-jequitinhonha-se-transformara-um-grande-centro-industrial","tag-zona-franca-do-semi-arido","tag-zona-franca-do-semi-arido-no-vale-do-jequitinhonha","tag-zona-franca-do-semi-arido-sera-a-redencao-economica-e-social-do-vale-do-jequitinhonha","tag-zona-franca-do-semi-arido-vale-do-jequitinhonha"],"_links":{"self":[{"href":"https:\/\/aconteceunovale.com.br\/portal\/index.php?rest_route=\/wp\/v2\/posts\/76432","targetHints":{"allow":["GET"]}}],"collection":[{"href":"https:\/\/aconteceunovale.com.br\/portal\/index.php?rest_route=\/wp\/v2\/posts"}],"about":[{"href":"https:\/\/aconteceunovale.com.br\/portal\/index.php?rest_route=\/wp\/v2\/types\/post"}],"author":[{"embeddable":true,"href":"https:\/\/aconteceunovale.com.br\/portal\/index.php?rest_route=\/wp\/v2\/users\/1"}],"replies":[{"embeddable":true,"href":"https:\/\/aconteceunovale.com.br\/portal\/index.php?rest_route=%2Fwp%2Fv2%2Fcomments&post=76432"}],"version-history":[{"count":0,"href":"https:\/\/aconteceunovale.com.br\/portal\/index.php?rest_route=\/wp\/v2\/posts\/76432\/revisions"}],"wp:featuredmedia":[{"embeddable":true,"href":"https:\/\/aconteceunovale.com.br\/portal\/index.php?rest_route=\/wp\/v2\/media\/76433"}],"wp:attachment":[{"href":"https:\/\/aconteceunovale.com.br\/portal\/index.php?rest_route=%2Fwp%2Fv2%2Fmedia&parent=76432"}],"wp:term":[{"taxonomy":"category","embeddable":true,"href":"https:\/\/aconteceunovale.com.br\/portal\/index.php?rest_route=%2Fwp%2Fv2%2Fcategories&post=76432"},{"taxonomy":"post_tag","embeddable":true,"href":"https:\/\/aconteceunovale.com.br\/portal\/index.php?rest_route=%2Fwp%2Fv2%2Ftags&post=76432"}],"curies":[{"name":"wp","href":"https:\/\/api.w.org\/{rel}","templated":true}]}}