{"id":76382,"date":"2016-01-09T17:51:10","date_gmt":"2016-01-09T20:51:10","guid":{"rendered":"http:\/\/aconteceunovale.com.br\/portal\/?p=76382"},"modified":"2016-01-09T17:51:47","modified_gmt":"2016-01-09T20:51:47","slug":"quatro-pessoas-ficam-feridas-em-acidente-na-br-251-no-norte-de-minas","status":"publish","type":"post","link":"https:\/\/aconteceunovale.com.br\/portal\/?p=76382","title":{"rendered":"Acidente entre carro e carreta deixa quatro pessoas feridas na BR-251, no Norte de Minas"},"content":{"rendered":"<p>Quatro pessoas ficaram feridas em um grave acidente na tarde deste s\u00e1bado, 9 de janeiro de 2016, na BR-251, na regi\u00e3o Norte de Minas Gerais. De acordo com informa\u00e7\u00f5es da Pol\u00edcia Rodovi\u00e1ria Federal (PRF), um Fiat Siena com placa de Uberl\u00e2ndia (MG) e um caminh\u00e3o ba\u00fa colidiram pr\u00f3ximo a Vale das Cancelas. <\/p>\n<p>O carro de passeio era ocupado por quatro pessoas, sendo um casal e duas crian\u00e7as. Uma crian\u00e7a de 7 anos ficou presa \u00e0s ferragens e foi socorrida de helic\u00f3ptero. As outras v\u00edtimas foram socorridas por uma equipe do Servi\u00e7o de Atendimento M\u00f3vel de Urg\u00eancia (SAMU) e encaminhadas para um hospital da regi\u00e3o. <\/p>\n<p>O tr\u00e2nsito foi interrompido durante o socorro \u00e0s v\u00edtimas e liberado logo em seguida. O impacto entre os dois ve\u00edculos foi t\u00e3o forte, que a parte frontal do carro de passeio ficou completamente destru\u00edda.<\/p>\n<p><img decoding=\"async\" src=\"http:\/\/aconteceunovale.com.br\/portal\/wp-content\/uploads\/2016\/01\/acidente_salinas_1.jpg\" alt=\"\" \/><em>Colis\u00e3o entre carro e caminh\u00e3o deixou 4 feridos (Foto: Elci Nunes \/ Reprodu\u00e7\u00e3o WhatsApp)<\/em><br \/>\n<\/br><\/p>\n<p><img decoding=\"async\" src=\"http:\/\/aconteceunovale.com.br\/portal\/wp-content\/uploads\/2016\/01\/acidente_salinas_2.jpg\" alt=\"\" \/><em>Colis\u00e3o entre carro e caminh\u00e3o deixou 4 feridos (Foto: Elci Nunes \/ Reprodu\u00e7\u00e3o WhatsApp)<\/em><br \/>\n<\/br><\/p>\n<p><img decoding=\"async\" src=\"http:\/\/aconteceunovale.com.br\/portal\/wp-content\/uploads\/2016\/01\/acidente_salinas_3.jpg\" alt=\"\" \/><em>Colis\u00e3o entre carro e caminh\u00e3o deixou 4 feridos (Foto: Elci Nunes \/ Reprodu\u00e7\u00e3o WhatsApp)<\/em><br \/>\n<\/br><\/p>\n<p><img decoding=\"async\" src=\"http:\/\/aconteceunovale.com.br\/portal\/wp-content\/uploads\/2016\/01\/acidente_salinas_4.jpg\" alt=\"\" \/><em>Colis\u00e3o entre carro e caminh\u00e3o deixou 4 feridos (Foto: Elci Nunes \/ Reprodu\u00e7\u00e3o WhatsApp)<\/em><\/p>\n","protected":false},"excerpt":{"rendered":"<p>Quatro pessoas ficaram feridas em um grave acidente na tarde deste s\u00e1bado, 9 de janeiro de 2016, na BR-251, na regi\u00e3o Norte de Minas Gerais. De acordo com informa\u00e7\u00f5es da Pol\u00edcia Rodovi\u00e1ria Federal (PRF), um Fiat Siena com placa de Uberl\u00e2ndia (MG) e um caminh\u00e3o ba\u00fa colidiram pr\u00f3ximo a Vale das Cancelas. O carro de [&hellip;]<\/p>\n","protected":false},"author":1,"featured_media":76385,"comment_status":"open","ping_status":"closed","sticky":false,"template":"","format":"standard","meta":{"amp_status":"","footnotes":""},"categories":[1236],"tags":[73062,73064,73061,55424,73059,73060,73063,73058,73057,73051,73054,73053,73052,1396,60072,73055,33228,73065,190,221,73056],"class_list":["post-76382","post","type-post","status-publish","format-standard","has-post-thumbnail","hentry","category-norte_de_minas","tag-acidente-brf","tag-acidente-com-caminhao-da-brf","tag-acidente-com-carreta-da-brf","tag-acidente-com-carro-de-uberlandia","tag-acidente-com-familia-de-uberlandia","tag-acidente-com-moradores-de-uberlandia","tag-acidente-com-motorista-da-brf","tag-acidente-com-pessoas-de-uberlandia","tag-acidente-com-siena-de-uberlandia","tag-acidente-entre-carro-e-carreta-deixa-quatro-pessoas-feridas-na-br-251","tag-acidente-entre-carro-e-carreta-deixa-quatro-pessoas-feridas-na-br-251-em-salinas","tag-acidente-entre-carro-e-carreta-deixa-quatro-pessoas-feridas-na-br-251-em-vale-das-cancelas","tag-acidente-entre-carro-e-carreta-deixa-quatro-pessoas-feridas-na-br-251-no-norte-de-minas","tag-acidente-na-br-251","tag-acidente-na-br-251-em-salinas","tag-acidente-na-br-251-em-vale-das-cancelas","tag-no-norte-de-minas","tag-quatro-pessoas-ficam-feridas-em-acidente-na-br-251","tag-salinas","tag-uberlandia","tag-vale-das-cancelas"],"_links":{"self":[{"href":"https:\/\/aconteceunovale.com.br\/portal\/index.php?rest_route=\/wp\/v2\/posts\/76382","targetHints":{"allow":["GET"]}}],"collection":[{"href":"https:\/\/aconteceunovale.com.br\/portal\/index.php?rest_route=\/wp\/v2\/posts"}],"about":[{"href":"https:\/\/aconteceunovale.com.br\/portal\/index.php?rest_route=\/wp\/v2\/types\/post"}],"author":[{"embeddable":true,"href":"https:\/\/aconteceunovale.com.br\/portal\/index.php?rest_route=\/wp\/v2\/users\/1"}],"replies":[{"embeddable":true,"href":"https:\/\/aconteceunovale.com.br\/portal\/index.php?rest_route=%2Fwp%2Fv2%2Fcomments&post=76382"}],"version-history":[{"count":0,"href":"https:\/\/aconteceunovale.com.br\/portal\/index.php?rest_route=\/wp\/v2\/posts\/76382\/revisions"}],"wp:featuredmedia":[{"embeddable":true,"href":"https:\/\/aconteceunovale.com.br\/portal\/index.php?rest_route=\/wp\/v2\/media\/76385"}],"wp:attachment":[{"href":"https:\/\/aconteceunovale.com.br\/portal\/index.php?rest_route=%2Fwp%2Fv2%2Fmedia&parent=76382"}],"wp:term":[{"taxonomy":"category","embeddable":true,"href":"https:\/\/aconteceunovale.com.br\/portal\/index.php?rest_route=%2Fwp%2Fv2%2Fcategories&post=76382"},{"taxonomy":"post_tag","embeddable":true,"href":"https:\/\/aconteceunovale.com.br\/portal\/index.php?rest_route=%2Fwp%2Fv2%2Ftags&post=76382"}],"curies":[{"name":"wp","href":"https:\/\/api.w.org\/{rel}","templated":true}]}}