{"id":76372,"date":"2016-01-09T13:39:22","date_gmt":"2016-01-09T16:39:22","guid":{"rendered":"http:\/\/aconteceunovale.com.br\/portal\/?p=76372"},"modified":"2016-01-09T13:39:22","modified_gmt":"2016-01-09T16:39:22","slug":"cientistas-querem-oficializar-inicio-de-novo-periodo-geologico","status":"publish","type":"post","link":"https:\/\/aconteceunovale.com.br\/portal\/?p=76372","title":{"rendered":"Cientistas querem oficializar in\u00edcio de novo per\u00edodo geol\u00f3gico"},"content":{"rendered":"<p>Um novo estudo sugere que j\u00e1 h\u00e1 evid\u00eancias suficientes de que as mudan\u00e7as ambientais causadas pelo homem na Terra deflagraram o in\u00edcio de um novo per\u00edodo geol\u00f3gico. Segundo a pesquisa, os vest\u00edgios deixados ser\u00e3o detect\u00e1veis em camadas no solo daqui a milh\u00f5es de anos, mesmo que a humanidade acabe.<\/p>\n<p>O termo \u201cAntropoceno\u201d (da palavra grega \u201canthropos\u201d, homem) foi cunhado na d\u00e9cada de 80 pelo ec\u00f3logo norte-americano Eugene Stoermer para ilustrar o impacto das popula\u00e7\u00f5es humanas no ambiente. Agora, por\u00e9m, j\u00e1 merece ser oficialmente incorporado ao vocabul\u00e1rio dos ge\u00f3logos, afirma o trabalho.<\/p>\n<p>A proposta \u00e9 defendida em um estudo publicado nesta semana pela revista \u201cScience\u201d, liderado por Colin Waters, cientista do Servi\u00e7o Geol\u00f3gico Brit\u00e2nico. Segundo o ge\u00f3logo, o Antropoceno passou a exibir a maior parte de seus sinais distintivos a partir de 1950 e encerra a \u00e9poca do Holoceno, que come\u00e7ou h\u00e1 11,7 mil anos.<\/p>\n<p>\u201cOs dep\u00f3sitos antropog\u00eanicos recentes cont\u00eam novos tipos de rochas e minerais, refletindo uma r\u00e1pida dissemina\u00e7\u00e3o global de alum\u00ednio puro, concreto e pl\u00e1stico\u201d, afirma o estudo. \u201cA queima de combust\u00edveis f\u00f3sseis disseminou fuligem, esferas de cinza inorg\u00e2nica e part\u00edculas carbon\u00e1ceas esf\u00e9ricas por todo o mundo\u201d.<\/p>\n<p><strong>Tecnof\u00f3sseis<\/strong><\/p>\n<p>Waters e seus colaboradores apelidaram de \u201ctecnof\u00f3sseis\u201d esses materiais propensos a sobreviver no futuro. Ele e pesquisadores de outras 21 institui\u00e7\u00f5es que assinam o estudo afirmam que o Antropoceno j\u00e1 possui estratigrafia \u2013 a identifica\u00e7\u00e3o de eras geol\u00f3gicas pela deposi\u00e7\u00e3o de camadas no solo \u2013 distinta daquela do Holoceno.<\/p>\n<p>Al\u00e9m das mudan\u00e7as em camadas geol\u00f3gicas, paleont\u00f3logos num futuro distante ser\u00e3o capazes de identificar um evento de extin\u00e7\u00e3o de esp\u00e9cies em massa. Trabalhos citados pelo estudo indicam que o planeta est\u00e1 no rumo de perder 75% das esp\u00e9cies nos pr\u00f3ximos poucos s\u00e9culos.<\/p>\n<p><strong>Aquecimento<\/strong><\/p>\n<p>O Antropoceno tamb\u00e9m \u00e9 distinto do ponto de vista da mudan\u00e7a clim\u00e1tica global, causada pelo aumento da concentra\u00e7\u00e3o de gases do efeito estufa, dizem os pesquisadores.<\/p>\n<p>Algumas mudan\u00e7as detectadas s\u00e3o mais sutis, mas tamb\u00e9m distintivas. Entre elas est\u00e3o eleva\u00e7\u00e3o de temperatura, que chega a uma m\u00e9dia global de 0,9\u00b0C acima do natural, e o aumento no n\u00edvel do mar, numa m\u00e9dia de 3,2 mm por ano ap\u00f3s a d\u00e9cada de 90. Os n\u00fameros podem parecer pequenos, mas n\u00e3o h\u00e1 registro de que tenha sido assim nos \u00faltimos 14 mil anos.<\/p>\n<p>Se o aquecimento global continuar desenfreado, dizem os pesquisadores, a popula\u00e7\u00e3o humana vai encerrar n\u00e3o apenas o Holoceno, uma \u201c\u00e9poca geol\u00f3gica\u201d, mas tamb\u00e9m o Quatern\u00e1rio, um \u201cper\u00edodo geol\u00f3gico\u201d \u2013 recorte de tempo maior, iniciado 2,6 milh\u00f5es de anos atr\u00e1s.<\/p>\n<p><strong>Era at\u00f4mica<\/strong><\/p>\n<p>Um dos sinais da presen\u00e7a humana no planeta que devem perdurar ao longo das eras \u00e9 o uso de armas nucleares, detonadas duas vezes no fim da Segunda Guerra Mundial e dezenas de vezes em testes at\u00e9 depois do s\u00e9culo XX.<\/p>\n<p>Apesar de relativamente breve, esse intervalo deixou um excesso de carbono-14 \u2013 uma vers\u00e3o mais pesada do \u00e1tomo de carbono \u2013 que ser\u00e1 depositado no estrato geol\u00f3gico em forma\u00e7\u00e3o agora.<\/p>\n<p><strong>Flash<\/strong><\/p>\n<p>Um dos sinais da forte presen\u00e7a humana, segundo o estudo, \u00e9 a mudan\u00e7a na deposi\u00e7\u00e3o de sedimentos causada pela urbaniza\u00e7\u00e3o, pelo desmatamento e pela constru\u00e7\u00e3o de represas.<\/p>\n<p>(O Tempo)<\/p>\n","protected":false},"excerpt":{"rendered":"<p>Um novo estudo sugere que j\u00e1 h\u00e1 evid\u00eancias suficientes de que as mudan\u00e7as ambientais causadas pelo homem na Terra deflagraram o in\u00edcio de um novo per\u00edodo geol\u00f3gico. Segundo a pesquisa, os vest\u00edgios deixados ser\u00e3o detect\u00e1veis em camadas no solo daqui a milh\u00f5es de anos, mesmo que a humanidade acabe. O termo \u201cAntropoceno\u201d (da palavra grega [&hellip;]<\/p>\n","protected":false},"author":1,"featured_media":76374,"comment_status":"open","ping_status":"closed","sticky":false,"template":"","format":"standard","meta":{"amp_status":"","footnotes":""},"categories":[28848],"tags":[73043,73036,73041,73044,73042,73039,73038,73037,73040],"class_list":["post-76372","post","type-post","status-publish","format-standard","has-post-thumbnail","hentry","category-mundo","tag-antropoceno","tag-cientistas-querem-oficializar-inicio-de-novo-periodo-geologico","tag-era-atomica","tag-holoceno","tag-mudancas-ambientais-causadas-pelo-homem-na-terra","tag-nova-epoca-geologica","tag-nova-era-geologica","tag-novo-periodo-geologico","tag-tecnofosseis"],"_links":{"self":[{"href":"https:\/\/aconteceunovale.com.br\/portal\/index.php?rest_route=\/wp\/v2\/posts\/76372","targetHints":{"allow":["GET"]}}],"collection":[{"href":"https:\/\/aconteceunovale.com.br\/portal\/index.php?rest_route=\/wp\/v2\/posts"}],"about":[{"href":"https:\/\/aconteceunovale.com.br\/portal\/index.php?rest_route=\/wp\/v2\/types\/post"}],"author":[{"embeddable":true,"href":"https:\/\/aconteceunovale.com.br\/portal\/index.php?rest_route=\/wp\/v2\/users\/1"}],"replies":[{"embeddable":true,"href":"https:\/\/aconteceunovale.com.br\/portal\/index.php?rest_route=%2Fwp%2Fv2%2Fcomments&post=76372"}],"version-history":[{"count":0,"href":"https:\/\/aconteceunovale.com.br\/portal\/index.php?rest_route=\/wp\/v2\/posts\/76372\/revisions"}],"wp:featuredmedia":[{"embeddable":true,"href":"https:\/\/aconteceunovale.com.br\/portal\/index.php?rest_route=\/wp\/v2\/media\/76374"}],"wp:attachment":[{"href":"https:\/\/aconteceunovale.com.br\/portal\/index.php?rest_route=%2Fwp%2Fv2%2Fmedia&parent=76372"}],"wp:term":[{"taxonomy":"category","embeddable":true,"href":"https:\/\/aconteceunovale.com.br\/portal\/index.php?rest_route=%2Fwp%2Fv2%2Fcategories&post=76372"},{"taxonomy":"post_tag","embeddable":true,"href":"https:\/\/aconteceunovale.com.br\/portal\/index.php?rest_route=%2Fwp%2Fv2%2Ftags&post=76372"}],"curies":[{"name":"wp","href":"https:\/\/api.w.org\/{rel}","templated":true}]}}