{"id":75996,"date":"2016-01-04T19:39:28","date_gmt":"2016-01-04T22:39:28","guid":{"rendered":"http:\/\/aconteceunovale.com.br\/portal\/?p=75996"},"modified":"2016-01-04T19:39:28","modified_gmt":"2016-01-04T22:39:28","slug":"carga-de-mortadela-e-saqueada-apos-carreta-tombar-na-br-116","status":"publish","type":"post","link":"https:\/\/aconteceunovale.com.br\/portal\/?p=75996","title":{"rendered":"Carga de mortadela \u00e9 saqueada ap\u00f3s carreta tombar na BR-116"},"content":{"rendered":"<p>O acidente foi registrado na tarde desta segunda-feira (04\/01\/16), por volta das 14h30, no Km 554 da BR 116, no munic\u00edpio de Santa B\u00e1rbara do Leste (MG). A carreta carregada com caixas de bexigas de mortadelas e comidas enlatadas tombou na pista.<\/p>\n<p>O condutor da carreta, Atansio Jos\u00e9 Rodrigues dos Santos, de 29 anos, relatou ao comandante do Corpo de Bombeiros Anjos de Resgate de Santa B\u00e1rbara do Leste que seguia sentido a Macei\u00f3 (AL), quando foi surpreendido na curva por um ve\u00edculo fazendo uma ultrapassagem. Para evitar uma colis\u00e3o frontal tentou tirar a carreta e tombou no acostamento da pista.<\/p>\n<p>O motorista sofreu escoria\u00e7\u00f5es na perna direita e dispensou o atendimento dos bombeiros. A carga foi saqueada por motoristas que passavam pela rodovia e por pessoas que residem perto do local do acidente.<\/p>\n<p><img decoding=\"async\" src=\"http:\/\/aconteceunovale.com.br\/portal\/wp-content\/uploads\/2016\/01\/carga_saqueada_116_1.jpg\" alt=\"\" \/><em>Carga foi saqueada ap\u00f3s acidente na BR-116 &#8211; Foto: Reprodu\u00e7\u00e3o \/ WhatsApp<\/em><br \/>\n<\/br><\/p>\n<p><img decoding=\"async\" src=\"http:\/\/aconteceunovale.com.br\/portal\/wp-content\/uploads\/2016\/01\/carga_saqueada_116_2.jpg\" alt=\"\" \/><em>Carga foi saqueada ap\u00f3s acidente na BR-116 &#8211; Foto: Reprodu\u00e7\u00e3o \/ WhatsApp<\/em><br \/>\n<\/br><\/p>\n<p><em>(Fonte: Super Canal Caratinga)<\/em><\/p>\n","protected":false},"excerpt":{"rendered":"<p>O acidente foi registrado na tarde desta segunda-feira (04\/01\/16), por volta das 14h30, no Km 554 da BR 116, no munic\u00edpio de Santa B\u00e1rbara do Leste (MG). A carreta carregada com caixas de bexigas de mortadelas e comidas enlatadas tombou na pista. O condutor da carreta, Atansio Jos\u00e9 Rodrigues dos Santos, de 29 anos, relatou [&hellip;]<\/p>\n","protected":false},"author":1,"featured_media":75997,"comment_status":"open","ping_status":"closed","sticky":false,"template":"","format":"standard","meta":{"amp_status":"","footnotes":""},"categories":[121],"tags":[72308,72309,72306,72307,14725,311],"class_list":["post-75996","post","type-post","status-publish","format-standard","has-post-thumbnail","hentry","category-leste","tag-acidente-com-carreta-carregada-com-mortadela-na-br-116","tag-atansio-jose-rodrigues-dos-santos","tag-carga-de-mortadela-e-saqueada-apos-carreta-tombar-na-br-116","tag-carga-de-mortadela-saqueada-na-br-116","tag-maceio","tag-santa-barbara-do-leste"],"_links":{"self":[{"href":"https:\/\/aconteceunovale.com.br\/portal\/index.php?rest_route=\/wp\/v2\/posts\/75996","targetHints":{"allow":["GET"]}}],"collection":[{"href":"https:\/\/aconteceunovale.com.br\/portal\/index.php?rest_route=\/wp\/v2\/posts"}],"about":[{"href":"https:\/\/aconteceunovale.com.br\/portal\/index.php?rest_route=\/wp\/v2\/types\/post"}],"author":[{"embeddable":true,"href":"https:\/\/aconteceunovale.com.br\/portal\/index.php?rest_route=\/wp\/v2\/users\/1"}],"replies":[{"embeddable":true,"href":"https:\/\/aconteceunovale.com.br\/portal\/index.php?rest_route=%2Fwp%2Fv2%2Fcomments&post=75996"}],"version-history":[{"count":0,"href":"https:\/\/aconteceunovale.com.br\/portal\/index.php?rest_route=\/wp\/v2\/posts\/75996\/revisions"}],"wp:featuredmedia":[{"embeddable":true,"href":"https:\/\/aconteceunovale.com.br\/portal\/index.php?rest_route=\/wp\/v2\/media\/75997"}],"wp:attachment":[{"href":"https:\/\/aconteceunovale.com.br\/portal\/index.php?rest_route=%2Fwp%2Fv2%2Fmedia&parent=75996"}],"wp:term":[{"taxonomy":"category","embeddable":true,"href":"https:\/\/aconteceunovale.com.br\/portal\/index.php?rest_route=%2Fwp%2Fv2%2Fcategories&post=75996"},{"taxonomy":"post_tag","embeddable":true,"href":"https:\/\/aconteceunovale.com.br\/portal\/index.php?rest_route=%2Fwp%2Fv2%2Ftags&post=75996"}],"curies":[{"name":"wp","href":"https:\/\/api.w.org\/{rel}","templated":true}]}}