{"id":75968,"date":"2016-01-04T17:58:09","date_gmt":"2016-01-04T20:58:09","guid":{"rendered":"http:\/\/aconteceunovale.com.br\/portal\/?p=75968"},"modified":"2016-01-04T17:58:09","modified_gmt":"2016-01-04T20:58:09","slug":"estado-publica-pontuacao-final-das-unidades-de-conservacao-aptas-a-receber-o-icms-ecologico","status":"publish","type":"post","link":"https:\/\/aconteceunovale.com.br\/portal\/?p=75968","title":{"rendered":"Estado publica pontua\u00e7\u00e3o final das Unidades de Conserva\u00e7\u00e3o aptas a receber o ICMS Ecol\u00f3gico"},"content":{"rendered":"<p>A\u00a0Secretaria de Estado de Meio Ambiente e Desenvolvimento Sustent\u00e1vel (Semad)\u00a0publicou\u00a0a lista anual com a classifica\u00e7\u00e3o das unidades de conserva\u00e7\u00e3o cadastradas em Minas Gerais no\u00a0Di\u00e1rio Oficial do Estado. A classifica\u00e7\u00e3o, feita de acordo com o c\u00e1lculo do \u00cdndice de Conserva\u00e7\u00e3o (IC), \u00e9 usada como um dos subcrit\u00e9rios para a distribui\u00e7\u00e3o do ICMS Ecol\u00f3gico aos munic\u00edpios mineiros.\u00a0<a href=\"http:\/\/jornal.iof.mg.gov.br\/xmlui\/handle\/123456789\/157149\" target=\"_blank\">Clique aqui (www.iof.mg.gov.br)<\/a>\u00a0para conferir a listagem na \u00edntegra.<\/p>\n<p>\u201cQuanto maior for o \u00edndice maior vai ser o repasse do ICMS Ecol\u00f3gico para o munic\u00edpio\u201d, frisa o gerente de Cria\u00e7\u00e3o e Implanta\u00e7\u00e3o de \u00c1reas Protegidas do\u00a0Instituto Estadual de Florestas (IEF), Paulo Scheid. Para o c\u00e1lculo do IC, o IEF analisa crit\u00e9rios referentes \u00e0 qualidade f\u00edsica da \u00e1rea, ao plano de manejo e \u00e0 infraestrutura local, por exemplo.<\/p>\n<p>\u201cO \u00edndice funciona como uma avalia\u00e7\u00e3o da efici\u00eancia da gest\u00e3o da unidade de conserva\u00e7\u00e3o. Todos os anos os munic\u00edpios enviam a rela\u00e7\u00e3o das atividades que s\u00e3o desenvolvidas no local. Ao todo, s\u00e3o avaliados cerca de 10 par\u00e2metros e tudo tem que ser comprovado com a devida documenta\u00e7\u00e3o\u201d, explica o gerente.<\/p>\n<p>A pontua\u00e7\u00e3o de cada unidade \u00e9 expressa em d\u00e9cimos, variando entre 0,1 e 1,0. Quanto mais o munic\u00edpio investir na \u00e1rea conservada, melhor ser\u00e1 sua pontua\u00e7\u00e3o no IC. Atualmente, n\u00e3o existe a obrigatoriedade de a administra\u00e7\u00e3o municipal investir o recurso arrecadado com o ICMS Ecol\u00f3gico nas unidades de conserva\u00e7\u00e3o, que podem ser de dois tipos, conforme a seguir:<\/p>\n<p><em>&#8211; Unidades de Conserva\u00e7\u00e3o de Prote\u00e7\u00e3o Integral: Esta\u00e7\u00e3o Ecol\u00f3gica, Reserva Biol\u00f3gica, Parque, Monumento Natural e Ref\u00fagio de Vida Silvestre.<\/em><\/p>\n<p><em>&#8211; Unidades de Conserva\u00e7\u00e3o de Uso sustent\u00e1vel: \u00c1rea de Relevante Interesse Ecol\u00f3gico, Reserva Extrativista, Reserva de Fauna, Reserva Particular do Patrim\u00f4nio Natural, Reserva de Desenvolvimento Sustent\u00e1vel, Floresta Nacional, Estadual ou Municipal e \u00c1rea de Prote\u00e7\u00e3o Ambiental.<\/em><\/p>\n<p><strong>Cadastro aberto<\/strong><\/p>\n<p>Os munic\u00edpios que n\u00e3o apresentaram a devida documenta\u00e7\u00e3o tiveram suas unidades de conserva\u00e7\u00e3o exclu\u00eddas do cadastro. A rela\u00e7\u00e3o de documentos necess\u00e1rios e as leis que definem o recadastramento constam das resolu\u00e7\u00f5es da Semad e est\u00e3o dispon\u00edveis nos sites\u00a0<a href=\"http:\/\/www.ief.mg.gov.br\/\" target=\"_blank\">www.ief.mg.gov.br<\/a>\u00a0e\u00a0<a href=\"http:\/\/www.semad.mg.gov.br\/\" target=\"_blank\">www.semad.mg.gov.br<\/a>.<\/p>\n<p>Embora a rela\u00e7\u00e3o anual tenha sido publicada, Paulo Sheid lembra que, a cada tr\u00eas meses, \u00e9 publicada uma nova lista. Nelas, unidades de conserva\u00e7\u00e3o ainda podem ser inclu\u00eddas ou at\u00e9 mesmo exclu\u00eddas. \u201cSem a documenta\u00e7\u00e3o completa a unidade sai do cadastro\u201d, alerta o especialista do IEF.<\/p>\n<p>Dentre os documentos exigidos, as prefeituras devem enviar o diploma legal instituidor da unidade e respectiva publica\u00e7\u00e3o oficial e o relat\u00f3rio dos estudos t\u00e9cnicos. Neste \u00faltimo, devem constar informa\u00e7\u00f5es como a caracteriza\u00e7\u00e3o f\u00edsica (geologia, geomorfologia, pedologia, recursos h\u00eddricos, clima e espeleologia) e biol\u00f3gica (cobertura vegetal e flora, mastofauna, avifauna, herpetofauna, ictiofauna, bioespeleologia e paleontologia) da \u00e1rea.<\/p>\n<p><strong>ICMS Ecol\u00f3gico<\/strong><\/p>\n<p>O ICMS Ecol\u00f3gico foi criado a partir da necessidade do\u00a0Governo de Minas Gerais\u00a0encontrar alternativas para o fomento de atividades econ\u00f4micas pautadas nas regras de prote\u00e7\u00e3o ambiental e do desenvolvimento sustent\u00e1vel nos munic\u00edpios. O ICMS Ecol\u00f3gico representa 1,1% do total da arrecada\u00e7\u00e3o do Imposto sobre Circula\u00e7\u00e3o de Mercadorias e Servi\u00e7os (ICMS). Esse percentual \u00e9 distribu\u00eddo entre os munic\u00edpios pela\u00a0Funda\u00e7\u00e3o Jo\u00e3o Pinheiro (FJP)\u00a0de acordo com \u00cdndice de Meio Ambiente (IMA), que \u00e9 composto pelos subcrit\u00e9rios \u00cdndice de Conserva\u00e7\u00e3o (IC), \u00cdndice de Saneamento Ambiental (ISA) e \u00cdndice de Mata Seca (IMS).<\/p>\n<p>O IC tem o peso 45,45% no c\u00e1lculo do IMA, bem como o ISA. O IMS, por sua vez, tem peso de 9,1%. Est\u00e3o aptos a receber o ICMS Ecol\u00f3gico, via subcrit\u00e9rio ISA, os munic\u00edpios que possuem sistema de tratamento ou disposi\u00e7\u00e3o final de lixo ou de esgoto sanit\u00e1rio, com opera\u00e7\u00e3o licenciada ou autorizada pelo \u00f3rg\u00e3o ambiental estadual, que atendam, no m\u00ednimo, a, respectivamente, 70% e 50% da popula\u00e7\u00e3o urbana. J\u00e1 o subcrit\u00e9rio IMS considera a \u00e1rea de mata seca existente no munic\u00edpio, cujo valor encontra-se dispon\u00edvel na vers\u00e3o mais atual do Invent\u00e1rio Florestal de Minas Gerais (<a href=\"http:\/\/www.inventarioflorestal.mg.gov.br\/\" target=\"_blank\">www.inventarioflorestal.mg.gov.br<\/a>).<\/p>\n","protected":false},"excerpt":{"rendered":"<p>A\u00a0Secretaria de Estado de Meio Ambiente e Desenvolvimento Sustent\u00e1vel (Semad)\u00a0publicou\u00a0a lista anual com a classifica\u00e7\u00e3o das unidades de conserva\u00e7\u00e3o cadastradas em Minas Gerais no\u00a0Di\u00e1rio Oficial do Estado. A classifica\u00e7\u00e3o, feita de acordo com o c\u00e1lculo do \u00cdndice de Conserva\u00e7\u00e3o (IC), \u00e9 usada como um dos subcrit\u00e9rios para a distribui\u00e7\u00e3o do ICMS Ecol\u00f3gico aos munic\u00edpios mineiros.\u00a0Clique [&hellip;]<\/p>\n","protected":false},"author":1,"featured_media":75969,"comment_status":"open","ping_status":"closed","sticky":false,"template":"","format":"standard","meta":{"amp_status":"","footnotes":""},"categories":[123],"tags":[1687,1511,62653,971,130,1615,1629,1536,4202,273,31797,72239,72240,3677,957,72241,142,274,13982,10019,1716,24486,4676,275,1725,972,72245,1549,1531,657,35302,1740,72244,30020,4677,186,1490,67809,1558,1551,1683,1656,1504,13209,1514,3683,72243,551,253,72242,183,4138,12265,30021,192,353,33494,1525,70684,193,1770,72237,72236,72238,72229,72232,37029,72234,72231,29294,72233,72235,72230],"class_list":["post-75968","post","type-post","status-publish","format-standard","has-post-thumbnail","hentry","category-gerais","tag-abadia-dos-dourados","tag-abaete","tag-abre-campo","tag-acucena","tag-agua-boa","tag-agua-comprida","tag-aguanil","tag-aguas-formosas","tag-aguas-vermelhas","tag-aimores","tag-aiuruoca","tag-alagoa","tag-albertina","tag-alem-paraiba","tag-alfenas","tag-alfredo-vasconcelos","tag-almenara","tag-alpercata","tag-alpinopolis","tag-alterosa","tag-alto-caparao","tag-alto-jequitiba","tag-alto-rio-doce","tag-alvarenga","tag-alvinopolis","tag-alvorada-de-minas","tag-amparo-da-serra","tag-andradas","tag-andrelandia","tag-angelandia","tag-antonio-carlos","tag-antonio-dias","tag-antonio-prado-de-minas","tag-aracai","tag-aracitaba","tag-aracuai","tag-araguari","tag-arantina","tag-araponga","tag-arapora","tag-arapua","tag-araujos","tag-araxa","tag-arceburgo","tag-arcos","tag-areado","tag-argirita","tag-aricanduva","tag-arinos","tag-astolfo-dultra","tag-ataleia","tag-augusto-de-lima","tag-baependi","tag-baldim","tag-bambui","tag-bandeira","tag-bandeira-do-sul","tag-barao-de-cocais","tag-barao-de-monte-alto","tag-barbacena","tag-barra-longa","tag-berno-de-furnas","tag-cachoeira-do-tombo","tag-campina","tag-estado-publica-pontuacao-final-das-unidades-de-conservacao-aptas-a-receber-o-icms-ecologico","tag-fazenda-bulcao","tag-icms-ecologico","tag-nave-da-esperanca","tag-rio-corrente","tag-serra-da-mantiqueira","tag-serra-do-papagaio","tag-serra-dos-garcias","tag-unidades-de-conservacao-aptas-a-receber-o-icms-ecologico"],"_links":{"self":[{"href":"https:\/\/aconteceunovale.com.br\/portal\/index.php?rest_route=\/wp\/v2\/posts\/75968","targetHints":{"allow":["GET"]}}],"collection":[{"href":"https:\/\/aconteceunovale.com.br\/portal\/index.php?rest_route=\/wp\/v2\/posts"}],"about":[{"href":"https:\/\/aconteceunovale.com.br\/portal\/index.php?rest_route=\/wp\/v2\/types\/post"}],"author":[{"embeddable":true,"href":"https:\/\/aconteceunovale.com.br\/portal\/index.php?rest_route=\/wp\/v2\/users\/1"}],"replies":[{"embeddable":true,"href":"https:\/\/aconteceunovale.com.br\/portal\/index.php?rest_route=%2Fwp%2Fv2%2Fcomments&post=75968"}],"version-history":[{"count":0,"href":"https:\/\/aconteceunovale.com.br\/portal\/index.php?rest_route=\/wp\/v2\/posts\/75968\/revisions"}],"wp:featuredmedia":[{"embeddable":true,"href":"https:\/\/aconteceunovale.com.br\/portal\/index.php?rest_route=\/wp\/v2\/media\/75969"}],"wp:attachment":[{"href":"https:\/\/aconteceunovale.com.br\/portal\/index.php?rest_route=%2Fwp%2Fv2%2Fmedia&parent=75968"}],"wp:term":[{"taxonomy":"category","embeddable":true,"href":"https:\/\/aconteceunovale.com.br\/portal\/index.php?rest_route=%2Fwp%2Fv2%2Fcategories&post=75968"},{"taxonomy":"post_tag","embeddable":true,"href":"https:\/\/aconteceunovale.com.br\/portal\/index.php?rest_route=%2Fwp%2Fv2%2Ftags&post=75968"}],"curies":[{"name":"wp","href":"https:\/\/api.w.org\/{rel}","templated":true}]}}