{"id":75894,"date":"2016-01-04T08:44:31","date_gmt":"2016-01-04T11:44:31","guid":{"rendered":"http:\/\/aconteceunovale.com.br\/portal\/?p=75894"},"modified":"2016-01-04T08:44:31","modified_gmt":"2016-01-04T11:44:31","slug":"previsao-do-tempo-para-minas-gerais-nesta-segunda-feira-4-de-janeiro","status":"publish","type":"post","link":"https:\/\/aconteceunovale.com.br\/portal\/?p=75894","title":{"rendered":"Previs\u00e3o do tempo para Minas Gerais, nesta segunda-feira, 4 de janeiro"},"content":{"rendered":"<h4><strong><em>C\u00e9u encoberto, com pancadas de chuva fortes, acompanhadas de raios e rajadas de vento na maior parte do estado.<\/em><\/strong><\/h4>\n<p>Nesta segunda-feira (4\/1), o tempo segue muito inst\u00e1vel sobre o Sudeste do Brasil.<\/p>\n<p>No estado de Minas Gerais, o tempo deve ficar encoberto, com pancadas de chuva fortes acompanhadas de raios e rajadas de vento ocasionais nas regi\u00f5es Noroeste, Norte, Vale do Jequitinhonha, Mucuri, Rio Doce, Tri\u00e2ngulo Mineiro, Alto Parana\u00edba, Centro e Oeste. Nas outras regi\u00f5es do estado, o tempo deve ficar nublado com pancadas de chuva.<\/p>\n<p>Na Regi\u00e3o Metropolitana de Belo Horizonte, o dia ser\u00e1 de tempo encoberto, com pancadas de chuva. Na capital mineira, o dia ser\u00e1 de tempo muito inst\u00e1vel, com c\u00e9u encoberto e previs\u00e3o de chuvas isoladas. A temperatura deve variar entre 17\u00b0C e 26\u00b0C, com umidade relativa do ar m\u00ednima de 60% \u00e0 tarde.<\/p>\n","protected":false},"excerpt":{"rendered":"<p>C\u00e9u encoberto, com pancadas de chuva fortes, acompanhadas de raios e rajadas de vento na maior parte do estado. Nesta segunda-feira (4\/1), o tempo segue muito inst\u00e1vel sobre o Sudeste do Brasil. No estado de Minas Gerais, o tempo deve ficar encoberto, com pancadas de chuva fortes acompanhadas de raios e rajadas de vento ocasionais [&hellip;]<\/p>\n","protected":false},"author":1,"featured_media":70500,"comment_status":"open","ping_status":"closed","sticky":false,"template":"","format":"standard","meta":{"amp_status":"","footnotes":""},"categories":[123],"tags":[72054,44471,1956,1839,72055,28170,72056],"class_list":["post-75894","post","type-post","status-publish","format-standard","has-post-thumbnail","hentry","category-gerais","tag-4-de-janeiro","tag-nesta-segunda-feira","tag-previsao-do-tempo","tag-previsao-do-tempo-para-minas-gerais","tag-previsao-do-tempo-para-minas-gerais-4-de-janeiro","tag-previsao-do-tempo-para-minas-gerais-nesta-segunda-feira","tag-segunda-feira-4-de-janeiro"],"_links":{"self":[{"href":"https:\/\/aconteceunovale.com.br\/portal\/index.php?rest_route=\/wp\/v2\/posts\/75894","targetHints":{"allow":["GET"]}}],"collection":[{"href":"https:\/\/aconteceunovale.com.br\/portal\/index.php?rest_route=\/wp\/v2\/posts"}],"about":[{"href":"https:\/\/aconteceunovale.com.br\/portal\/index.php?rest_route=\/wp\/v2\/types\/post"}],"author":[{"embeddable":true,"href":"https:\/\/aconteceunovale.com.br\/portal\/index.php?rest_route=\/wp\/v2\/users\/1"}],"replies":[{"embeddable":true,"href":"https:\/\/aconteceunovale.com.br\/portal\/index.php?rest_route=%2Fwp%2Fv2%2Fcomments&post=75894"}],"version-history":[{"count":0,"href":"https:\/\/aconteceunovale.com.br\/portal\/index.php?rest_route=\/wp\/v2\/posts\/75894\/revisions"}],"wp:featuredmedia":[{"embeddable":true,"href":"https:\/\/aconteceunovale.com.br\/portal\/index.php?rest_route=\/wp\/v2\/media\/70500"}],"wp:attachment":[{"href":"https:\/\/aconteceunovale.com.br\/portal\/index.php?rest_route=%2Fwp%2Fv2%2Fmedia&parent=75894"}],"wp:term":[{"taxonomy":"category","embeddable":true,"href":"https:\/\/aconteceunovale.com.br\/portal\/index.php?rest_route=%2Fwp%2Fv2%2Fcategories&post=75894"},{"taxonomy":"post_tag","embeddable":true,"href":"https:\/\/aconteceunovale.com.br\/portal\/index.php?rest_route=%2Fwp%2Fv2%2Ftags&post=75894"}],"curies":[{"name":"wp","href":"https:\/\/api.w.org\/{rel}","templated":true}]}}