{"id":75861,"date":"2016-01-03T18:27:42","date_gmt":"2016-01-03T21:27:42","guid":{"rendered":"http:\/\/aconteceunovale.com.br\/portal\/?p=75861"},"modified":"2016-01-03T18:27:42","modified_gmt":"2016-01-03T21:27:42","slug":"belo-horizonte-e-florianopolis-tem-passagens-mais-caras-a-partir-deste-domingo","status":"publish","type":"post","link":"https:\/\/aconteceunovale.com.br\/portal\/?p=75861","title":{"rendered":"Belo Horizonte e Florian\u00f3polis t\u00eam passagens mais caras a partir deste domingo"},"content":{"rendered":"<p>Mais duas capitais &#8211; Belo Horizonte e Florian\u00f3polis &#8211; reajustaram as tarifas de transporte p\u00fablico e t\u00eam novos pre\u00e7os a partir de hoje (3\/1\/2016). Ontem (2), o reajuste entrou em vigor no Rio de Janeiro e em Salvador. Em S\u00e3o Paulo, a tarifa do transporte p\u00fablico urbano sobe a partir do dia 9.<\/p>\n<p>Na capital catarinense, o reajuste chegou a 11,94%, publicado em decreto no Di\u00e1rio Oficial do Estado no fim de dezembro. A passagem de \u00f4nibus subiu de R$ 3,10 para at\u00e9 R$ 3,50, no caso de pagamento em dinheiro. Para os usu\u00e1rios de bilhete eletr\u00f4nico (cart\u00e3o magn\u00e9tico), o novo valor ser\u00e1 R$ 3,34. O reajuste tamb\u00e9m afetou as tarifas sociais e de estudantes.<\/p>\n<p>Em Belo Horizonte, o reajuste, que entrou em vigor \u00e0 0h de hoje, foi de 8,45%. De acordo com a prefeitura da capital mineira, o aumento ficou abaixo da infla\u00e7\u00e3o medida pelo \u00cdndice Nacional de Pre\u00e7os ao Consumidor (INPC) no mesmo per\u00edodo do c\u00e1lculo tarif\u00e1rio, que alcan\u00e7ou 10,97%.<\/p>\n<p>Com o aumento, a tarifa principal dos \u00f4nibus da capital mineira subiu de R$ 3,40 para R$ 3,70. Segundo a prefeitura, 80% das linhas se enquadram nessa tarifa.<\/p>\n<p>J\u00e1 o sistema de transporte metropolitano da Grande Belo Horizonte teve reajuste m\u00e9dio de 12,89%, com aumento da tarifa principal de R$ 3,95 para R$ 4,45 tamb\u00e9m partir de hoje.<\/p>\n<p><strong>S\u00e3o Paulo<\/strong><\/p>\n<p>Na capital paulista, a tarifa de \u00f4nibus, metr\u00f4 e trem ser\u00e1 reajustada, a partir de 9 de janeiro, de R$ 3,50 para R$ 3,80, aumento de 8,57% para o bilhete \u00fanico.<\/p>\n<p>Segundo as secretarias Municipal de Transportes, respons\u00e1vel pelos \u00f4nibus municipais, e Estadual dos Transportes Metropolitanos, respons\u00e1vel pelo transporte dos metr\u00f4s e trens estaduais, \u201cmais da metade dos usu\u00e1rios do sistema de transportes (53%) n\u00e3o ser\u00e1 impactada pela mudan\u00e7a na tarifa unit\u00e1ria, porque s\u00e3o benefici\u00e1rios de gratuidades, usam bilhetes temporais, que n\u00e3o ter\u00e3o aumento, ou s\u00e3o trabalhadores que pagam o limite legal de 6% do sal\u00e1rio para o vale-transporte\u201d. (Ag\u00eancia Brasil)<\/p>\n","protected":false},"excerpt":{"rendered":"<p>Mais duas capitais &#8211; Belo Horizonte e Florian\u00f3polis &#8211; reajustaram as tarifas de transporte p\u00fablico e t\u00eam novos pre\u00e7os a partir de hoje (3\/1\/2016). Ontem (2), o reajuste entrou em vigor no Rio de Janeiro e em Salvador. Em S\u00e3o Paulo, a tarifa do transporte p\u00fablico urbano sobe a partir do dia 9. Na capital [&hellip;]<\/p>\n","protected":false},"author":1,"featured_media":75862,"comment_status":"open","ping_status":"closed","sticky":false,"template":"","format":"standard","meta":{"amp_status":"","footnotes":""},"categories":[6],"tags":[71985,194,71982,6116,71983,29899,71986,71984,35405,71987,71988],"class_list":["post-75861","post","type-post","status-publish","format-standard","has-post-thumbnail","hentry","category-br","tag-aumento-do-valor-de-passagens-em-belo-horizonte","tag-belo-horizonte","tag-belo-horizonte-e-florianopolis-tem-passagens-mais-caras-a-partir-deste-domingo","tag-inflacao","tag-passagens-mais-caras-em-belo-horizonte","tag-reajuste","tag-reajuste-das-tarifas-de-transporte-publico-em-belo-horizonte","tag-reajuste-passagens-em-belo-horizonte","tag-tarifas","tag-transporte-publico","tag-transporte-publico-belo-horizonte"],"_links":{"self":[{"href":"https:\/\/aconteceunovale.com.br\/portal\/index.php?rest_route=\/wp\/v2\/posts\/75861","targetHints":{"allow":["GET"]}}],"collection":[{"href":"https:\/\/aconteceunovale.com.br\/portal\/index.php?rest_route=\/wp\/v2\/posts"}],"about":[{"href":"https:\/\/aconteceunovale.com.br\/portal\/index.php?rest_route=\/wp\/v2\/types\/post"}],"author":[{"embeddable":true,"href":"https:\/\/aconteceunovale.com.br\/portal\/index.php?rest_route=\/wp\/v2\/users\/1"}],"replies":[{"embeddable":true,"href":"https:\/\/aconteceunovale.com.br\/portal\/index.php?rest_route=%2Fwp%2Fv2%2Fcomments&post=75861"}],"version-history":[{"count":0,"href":"https:\/\/aconteceunovale.com.br\/portal\/index.php?rest_route=\/wp\/v2\/posts\/75861\/revisions"}],"wp:featuredmedia":[{"embeddable":true,"href":"https:\/\/aconteceunovale.com.br\/portal\/index.php?rest_route=\/wp\/v2\/media\/75862"}],"wp:attachment":[{"href":"https:\/\/aconteceunovale.com.br\/portal\/index.php?rest_route=%2Fwp%2Fv2%2Fmedia&parent=75861"}],"wp:term":[{"taxonomy":"category","embeddable":true,"href":"https:\/\/aconteceunovale.com.br\/portal\/index.php?rest_route=%2Fwp%2Fv2%2Fcategories&post=75861"},{"taxonomy":"post_tag","embeddable":true,"href":"https:\/\/aconteceunovale.com.br\/portal\/index.php?rest_route=%2Fwp%2Fv2%2Ftags&post=75861"}],"curies":[{"name":"wp","href":"https:\/\/api.w.org\/{rel}","templated":true}]}}