{"id":75831,"date":"2016-01-02T18:16:33","date_gmt":"2016-01-02T21:16:33","guid":{"rendered":"http:\/\/aconteceunovale.com.br\/portal\/?p=75831"},"modified":"2016-01-02T18:16:33","modified_gmt":"2016-01-02T21:16:33","slug":"governo-de-minas-atrasa-pagamento-de-salario-dos-servidores","status":"publish","type":"post","link":"https:\/\/aconteceunovale.com.br\/portal\/?p=75831","title":{"rendered":"Governo de Minas atrasa pagamento de sal\u00e1rio dos servidores"},"content":{"rendered":"<p>Os servidores do Governo de Minas Gerais v\u00e3o come\u00e7ar 2016 com o sal\u00e1rio atrasado. Por meio de nota divulgada neste s\u00e1bado (2\/1\/2015), as secretaria de Planejamento e Gest\u00e3o e Fazenda informaram que os vencimentos referentes ao m\u00eas de dezembro de 2015 ser\u00e3o depositados somente no dia 13 de janeiro. <\/p>\n<p><em>&#8220;Informamos que o pagamento do sal\u00e1rio referente ao m\u00eas de dezembro de 2015 ser\u00e1 integralmente depositado no dia 13 de janeiro. Tal situa\u00e7\u00e3o se deve \u00e0s dificuldades financeiras ora enfrentadas pelo Estado de Minas Gerais, que registrou, sobretudo em 2015, forte redu\u00e7\u00e3o da arrecada\u00e7\u00e3o de ICMS, tal como o restante dos Estados brasileiros.<\/p>\n<p>O Governo de Minas segue realizando os esfor\u00e7os para controlar as despesas, estimular a arrecada\u00e7\u00e3o de tributos e implementar mudan\u00e7as administrativas, a fim de superar as atuais dificuldades financeiras e, principalmente, garantir a folha de remunera\u00e7\u00f5es dos servidores estaduais.<\/p>\n<p>Como tem feito desde o in\u00edcio da gest\u00e3o, o Governo continuar\u00e1 levando ao conhecimento da sociedade mineira, com total transpar\u00eancia, a situa\u00e7\u00e3o or\u00e7ament\u00e1ria do Estado de Minas Gerais e as medidas que se fizerem necess\u00e1rias para seu melhor enfrentamento. E, assim, conta com a compreens\u00e3o de todos diante do grande desafio em curso, enfrentado por todo o pa\u00eds, para regulariza\u00e7\u00e3o das finan\u00e7as estaduais.&#8221;<\/em>, informa a nota divulgada.<\/p>\n","protected":false},"excerpt":{"rendered":"<p>Os servidores do Governo de Minas Gerais v\u00e3o come\u00e7ar 2016 com o sal\u00e1rio atrasado. Por meio de nota divulgada neste s\u00e1bado (2\/1\/2015), as secretaria de Planejamento e Gest\u00e3o e Fazenda informaram que os vencimentos referentes ao m\u00eas de dezembro de 2015 ser\u00e3o depositados somente no dia 13 de janeiro. &#8220;Informamos que o pagamento do sal\u00e1rio [&hellip;]<\/p>\n","protected":false},"author":1,"featured_media":47727,"comment_status":"open","ping_status":"closed","sticky":false,"template":"","format":"standard","meta":{"amp_status":"","footnotes":""},"categories":[123],"tags":[71916,71921,71919,71915,71917,71920,71918],"class_list":["post-75831","post","type-post","status-publish","format-standard","has-post-thumbnail","hentry","category-gerais","tag-atraso-no-pagamento-de-salario-dos-servidores-de-minas-gerais","tag-atraso-no-pagamento-do-salario-dos-servidores-de-minas-gerais","tag-funcionarios-vao-receber-os-vencimentos-somente-no-dia-13-de-janeiro","tag-governo-de-minas-atrasa-pagamento-de-salario-dos-servidores","tag-pagamento-de-salario-dos-servidores-de-minas-gerais","tag-pagamento-do-salario-dos-servidores-de-minas-gerais","tag-servidores-do-governo-de-minas-gerais-vao-comecar-2016-com-o-salario-atrasado"],"_links":{"self":[{"href":"https:\/\/aconteceunovale.com.br\/portal\/index.php?rest_route=\/wp\/v2\/posts\/75831","targetHints":{"allow":["GET"]}}],"collection":[{"href":"https:\/\/aconteceunovale.com.br\/portal\/index.php?rest_route=\/wp\/v2\/posts"}],"about":[{"href":"https:\/\/aconteceunovale.com.br\/portal\/index.php?rest_route=\/wp\/v2\/types\/post"}],"author":[{"embeddable":true,"href":"https:\/\/aconteceunovale.com.br\/portal\/index.php?rest_route=\/wp\/v2\/users\/1"}],"replies":[{"embeddable":true,"href":"https:\/\/aconteceunovale.com.br\/portal\/index.php?rest_route=%2Fwp%2Fv2%2Fcomments&post=75831"}],"version-history":[{"count":0,"href":"https:\/\/aconteceunovale.com.br\/portal\/index.php?rest_route=\/wp\/v2\/posts\/75831\/revisions"}],"wp:featuredmedia":[{"embeddable":true,"href":"https:\/\/aconteceunovale.com.br\/portal\/index.php?rest_route=\/wp\/v2\/media\/47727"}],"wp:attachment":[{"href":"https:\/\/aconteceunovale.com.br\/portal\/index.php?rest_route=%2Fwp%2Fv2%2Fmedia&parent=75831"}],"wp:term":[{"taxonomy":"category","embeddable":true,"href":"https:\/\/aconteceunovale.com.br\/portal\/index.php?rest_route=%2Fwp%2Fv2%2Fcategories&post=75831"},{"taxonomy":"post_tag","embeddable":true,"href":"https:\/\/aconteceunovale.com.br\/portal\/index.php?rest_route=%2Fwp%2Fv2%2Ftags&post=75831"}],"curies":[{"name":"wp","href":"https:\/\/api.w.org\/{rel}","templated":true}]}}