{"id":75817,"date":"2016-01-01T18:24:19","date_gmt":"2016-01-01T21:24:19","guid":{"rendered":"http:\/\/aconteceunovale.com.br\/portal\/?p=75817"},"modified":"2016-01-01T18:24:19","modified_gmt":"2016-01-01T21:24:19","slug":"salario-minimo-de-r-880-vale-a-partir-de-hoje","status":"publish","type":"post","link":"https:\/\/aconteceunovale.com.br\/portal\/?p=75817","title":{"rendered":"Sal\u00e1rio m\u00ednimo de R$ 880 vale a partir de hoje"},"content":{"rendered":"<p>O sal\u00e1rio m\u00ednimo passa a valer R$ 880 a partir de hoje (1\u00ba). S\u00e3o R$ 92 a mais do que o valor anterior de R$ 788. O reajuste de 11,6% ter\u00e1 impacto direto para cerca de 40 milh\u00f5es de trabalhadores e aposentados que recebem o piso nacional e, segundo o Minist\u00e9rio do Planejamento, Or\u00e7amento e Gest\u00e3o, a medida\u00a0causar\u00e1 impacto de R$ 30,2 bilh\u00f5es\u00a0nas contas p\u00fablicas em 2016.<\/p>\n<p>O valor foi reajustado com base na infla\u00e7\u00e3o apurada pelo \u00cdndice Nacional de Pre\u00e7os ao Consumidor (INPC) acumulado nos 12 meses anteriores ao m\u00eas do reajuste. A f\u00f3rmula para o c\u00e1lculo leva tamb\u00e9m em conta a varia\u00e7\u00e3o do Produto Interno Bruto (PIB), soma de todas as riquezas do pa\u00eds, de dois anos anteriores.<\/p>\n<p>A regra de c\u00e1lculo do sal\u00e1rio m\u00ednimo \u00e9\u00a0<strong><a href=\"http:\/\/goo.gl\/nKkjVX\" target=\"_blank\">garantida por lei at\u00e9 2019<\/a><\/strong>, e o ministro da Fazenda, Nelson Barbosa, tem indicado que o governo n\u00e3o pretende fazer altera\u00e7\u00f5es na f\u00f3rmula. Na avalia\u00e7\u00e3o do coordenador de Rela\u00e7\u00f5es Sindicais do Departamento Intersindical de Estat\u00edstica e Estudos Socioecon\u00f4micos (Dieese), Jos\u00e9 Silvestre Prado de Oliveira, na conjuntura atual, em que a atividade econ\u00f4mica est\u00e1 em baixa, a regra em vigor \u00e9 ben\u00e9fica ao governo.<\/p>\n<p>&#8220;No momento, para o governo, essa f\u00f3rmula se encaixa bem no ajuste fiscal, porque reflete o PIB. O sal\u00e1rio m\u00ednimo a partir de janeiro de 2016 vai ter apenas o INPC, pois o crescimento do PIB em 2014 [per\u00edodo levado em conta para o c\u00e1lculo] foi de 0,1%. Ou seja, foi nulo.&#8221; Oliveira destaca que o valor do sal\u00e1rio m\u00ednimo est\u00e1 aqu\u00e9m das necessidades dos trabalhadores.<\/p>\n<p>A lei que\u00a0<strong><a href=\"http:\/\/goo.gl\/pv9JYV\" target=\"_blank\">criou o sal\u00e1rio m\u00ednimo<\/a><\/strong>\u00a0foi assinada em 1936, pelo ent\u00e3o presidente Get\u00falio Vargas. A legisla\u00e7\u00e3o definiu o valor como a remunera\u00e7\u00e3o m\u00ednima devida ao trabalhador, capaz de satisfazer suas necessidades de alimenta\u00e7\u00e3o, vestu\u00e1rio, habita\u00e7\u00e3o, higiene e transporte.<\/p>\n<p>Na pr\u00e1tica, entretanto, o m\u00ednimo n\u00e3o cobre todos os gastos de trabalhadores, como os da atendente Ana Carolina da Silva, de 19 anos, moradora de Sobradinho, no Distrito Federal (DF). Segundo ela, o sal\u00e1rio m\u00ednimo \u00e9 pouco para as despesas do m\u00eas. \u201cN\u00e3o supre minhas necessidades. Deveria ser pelo menos R$ 2 mil. Mesmo assim, o aumento, apesar de pouco, vai ajudar bastante&#8221;, diz.<\/p>\n<p>Um c\u00e1lculo do Dieese aponta mensalmente qual deveria ser o sal\u00e1rio m\u00ednimo para atender \u00e0s demandas b\u00e1sicas do trabalhador. &#8220;A gente faz essa estimativa com base no preceito constitucional&#8221;, explica Jos\u00e9 Silvestre Prado de Oliveira. De acordo com a medi\u00e7\u00e3o mais recente, relativa a novembro de 2015, o sal\u00e1rio m\u00ednimo deveria ter sido de R$ 3.399,22 no per\u00edodo. A metodologia usa crit\u00e9rios como a cesta b\u00e1sica de alimentos por regi\u00e3o e est\u00e1 dispon\u00edvel no\u00a0<strong><a href=\"http:\/\/goo.gl\/OuwCEV\" target=\"_blank\"><em>site<\/em>\u00a0do Dieese<\/a><\/strong>. A estimativa para dezembro ainda est\u00e1 sendo apurada.<\/p>\n<p>Moradora de \u00c1guas Lindas \u2013 cidade goiana no Entorno do Distrito Federal \u2013, Brenda Almeida do Nascimento, de 22 anos, recebe aux\u00edlio do governo e precisa da ajuda da m\u00e3e e de trabalhos extras para suprir as necessidades mensais. \u201cSeriam necess\u00e1rios mais de R$ 900 para suprir as necessidades. O aumento deveria ser de pelo menos R$ 150, porque n\u00e3o adianta aumentar s\u00f3 isso e aumentar arroz, feij\u00e3o, luz. Ningu\u00e9m se contenta com esse valor, preciso do apoio da minha m\u00e3e e trabalhar por fora pra conseguir pagar meu aluguel e a luz&#8221;, conta.<\/p>\n<p>A auxiliar de servi\u00e7os gerais Jacilene Cardoso Santos, de 46 anos, mora em Ceil\u00e2ndia, no DF, e considera tamb\u00e9m o aumento insuficiente. \u201cO sal\u00e1rio \u00e9 baixo, o justo eles nunca v\u00e3o pagar, mas deveria ser de pelo menos uns R$ 1,3 mil para ajudar. O aumento n\u00e3o vai ajudar muito, porque quando voc\u00ea vai ao mercado est\u00e1 tudo mais caro e acaba ficando a mesma coisa. N\u00e3o supre as necessidades, principalmente para quem tem filhos.\u201d (Ag\u00eancia Brasil)<\/p>\n","protected":false},"excerpt":{"rendered":"<p>O sal\u00e1rio m\u00ednimo passa a valer R$ 880 a partir de hoje (1\u00ba). S\u00e3o R$ 92 a mais do que o valor anterior de R$ 788. O reajuste de 11,6% ter\u00e1 impacto direto para cerca de 40 milh\u00f5es de trabalhadores e aposentados que recebem o piso nacional e, segundo o Minist\u00e9rio do Planejamento, Or\u00e7amento e [&hellip;]<\/p>\n","protected":false},"author":1,"featured_media":75621,"comment_status":"open","ping_status":"closed","sticky":false,"template":"","format":"standard","meta":{"amp_status":"","footnotes":""},"categories":[6],"tags":[21822,28253,57639,26448,71539,71895,71894,35501],"class_list":["post-75817","post","type-post","status-publish","format-standard","has-post-thumbnail","hentry","category-br","tag-dieese","tag-novo-salario-minimo","tag-novo-valor-do-salario-minimo","tag-salario-minimo","tag-salario-minimo-2016","tag-salario-minimo-de-r-880","tag-salario-minimo-de-r-880-vale-a-partir-de-hoje","tag-trabalhador"],"_links":{"self":[{"href":"https:\/\/aconteceunovale.com.br\/portal\/index.php?rest_route=\/wp\/v2\/posts\/75817","targetHints":{"allow":["GET"]}}],"collection":[{"href":"https:\/\/aconteceunovale.com.br\/portal\/index.php?rest_route=\/wp\/v2\/posts"}],"about":[{"href":"https:\/\/aconteceunovale.com.br\/portal\/index.php?rest_route=\/wp\/v2\/types\/post"}],"author":[{"embeddable":true,"href":"https:\/\/aconteceunovale.com.br\/portal\/index.php?rest_route=\/wp\/v2\/users\/1"}],"replies":[{"embeddable":true,"href":"https:\/\/aconteceunovale.com.br\/portal\/index.php?rest_route=%2Fwp%2Fv2%2Fcomments&post=75817"}],"version-history":[{"count":0,"href":"https:\/\/aconteceunovale.com.br\/portal\/index.php?rest_route=\/wp\/v2\/posts\/75817\/revisions"}],"wp:featuredmedia":[{"embeddable":true,"href":"https:\/\/aconteceunovale.com.br\/portal\/index.php?rest_route=\/wp\/v2\/media\/75621"}],"wp:attachment":[{"href":"https:\/\/aconteceunovale.com.br\/portal\/index.php?rest_route=%2Fwp%2Fv2%2Fmedia&parent=75817"}],"wp:term":[{"taxonomy":"category","embeddable":true,"href":"https:\/\/aconteceunovale.com.br\/portal\/index.php?rest_route=%2Fwp%2Fv2%2Fcategories&post=75817"},{"taxonomy":"post_tag","embeddable":true,"href":"https:\/\/aconteceunovale.com.br\/portal\/index.php?rest_route=%2Fwp%2Fv2%2Ftags&post=75817"}],"curies":[{"name":"wp","href":"https:\/\/api.w.org\/{rel}","templated":true}]}}