{"id":75633,"date":"2015-12-29T18:13:22","date_gmt":"2015-12-29T21:13:22","guid":{"rendered":"http:\/\/aconteceunovale.com.br\/portal\/?p=75633"},"modified":"2015-12-29T18:14:43","modified_gmt":"2015-12-29T21:14:43","slug":"carreta-carregada-com-madeira-pega-fogo-na-br-116-no-vale-do-jequitinhonha","status":"publish","type":"post","link":"https:\/\/aconteceunovale.com.br\/portal\/?p=75633","title":{"rendered":"Carreta carregada com madeira pega fogo na BR-116, no Vale do Jequitinhonha"},"content":{"rendered":"<p>Uma carreta que transportava toras de eucalipto pegou fogo no in\u00edcio da tarde desta ter\u00e7a-feira (29\/12) no quil\u00f4metro 94 da BR-116, pr\u00f3ximo a Medina, na regi\u00e3o do Vale do Jequitinhonha. O motorista da carreta n\u00e3o se feriu.<\/p>\n<p>Segundo a Pol\u00edcia Rodovi\u00e1ria Federal (PRF), o inc\u00eandio pode ter come\u00e7ado devido a uma sobrecarga nos freios, uma vez que o ve\u00edculo carregado descia um trecho \u00edngreme.  <\/p>\n<p>Ainda de acordo com o PRF, o motorista conseguiu levar a carga para o acostamento e a desconectou da parte dianteira do ve\u00edculo, de modo que o tr\u00e2nsito n\u00e3o precisou ser interrompido. No entanto, por medida de seguran\u00e7a, o fluxo seguiu em apenas uma via. <\/p>\n<p><img decoding=\"async\" src=\"http:\/\/aconteceunovale.com.br\/portal\/wp-content\/uploads\/2015\/12\/carga_queimada_116.jpg\" alt=\"\" \/><em>Carga pegou fogo no km 94 da BR-116 &#8211; Foto: Micharles Almeida<\/em><br \/>\n<\/br><\/p>\n<p><em>(Fonte: Inter TV dos Vales \/ G1)<\/em><\/p>\n","protected":false},"excerpt":{"rendered":"<p>Uma carreta que transportava toras de eucalipto pegou fogo no in\u00edcio da tarde desta ter\u00e7a-feira (29\/12) no quil\u00f4metro 94 da BR-116, pr\u00f3ximo a Medina, na regi\u00e3o do Vale do Jequitinhonha. O motorista da carreta n\u00e3o se feriu. Segundo a Pol\u00edcia Rodovi\u00e1ria Federal (PRF), o inc\u00eandio pode ter come\u00e7ado devido a uma sobrecarga nos freios, uma [&hellip;]<\/p>\n","protected":false},"author":1,"featured_media":75634,"comment_status":"open","ping_status":"closed","sticky":false,"template":"","format":"standard","meta":{"amp_status":"","footnotes":""},"categories":[120],"tags":[71565,71567,71566,71564,71563,71561,71562,71560,389,541],"class_list":["post-75633","post","type-post","status-publish","format-standard","has-post-thumbnail","hentry","category-jequi","tag-carreta-carregada-com-madeira-pega-fogo-na-br-116","tag-carreta-carregada-com-madeira-pega-fogo-na-br-116-em-medina","tag-carreta-carregada-com-madeira-pega-fogo-na-br-116-no-vale-do-jequitinhonha","tag-carreta-de-eucalipto-pega-fogo-em-medina","tag-carreta-de-eucalipto-pega-fogo-na-br-116","tag-carreta-pega-fogo-em-medina","tag-carreta-pega-fogo-na-br-116","tag-carreta-pega-fogo-na-br-116-em-medina","tag-medina","tag-no-vale-do-jequitinhonha"],"_links":{"self":[{"href":"https:\/\/aconteceunovale.com.br\/portal\/index.php?rest_route=\/wp\/v2\/posts\/75633","targetHints":{"allow":["GET"]}}],"collection":[{"href":"https:\/\/aconteceunovale.com.br\/portal\/index.php?rest_route=\/wp\/v2\/posts"}],"about":[{"href":"https:\/\/aconteceunovale.com.br\/portal\/index.php?rest_route=\/wp\/v2\/types\/post"}],"author":[{"embeddable":true,"href":"https:\/\/aconteceunovale.com.br\/portal\/index.php?rest_route=\/wp\/v2\/users\/1"}],"replies":[{"embeddable":true,"href":"https:\/\/aconteceunovale.com.br\/portal\/index.php?rest_route=%2Fwp%2Fv2%2Fcomments&post=75633"}],"version-history":[{"count":0,"href":"https:\/\/aconteceunovale.com.br\/portal\/index.php?rest_route=\/wp\/v2\/posts\/75633\/revisions"}],"wp:featuredmedia":[{"embeddable":true,"href":"https:\/\/aconteceunovale.com.br\/portal\/index.php?rest_route=\/wp\/v2\/media\/75634"}],"wp:attachment":[{"href":"https:\/\/aconteceunovale.com.br\/portal\/index.php?rest_route=%2Fwp%2Fv2%2Fmedia&parent=75633"}],"wp:term":[{"taxonomy":"category","embeddable":true,"href":"https:\/\/aconteceunovale.com.br\/portal\/index.php?rest_route=%2Fwp%2Fv2%2Fcategories&post=75633"},{"taxonomy":"post_tag","embeddable":true,"href":"https:\/\/aconteceunovale.com.br\/portal\/index.php?rest_route=%2Fwp%2Fv2%2Ftags&post=75633"}],"curies":[{"name":"wp","href":"https:\/\/api.w.org\/{rel}","templated":true}]}}